{"id":1021,"date":"2026-03-24T20:17:36","date_gmt":"2026-03-25T02:17:36","guid":{"rendered":"https:\/\/elcontemporaneo.mx\/?p=1021"},"modified":"2026-03-27T17:55:01","modified_gmt":"2026-03-27T23:55:01","slug":"cumple-ana-torroja-su-sueno-con-se-ha-acabado-el-show","status":"publish","type":"post","link":"https:\/\/elcontemporaneo.mx\/index.php\/2026\/03\/24\/cumple-ana-torroja-su-sueno-con-se-ha-acabado-el-show\/","title":{"rendered":"Cumple Ana Torroja sue\u00f1o con \u201cSe ha acabado el show\u201d"},"content":{"rendered":"<p><iframe loading=\"lazy\" title=\"YouTube video player\" src=\"https:\/\/www.youtube.com\/embed\/EJGXer-YExI?si=lX2P1eEJY3EG3c7Y\" width=\"560\" height=\"315\" frameborder=\"0\" allowfullscreen=\"allowfullscreen\"><\/iframe><\/p>\n<p><span style=\"font-weight: 400;\">Aunque Ana Torroja pens\u00f3 que su deseo que escribi\u00f3 en un papel all\u00e1 por los a\u00f1os 80 no se cumplir\u00eda, hoy puede demostrar que s\u00ed lo logr\u00f3 y public\u00f3 un disco compuesto por ella.<\/span><\/p>\n<p><span style=\"font-weight: 400;\">\u201cSe ha acabado el show\u201d es su nuevo \u00e1lbum, en el cual muestra una etapa m\u00e1s libre, \u00edntima y luminosa. \u201c<\/span><span style=\"font-weight: 400;\">En este disco me he dejado la piel y el alma. He ido abriendo puertas que llevaban cerradas mucho tiempo\u201d, explic\u00f3.<\/span><\/p>\n<p><span style=\"font-weight: 400;\">\u201cSe ha acabado el show\u201d, \u201cLa maleta\u201d, \u201cA veces\u201d y \u201cRosa del desierto\u201d son algunos temas que conforman el \u00e1lbum. Asimismo, destaca la colaboraci\u00f3n con Esteman, artista colombiano, en \u201cProblemas de conversaci\u00f3n\u201d, donde aporta un matiz especial al proyecto gracias a la fusi\u00f3n de estilos y la qu\u00edmica art\u00edstica entre ambos.<\/span><\/p>\n<p><img loading=\"lazy\" decoding=\"async\" class=\"aligncenter wp-image-1023 size-large\" src=\"https:\/\/elcontemporaneo.mx\/wp-content\/uploads\/2026\/03\/PORTADA-OFICIAL-_1_-1024x1024.webp\" alt=\"\" width=\"1024\" height=\"1024\" srcset=\"https:\/\/elcontemporaneo.mx\/wp-content\/uploads\/2026\/03\/PORTADA-OFICIAL-_1_-1024x1024.webp 1024w, https:\/\/elcontemporaneo.mx\/wp-content\/uploads\/2026\/03\/PORTADA-OFICIAL-_1_-300x300.webp 300w, https:\/\/elcontemporaneo.mx\/wp-content\/uploads\/2026\/03\/PORTADA-OFICIAL-_1_-150x150.webp 150w, https:\/\/elcontemporaneo.mx\/wp-content\/uploads\/2026\/03\/PORTADA-OFICIAL-_1_-768x768.webp 768w, https:\/\/elcontemporaneo.mx\/wp-content\/uploads\/2026\/03\/PORTADA-OFICIAL-_1_-1536x1536.webp 1536w, https:\/\/elcontemporaneo.mx\/wp-content\/uploads\/2026\/03\/PORTADA-OFICIAL-_1_-2048x2048.webp 2048w\" sizes=\"auto, (max-width: 1024px) 100vw, 1024px\" \/>\u00a0 \u00a0<span style=\"font-weight: 400;\">\u201c<\/span><i><span style=\"font-weight: 400;\">Problemas de Conversaci\u00f3n<\/span><\/i><span style=\"font-weight: 400;\"> habla de esos momentos en los que una emoci\u00f3n aparece sin previo aviso, y lo desordena todo. Una llamada inesperada, una mirada, una palabra mal interpretada pueden llevar a una sensaci\u00f3n extra\u00f1a en el coraz\u00f3n\u201d, explic\u00f3 la artista espa\u00f1ola.\u00a0<\/span><\/p>\n<p><span style=\"font-weight: 400;\">Junto a Samura\u00ef, Ra\u00fal G\u00f3mez, Liam Garner, Diego Ortega, Claudia Brant, Andr\u00e9s Levin, \u00d3scar Ferrer, Alba Morena, Esteman, Ximena Sari\u00f1ana, Pambo y Patricio D\u00e1vila , dieron forma a un repertorio que naci\u00f3 de conversaciones improvisadas, encuentros inesperados y emociones compartidas. De ah\u00ed surgieron diez canciones, diez historias de vida que representan y definen a Ana Torroja.<\/span><\/p>\n<p><span style=\"font-weight: 400;\">Este lanzamiento, disponible en plataformas digitales, es acompa\u00f1ado de una gira que pasar\u00e1 por Madrid, Valencia, M\u00e9rida, Toledo, Barcelona, y varias plazas internacionales como Chile, M\u00e9xico y Colombia.<\/span><\/p>\n<p><span style=\"font-weight: 400;\">Entradas disponibles en <\/span><a href=\"https:\/\/www.anatorrojamusic.com\/\"><span style=\"font-weight: 400;\">https:\/\/www.anatorrojamusic.com\/<\/span><\/a><\/p>\n","protected":false},"excerpt":{"rendered":"<p>Aunque Ana Torroja pens\u00f3 que su deseo que escribi\u00f3 en un papel all\u00e1 por los a\u00f1os 80 no se cumplir\u00eda, hoy puede demostrar que s\u00ed lo logr\u00f3 y public\u00f3 un disco compuesto por ella. \u201cSe ha acabado el show\u201d es su nuevo \u00e1lbum, en el cual muestra una etapa m\u00e1s libre, \u00edntima y luminosa. \u201cEn [&hellip;]<\/p>\n","protected":false},"author":2,"featured_media":0,"comment_status":"open","ping_status":"open","sticky":false,"template":"","format":"standard","meta":{"site-sidebar-layout":"default","site-content-layout":"","ast-site-content-layout":"default","site-content-style":"default","site-sidebar-style":"default","ast-global-header-display":"","ast-banner-title-visibility":"","ast-main-header-display":"","ast-hfb-above-header-display":"","ast-hfb-below-header-display":"","ast-hfb-mobile-header-display":"","site-post-title":"","ast-breadcrumbs-content":"","ast-featured-img":"","footer-sml-layout":"","ast-disable-related-posts":"","theme-transparent-header-meta":"default","adv-header-id-meta":"","stick-header-meta":"","header-above-stick-meta":"","header-main-stick-meta":"","header-below-stick-meta":"","astra-migrate-meta-layouts":"set","ast-page-background-enabled":"default","ast-page-background-meta":{"desktop":{"background-color":"var(--ast-global-color-4)","background-image":"","background-repeat":"repeat","background-position":"center center","background-size":"auto","background-attachment":"scroll","background-type":"","background-media":"","overlay-type":"","overlay-color":"","overlay-opacity":"","overlay-gradient":""},"tablet":{"background-color":"","background-image":"","background-repeat":"repeat","background-position":"center center","background-size":"auto","background-attachment":"scroll","background-type":"","background-media":"","overlay-type":"","overlay-color":"","overlay-opacity":"","overlay-gradient":""},"mobile":{"background-color":"","background-image":"","background-repeat":"repeat","background-position":"center center","background-size":"auto","background-attachment":"scroll","background-type":"","background-media":"","overlay-type":"","overlay-color":"","overlay-opacity":"","overlay-gradient":""}},"ast-content-background-meta":{"desktop":{"background-color":"var(--ast-global-color-5)","background-image":"","background-repeat":"repeat","background-position":"center center","background-size":"auto","background-attachment":"scroll","background-type":"","background-media":"","overlay-type":"","overlay-color":"","overlay-opacity":"","overlay-gradient":""},"tablet":{"background-color":"var(--ast-global-color-5)","background-image":"","background-repeat":"repeat","background-position":"center center","background-size":"auto","background-attachment":"scroll","background-type":"","background-media":"","overlay-type":"","overlay-color":"","overlay-opacity":"","overlay-gradient":""},"mobile":{"background-color":"var(--ast-global-color-5)","background-image":"","background-repeat":"repeat","background-position":"center center","background-size":"auto","background-attachment":"scroll","background-type":"","background-media":"","overlay-type":"","overlay-color":"","overlay-opacity":"","overlay-gradient":""}},"footnotes":""},"categories":[6],"tags":[],"columnista":[],"class_list":["post-1021","post","type-post","status-publish","format-standard","hentry","category-estilo-de-vida"],"_links":{"self":[{"href":"https:\/\/elcontemporaneo.mx\/index.php\/wp-json\/wp\/v2\/posts\/1021","targetHints":{"allow":["GET"]}}],"collection":[{"href":"https:\/\/elcontemporaneo.mx\/index.php\/wp-json\/wp\/v2\/posts"}],"about":[{"href":"https:\/\/elcontemporaneo.mx\/index.php\/wp-json\/wp\/v2\/types\/post"}],"author":[{"embeddable":true,"href":"https:\/\/elcontemporaneo.mx\/index.php\/wp-json\/wp\/v2\/users\/2"}],"replies":[{"embeddable":true,"href":"https:\/\/elcontemporaneo.mx\/index.php\/wp-json\/wp\/v2\/comments?post=1021"}],"version-history":[{"count":6,"href":"https:\/\/elcontemporaneo.mx\/index.php\/wp-json\/wp\/v2\/posts\/1021\/revisions"}],"predecessor-version":[{"id":1045,"href":"https:\/\/elcontemporaneo.mx\/index.php\/wp-json\/wp\/v2\/posts\/1021\/revisions\/1045"}],"wp:attachment":[{"href":"https:\/\/elcontemporaneo.mx\/index.php\/wp-json\/wp\/v2\/media?parent=1021"}],"wp:term":[{"taxonomy":"category","embeddable":true,"href":"https:\/\/elcontemporaneo.mx\/index.php\/wp-json\/wp\/v2\/categories?post=1021"},{"taxonomy":"post_tag","embeddable":true,"href":"https:\/\/elcontemporaneo.mx\/index.php\/wp-json\/wp\/v2\/tags?post=1021"},{"taxonomy":"columnista","embeddable":true,"href":"https:\/\/elcontemporaneo.mx\/index.php\/wp-json\/wp\/v2\/columnista?post=1021"}],"curies":[{"name":"wp","href":"https:\/\/api.w.org\/{rel}","templated":true}]}}