{"id":1063,"date":"2026-04-08T18:40:13","date_gmt":"2026-04-09T00:40:13","guid":{"rendered":"https:\/\/elcontemporaneo.mx\/?p=1063"},"modified":"2026-04-08T18:50:16","modified_gmt":"2026-04-09T00:50:16","slug":"alfredo-jair-ortega-medrano-transforma-la-neblina-de-xalapa-en-una-saga-neogotica-de-culto","status":"publish","type":"post","link":"https:\/\/elcontemporaneo.mx\/index.php\/2026\/04\/08\/alfredo-jair-ortega-medrano-transforma-la-neblina-de-xalapa-en-una-saga-neogotica-de-culto\/","title":{"rendered":"Alfredo Jair Ortega Medrano: transforma la neblina de Xalapa en una saga neog\u00f3tica de culto"},"content":{"rendered":"<p><img loading=\"lazy\" decoding=\"async\" class=\"aligncenter wp-image-1068 size-full\" src=\"https:\/\/elcontemporaneo.mx\/wp-content\/uploads\/2026\/04\/WhatsApp-Image-2026-04-08-at-6.06.14-PM.webp\" alt=\"\" width=\"768\" height=\"512\" srcset=\"https:\/\/elcontemporaneo.mx\/wp-content\/uploads\/2026\/04\/WhatsApp-Image-2026-04-08-at-6.06.14-PM.webp 768w, https:\/\/elcontemporaneo.mx\/wp-content\/uploads\/2026\/04\/WhatsApp-Image-2026-04-08-at-6.06.14-PM-300x200.webp 300w\" sizes=\"auto, (max-width: 768px) 100vw, 768px\" \/><\/p>\n<p><span style=\"font-weight: 400;\">En el coraz\u00f3n de la &#8220;Ciudad de las Flores&#8221; (Xalapa), donde la neblina suele ser s\u00f3lo un fen\u00f3meno clim\u00e1tico, Jair Ram\u00edrez Medrano, escritor y m\u00fasico veracruzano, encontr\u00f3 la materia prima para edificar uno de los universos literarios m\u00e1s ambiciosos de la fantas\u00eda urbana contempor\u00e1nea: la saga &#8220;Guerreros de la Paz&#8221;.<\/span><\/p>\n<p><span style=\"font-weight: 400;\">Su primera entrega, <\/span><b>7.V.O.R. Ciudad de las Flores: Neblina<\/b><span style=\"font-weight: 400;\">, comenz\u00f3 a captar la atenci\u00f3n de los lectores por su arriesgada apuesta est\u00e9tica: el &#8220;Neog\u00f3tico Veracruzano&#8221;.\u00a0<\/span><\/p>\n<p><span style=\"font-weight: 400;\">La historia nos presenta a Andr\u00e9s Ferreira, un joven que, tras un tr\u00e1gico accidente a\u00e9reo, despierta en una Xalapa dist\u00f3pica donde el cielo ha sido devorado por una bruma eterna y criaturas m\u00edsticas conocidas como Swarms, quienes acechan en cada esquina.<\/span><\/p>\n<p><img loading=\"lazy\" decoding=\"async\" class=\"aligncenter wp-image-1067 size-full\" src=\"https:\/\/elcontemporaneo.mx\/wp-content\/uploads\/2026\/04\/WhatsApp-Image-2026-04-08-at-5.54.21-PM.webp\" alt=\"\" width=\"649\" height=\"567\" srcset=\"https:\/\/elcontemporaneo.mx\/wp-content\/uploads\/2026\/04\/WhatsApp-Image-2026-04-08-at-5.54.21-PM.webp 649w, https:\/\/elcontemporaneo.mx\/wp-content\/uploads\/2026\/04\/WhatsApp-Image-2026-04-08-at-5.54.21-PM-300x262.webp 300w\" sizes=\"auto, (max-width: 649px) 100vw, 649px\" \/><\/p>\n<p><span style=\"font-weight: 400;\">&#8220;Busco que el lector reconozca las calles que camina, pero a trav\u00e9s de un lente de ciencia ficci\u00f3n y misticismo&#8221;, coment\u00f3 Jair Medrano, quien\u00a0 adem\u00e1s es m\u00fasico, y dot\u00f3 a su narrativa de una r\u00edtmica particular.<\/span><\/p>\n<p><span style=\"font-weight: 400;\">La obra no es solo un relato de supervivencia; es un estudio sobre el duelo y la &#8220;Energ\u00eda Let&#8221;, una fuerza m\u00edstica ligada a la voluntad que el protagonista debe aprender a dominar.\u00a0<\/span><\/p>\n<p><span style=\"font-weight: 400;\">Con una narrativa que recuerda a los cl\u00e1sicos del g\u00e9nero, pero con un sabor profundamente local, el autor ya trabaja en la expansi\u00f3n de este universo.<\/span><\/p>\n<p><img loading=\"lazy\" decoding=\"async\" class=\"aligncenter wp-image-1069 size-full\" src=\"https:\/\/elcontemporaneo.mx\/wp-content\/uploads\/2026\/04\/WhatsApp-Image-2026-04-08-at-6.06.56-PM.webp\" alt=\"\" width=\"481\" height=\"613\" srcset=\"https:\/\/elcontemporaneo.mx\/wp-content\/uploads\/2026\/04\/WhatsApp-Image-2026-04-08-at-6.06.56-PM.webp 481w, https:\/\/elcontemporaneo.mx\/wp-content\/uploads\/2026\/04\/WhatsApp-Image-2026-04-08-at-6.06.56-PM-235x300.webp 235w\" sizes=\"auto, (max-width: 481px) 100vw, 481px\" \/><\/p>\n<p><span style=\"font-weight: 400;\">Tras el primer arco en Xalapa, el escritor confirm\u00f3 que la secuela trasladar\u00e1 la acci\u00f3n al Puerto de Veracruz, donde los antiguos baluartes y el mar se convertir\u00e1n en el nuevo escenario de esta batalla por la paz.\u00a0<\/span><\/p>\n<p><span style=\"font-weight: 400;\">Con una s\u00f3lida base de seguidores y una visi\u00f3n art\u00edstica integral, Jair Ram\u00edrez Medrano se posiciona como una de las voces frescas y necesarias en la literatura de g\u00e9nero del sureste mexicano.<\/span><\/p>\n","protected":false},"excerpt":{"rendered":"<p>En el coraz\u00f3n de la &#8220;Ciudad de las Flores&#8221; (Xalapa), donde la neblina suele ser s\u00f3lo un fen\u00f3meno clim\u00e1tico, Jair Ram\u00edrez Medrano, escritor y m\u00fasico veracruzano, encontr\u00f3 la materia prima para edificar uno de los universos literarios m\u00e1s ambiciosos de la fantas\u00eda urbana contempor\u00e1nea: la saga &#8220;Guerreros de la Paz&#8221;. Su primera entrega, 7.V.O.R. Ciudad [&hellip;]<\/p>\n","protected":false},"author":2,"featured_media":0,"comment_status":"open","ping_status":"open","sticky":false,"template":"","format":"standard","meta":{"site-sidebar-layout":"default","site-content-layout":"","ast-site-content-layout":"default","site-content-style":"default","site-sidebar-style":"default","ast-global-header-display":"","ast-banner-title-visibility":"","ast-main-header-display":"","ast-hfb-above-header-display":"","ast-hfb-below-header-display":"","ast-hfb-mobile-header-display":"","site-post-title":"","ast-breadcrumbs-content":"","ast-featured-img":"","footer-sml-layout":"","ast-disable-related-posts":"","theme-transparent-header-meta":"default","adv-header-id-meta":"","stick-header-meta":"","header-above-stick-meta":"","header-main-stick-meta":"","header-below-stick-meta":"","astra-migrate-meta-layouts":"set","ast-page-background-enabled":"default","ast-page-background-meta":{"desktop":{"background-color":"var(--ast-global-color-4)","background-image":"","background-repeat":"repeat","background-position":"center center","background-size":"auto","background-attachment":"scroll","background-type":"","background-media":"","overlay-type":"","overlay-color":"","overlay-opacity":"","overlay-gradient":""},"tablet":{"background-color":"","background-image":"","background-repeat":"repeat","background-position":"center center","background-size":"auto","background-attachment":"scroll","background-type":"","background-media":"","overlay-type":"","overlay-color":"","overlay-opacity":"","overlay-gradient":""},"mobile":{"background-color":"","background-image":"","background-repeat":"repeat","background-position":"center center","background-size":"auto","background-attachment":"scroll","background-type":"","background-media":"","overlay-type":"","overlay-color":"","overlay-opacity":"","overlay-gradient":""}},"ast-content-background-meta":{"desktop":{"background-color":"var(--ast-global-color-5)","background-image":"","background-repeat":"repeat","background-position":"center center","background-size":"auto","background-attachment":"scroll","background-type":"","background-media":"","overlay-type":"","overlay-color":"","overlay-opacity":"","overlay-gradient":""},"tablet":{"background-color":"var(--ast-global-color-5)","background-image":"","background-repeat":"repeat","background-position":"center center","background-size":"auto","background-attachment":"scroll","background-type":"","background-media":"","overlay-type":"","overlay-color":"","overlay-opacity":"","overlay-gradient":""},"mobile":{"background-color":"var(--ast-global-color-5)","background-image":"","background-repeat":"repeat","background-position":"center center","background-size":"auto","background-attachment":"scroll","background-type":"","background-media":"","overlay-type":"","overlay-color":"","overlay-opacity":"","overlay-gradient":""}},"footnotes":""},"categories":[6],"tags":[],"columnista":[],"class_list":["post-1063","post","type-post","status-publish","format-standard","hentry","category-estilo-de-vida"],"_links":{"self":[{"href":"https:\/\/elcontemporaneo.mx\/index.php\/wp-json\/wp\/v2\/posts\/1063","targetHints":{"allow":["GET"]}}],"collection":[{"href":"https:\/\/elcontemporaneo.mx\/index.php\/wp-json\/wp\/v2\/posts"}],"about":[{"href":"https:\/\/elcontemporaneo.mx\/index.php\/wp-json\/wp\/v2\/types\/post"}],"author":[{"embeddable":true,"href":"https:\/\/elcontemporaneo.mx\/index.php\/wp-json\/wp\/v2\/users\/2"}],"replies":[{"embeddable":true,"href":"https:\/\/elcontemporaneo.mx\/index.php\/wp-json\/wp\/v2\/comments?post=1063"}],"version-history":[{"count":4,"href":"https:\/\/elcontemporaneo.mx\/index.php\/wp-json\/wp\/v2\/posts\/1063\/revisions"}],"predecessor-version":[{"id":1070,"href":"https:\/\/elcontemporaneo.mx\/index.php\/wp-json\/wp\/v2\/posts\/1063\/revisions\/1070"}],"wp:attachment":[{"href":"https:\/\/elcontemporaneo.mx\/index.php\/wp-json\/wp\/v2\/media?parent=1063"}],"wp:term":[{"taxonomy":"category","embeddable":true,"href":"https:\/\/elcontemporaneo.mx\/index.php\/wp-json\/wp\/v2\/categories?post=1063"},{"taxonomy":"post_tag","embeddable":true,"href":"https:\/\/elcontemporaneo.mx\/index.php\/wp-json\/wp\/v2\/tags?post=1063"},{"taxonomy":"columnista","embeddable":true,"href":"https:\/\/elcontemporaneo.mx\/index.php\/wp-json\/wp\/v2\/columnista?post=1063"}],"curies":[{"name":"wp","href":"https:\/\/api.w.org\/{rel}","templated":true}]}}