{"id":1089,"date":"2026-04-10T19:37:38","date_gmt":"2026-04-11T01:37:38","guid":{"rendered":"https:\/\/elcontemporaneo.mx\/?p=1089"},"modified":"2026-04-10T19:37:45","modified_gmt":"2026-04-11T01:37:45","slug":"leyendas-de-la-lucha-libre-una-coleccion-documental","status":"publish","type":"post","link":"https:\/\/elcontemporaneo.mx\/index.php\/2026\/04\/10\/leyendas-de-la-lucha-libre-una-coleccion-documental\/","title":{"rendered":"&#8220;Leyendas de la Lucha Libre&#8221;, una colecci\u00f3n documental"},"content":{"rendered":"<p><span style=\"font-weight: 400;\"><img loading=\"lazy\" decoding=\"async\" class=\"aligncenter wp-image-1092 size-large\" src=\"https:\/\/elcontemporaneo.mx\/wp-content\/uploads\/2026\/04\/unnamed-2-1024x682.webp\" alt=\"\" width=\"1024\" height=\"682\" srcset=\"https:\/\/elcontemporaneo.mx\/wp-content\/uploads\/2026\/04\/unnamed-2-1024x682.webp 1024w, https:\/\/elcontemporaneo.mx\/wp-content\/uploads\/2026\/04\/unnamed-2-300x200.webp 300w, https:\/\/elcontemporaneo.mx\/wp-content\/uploads\/2026\/04\/unnamed-2-768x512.webp 768w, https:\/\/elcontemporaneo.mx\/wp-content\/uploads\/2026\/04\/unnamed-2-1536x1023.webp 1536w, https:\/\/elcontemporaneo.mx\/wp-content\/uploads\/2026\/04\/unnamed-2.webp 1600w\" sizes=\"auto, (max-width: 1024px) 100vw, 1024px\" \/><\/span><\/p>\n<p><span style=\"font-weight: 400;\">La editorial RBA, en colaboraci\u00f3n con el Consejo Mundial de Lucha Libre (CMLL), presenta \u201cLeyendas de la Lucha Libre\u201d, una colecci\u00f3n documental para rescatar la memoria de las luchas.<\/span><\/p>\n<p><span style=\"font-weight: 400;\">La colecci\u00f3n est\u00e1 bajo la gu\u00eda de\u00a0 Christian Cymet, especialista en lucha libre mexicana y considerado el mayor coleccionista de m\u00e1scaras de luchadores.<\/span><\/p>\n<p><span style=\"font-weight: 400;\">Dentro de sus p\u00e1ginas, los lectores tendr\u00e1n una traves\u00eda de m\u00e1s de 90 a\u00f1os donde se revelan haza\u00f1as, secretos de cada lucha, y fotograf\u00edas legendarias que cautivar\u00e1n a chicos y grandes.<\/span><\/p>\n<p><img loading=\"lazy\" decoding=\"async\" class=\"aligncenter wp-image-1091 size-large\" src=\"https:\/\/elcontemporaneo.mx\/wp-content\/uploads\/2026\/04\/unnamed-_1_-1024x682.webp\" alt=\"\" width=\"1024\" height=\"682\" srcset=\"https:\/\/elcontemporaneo.mx\/wp-content\/uploads\/2026\/04\/unnamed-_1_-1024x682.webp 1024w, https:\/\/elcontemporaneo.mx\/wp-content\/uploads\/2026\/04\/unnamed-_1_-300x200.webp 300w, https:\/\/elcontemporaneo.mx\/wp-content\/uploads\/2026\/04\/unnamed-_1_-768x512.webp 768w, https:\/\/elcontemporaneo.mx\/wp-content\/uploads\/2026\/04\/unnamed-_1_-1536x1023.webp 1536w, https:\/\/elcontemporaneo.mx\/wp-content\/uploads\/2026\/04\/unnamed-_1_.webp 1600w\" sizes=\"auto, (max-width: 1024px) 100vw, 1024px\" \/><\/p>\n<p><span style=\"font-weight: 400;\">El primer tomo est\u00e1 enfocado a la lucha entre M\u00edstico y Black Warrior (2006), y se vender\u00e1 a 69 MXN. La segunda entrega, centrada en el duelo Rayo de Jalisco Jr. vs. Cien Caras, estar\u00e1 disponible 14 d\u00edas despu\u00e9s del lanzamiento a 219.90 MXN. El resto de la colecci\u00f3n mantendr\u00e1 una periodicidad catorcenal en puntos de venta como puestos de peri\u00f3dicos.<\/span><\/p>\n<p><span style=\"font-weight: 400;\">Para asegurar que los coleccionistas no se pierdan ning\u00fan ejemplar, la editorial RBA presenta el programa &#8220;Fasc\u00edculo Garantizado&#8221;. A partir del n\u00famero 5, la gente podr\u00e1 solicitar a su voceador el alta en este programa sin costo adicional para asegurar su reserva y entrega.<\/span><\/p>\n<p><img loading=\"lazy\" decoding=\"async\" class=\"aligncenter wp-image-1090 size-full\" src=\"https:\/\/elcontemporaneo.mx\/wp-content\/uploads\/2026\/04\/unnamed-1-1.webp\" alt=\"\" width=\"684\" height=\"710\" srcset=\"https:\/\/elcontemporaneo.mx\/wp-content\/uploads\/2026\/04\/unnamed-1-1.webp 684w, https:\/\/elcontemporaneo.mx\/wp-content\/uploads\/2026\/04\/unnamed-1-1-289x300.webp 289w\" sizes=\"auto, (max-width: 684px) 100vw, 684px\" \/><\/p>\n<p><span style=\"font-weight: 400;\">Con esta colecci\u00f3n de 60 libros RBA y el CMLL invitan a los aficionados a &#8220;subir al cuadril\u00e1tero&#8221; y preservar la memoria de los momentos m\u00e1s memorables de nuestra gran pasi\u00f3n y orgullo nacional.<\/span><\/p>\n","protected":false},"excerpt":{"rendered":"<p>La editorial RBA, en colaboraci\u00f3n con el Consejo Mundial de Lucha Libre (CMLL), presenta \u201cLeyendas de la Lucha Libre\u201d, una colecci\u00f3n documental para rescatar la memoria de las luchas. La colecci\u00f3n est\u00e1 bajo la gu\u00eda de\u00a0 Christian Cymet, especialista en lucha libre mexicana y considerado el mayor coleccionista de m\u00e1scaras de luchadores. Dentro de sus [&hellip;]<\/p>\n","protected":false},"author":2,"featured_media":0,"comment_status":"open","ping_status":"open","sticky":false,"template":"","format":"standard","meta":{"site-sidebar-layout":"default","site-content-layout":"","ast-site-content-layout":"default","site-content-style":"default","site-sidebar-style":"default","ast-global-header-display":"","ast-banner-title-visibility":"","ast-main-header-display":"","ast-hfb-above-header-display":"","ast-hfb-below-header-display":"","ast-hfb-mobile-header-display":"","site-post-title":"","ast-breadcrumbs-content":"","ast-featured-img":"","footer-sml-layout":"","ast-disable-related-posts":"","theme-transparent-header-meta":"default","adv-header-id-meta":"","stick-header-meta":"","header-above-stick-meta":"","header-main-stick-meta":"","header-below-stick-meta":"","astra-migrate-meta-layouts":"set","ast-page-background-enabled":"default","ast-page-background-meta":{"desktop":{"background-color":"var(--ast-global-color-4)","background-image":"","background-repeat":"repeat","background-position":"center center","background-size":"auto","background-attachment":"scroll","background-type":"","background-media":"","overlay-type":"","overlay-color":"","overlay-opacity":"","overlay-gradient":""},"tablet":{"background-color":"","background-image":"","background-repeat":"repeat","background-position":"center center","background-size":"auto","background-attachment":"scroll","background-type":"","background-media":"","overlay-type":"","overlay-color":"","overlay-opacity":"","overlay-gradient":""},"mobile":{"background-color":"","background-image":"","background-repeat":"repeat","background-position":"center center","background-size":"auto","background-attachment":"scroll","background-type":"","background-media":"","overlay-type":"","overlay-color":"","overlay-opacity":"","overlay-gradient":""}},"ast-content-background-meta":{"desktop":{"background-color":"var(--ast-global-color-5)","background-image":"","background-repeat":"repeat","background-position":"center center","background-size":"auto","background-attachment":"scroll","background-type":"","background-media":"","overlay-type":"","overlay-color":"","overlay-opacity":"","overlay-gradient":""},"tablet":{"background-color":"var(--ast-global-color-5)","background-image":"","background-repeat":"repeat","background-position":"center center","background-size":"auto","background-attachment":"scroll","background-type":"","background-media":"","overlay-type":"","overlay-color":"","overlay-opacity":"","overlay-gradient":""},"mobile":{"background-color":"var(--ast-global-color-5)","background-image":"","background-repeat":"repeat","background-position":"center center","background-size":"auto","background-attachment":"scroll","background-type":"","background-media":"","overlay-type":"","overlay-color":"","overlay-opacity":"","overlay-gradient":""}},"footnotes":""},"categories":[6],"tags":[],"columnista":[],"class_list":["post-1089","post","type-post","status-publish","format-standard","hentry","category-estilo-de-vida"],"_links":{"self":[{"href":"https:\/\/elcontemporaneo.mx\/index.php\/wp-json\/wp\/v2\/posts\/1089","targetHints":{"allow":["GET"]}}],"collection":[{"href":"https:\/\/elcontemporaneo.mx\/index.php\/wp-json\/wp\/v2\/posts"}],"about":[{"href":"https:\/\/elcontemporaneo.mx\/index.php\/wp-json\/wp\/v2\/types\/post"}],"author":[{"embeddable":true,"href":"https:\/\/elcontemporaneo.mx\/index.php\/wp-json\/wp\/v2\/users\/2"}],"replies":[{"embeddable":true,"href":"https:\/\/elcontemporaneo.mx\/index.php\/wp-json\/wp\/v2\/comments?post=1089"}],"version-history":[{"count":1,"href":"https:\/\/elcontemporaneo.mx\/index.php\/wp-json\/wp\/v2\/posts\/1089\/revisions"}],"predecessor-version":[{"id":1093,"href":"https:\/\/elcontemporaneo.mx\/index.php\/wp-json\/wp\/v2\/posts\/1089\/revisions\/1093"}],"wp:attachment":[{"href":"https:\/\/elcontemporaneo.mx\/index.php\/wp-json\/wp\/v2\/media?parent=1089"}],"wp:term":[{"taxonomy":"category","embeddable":true,"href":"https:\/\/elcontemporaneo.mx\/index.php\/wp-json\/wp\/v2\/categories?post=1089"},{"taxonomy":"post_tag","embeddable":true,"href":"https:\/\/elcontemporaneo.mx\/index.php\/wp-json\/wp\/v2\/tags?post=1089"},{"taxonomy":"columnista","embeddable":true,"href":"https:\/\/elcontemporaneo.mx\/index.php\/wp-json\/wp\/v2\/columnista?post=1089"}],"curies":[{"name":"wp","href":"https:\/\/api.w.org\/{rel}","templated":true}]}}