{"id":1101,"date":"2026-04-11T17:58:54","date_gmt":"2026-04-11T23:58:54","guid":{"rendered":"https:\/\/elcontemporaneo.mx\/?p=1101"},"modified":"2026-04-11T17:58:54","modified_gmt":"2026-04-11T23:58:54","slug":"homenaje-a-jose-revueltas-en-conversatorio","status":"publish","type":"post","link":"https:\/\/elcontemporaneo.mx\/index.php\/2026\/04\/11\/homenaje-a-jose-revueltas-en-conversatorio\/","title":{"rendered":"Homenaje a Jos\u00e9 Revueltas en conversatorio"},"content":{"rendered":"<p><span style=\"font-weight: 400;\">En el marco del 50 aniversario luctuoso del escritor mexicano Jos\u00e9 Revueltas, se llevar\u00e1 a cabo el conversatorio virtual *\u201cUn escritor imprescindible: aproximaci\u00f3n a Jos\u00e9 Revueltas\u201d*, el pr\u00f3ximo 13 de abril a las 17:00 horas, con transmisi\u00f3n a trav\u00e9s de Facebook de la Coordinaci\u00f3n Nacional de Literatura (CNL) y la Capilla Alfonsina.<\/span><\/p>\n<p><span style=\"font-weight: 400;\">El encuentro estar\u00e1 a cargo del escritor e investigador Alberto Enr\u00edquez Perea, con la presentaci\u00f3n de Javier Garciadiego, responsable de la Capilla Alfonsina. Durante la charla se analizar\u00e1 la vida y obra de Revueltas, reconocido por su influencia en la literatura mexicana y su pensamiento cr\u00edtico.<\/span><\/p>\n<p><span style=\"font-weight: 400;\">Asimismo, el conversatorio abordar\u00e1 las coincidencias y diferencias entre Revueltas y el escritor regiomontano Alfonso Reyes, figura clave en la cultura literaria del pa\u00eds.<\/span><\/p>\n<p><span style=\"font-weight: 400;\">Enr\u00edquez Perea destac\u00f3 que entre los interesados en la obra de Reyes se encontraba \u201cun hombre muy inteligente y brillante de las izquierdas mexicanas: Jos\u00e9 Revueltas\u201d, quien, pese a su juventud en comparaci\u00f3n con Reyes, fue un lector atento de su producci\u00f3n.<\/span><\/p>\n<p><span style=\"font-weight: 400;\">El investigador subray\u00f3 que una de las caracter\u00edsticas m\u00e1s relevantes de Revueltas era su apertura al di\u00e1logo con posturas distintas: \u201cRevueltas reconoc\u00eda la labor de quienes pensaban diferente, lo que explica su inter\u00e9s por la vida y obra de Alfonso Reyes\u201d.<\/span><\/p>\n","protected":false},"excerpt":{"rendered":"<p>En el marco del 50 aniversario luctuoso del escritor mexicano Jos\u00e9 Revueltas, se llevar\u00e1 a cabo el conversatorio virtual *\u201cUn escritor imprescindible: aproximaci\u00f3n a Jos\u00e9 Revueltas\u201d*, el pr\u00f3ximo 13 de abril a las 17:00 horas, con transmisi\u00f3n a trav\u00e9s de Facebook de la Coordinaci\u00f3n Nacional de Literatura (CNL) y la Capilla Alfonsina. El encuentro estar\u00e1 [&hellip;]<\/p>\n","protected":false},"author":2,"featured_media":0,"comment_status":"open","ping_status":"open","sticky":false,"template":"","format":"standard","meta":{"site-sidebar-layout":"default","site-content-layout":"","ast-site-content-layout":"default","site-content-style":"default","site-sidebar-style":"default","ast-global-header-display":"","ast-banner-title-visibility":"","ast-main-header-display":"","ast-hfb-above-header-display":"","ast-hfb-below-header-display":"","ast-hfb-mobile-header-display":"","site-post-title":"","ast-breadcrumbs-content":"","ast-featured-img":"","footer-sml-layout":"","ast-disable-related-posts":"","theme-transparent-header-meta":"default","adv-header-id-meta":"","stick-header-meta":"","header-above-stick-meta":"","header-main-stick-meta":"","header-below-stick-meta":"","astra-migrate-meta-layouts":"set","ast-page-background-enabled":"default","ast-page-background-meta":{"desktop":{"background-color":"var(--ast-global-color-4)","background-image":"","background-repeat":"repeat","background-position":"center center","background-size":"auto","background-attachment":"scroll","background-type":"","background-media":"","overlay-type":"","overlay-color":"","overlay-opacity":"","overlay-gradient":""},"tablet":{"background-color":"","background-image":"","background-repeat":"repeat","background-position":"center center","background-size":"auto","background-attachment":"scroll","background-type":"","background-media":"","overlay-type":"","overlay-color":"","overlay-opacity":"","overlay-gradient":""},"mobile":{"background-color":"","background-image":"","background-repeat":"repeat","background-position":"center center","background-size":"auto","background-attachment":"scroll","background-type":"","background-media":"","overlay-type":"","overlay-color":"","overlay-opacity":"","overlay-gradient":""}},"ast-content-background-meta":{"desktop":{"background-color":"var(--ast-global-color-5)","background-image":"","background-repeat":"repeat","background-position":"center center","background-size":"auto","background-attachment":"scroll","background-type":"","background-media":"","overlay-type":"","overlay-color":"","overlay-opacity":"","overlay-gradient":""},"tablet":{"background-color":"var(--ast-global-color-5)","background-image":"","background-repeat":"repeat","background-position":"center center","background-size":"auto","background-attachment":"scroll","background-type":"","background-media":"","overlay-type":"","overlay-color":"","overlay-opacity":"","overlay-gradient":""},"mobile":{"background-color":"var(--ast-global-color-5)","background-image":"","background-repeat":"repeat","background-position":"center center","background-size":"auto","background-attachment":"scroll","background-type":"","background-media":"","overlay-type":"","overlay-color":"","overlay-opacity":"","overlay-gradient":""}},"footnotes":""},"categories":[6],"tags":[],"columnista":[],"class_list":["post-1101","post","type-post","status-publish","format-standard","hentry","category-estilo-de-vida"],"_links":{"self":[{"href":"https:\/\/elcontemporaneo.mx\/index.php\/wp-json\/wp\/v2\/posts\/1101","targetHints":{"allow":["GET"]}}],"collection":[{"href":"https:\/\/elcontemporaneo.mx\/index.php\/wp-json\/wp\/v2\/posts"}],"about":[{"href":"https:\/\/elcontemporaneo.mx\/index.php\/wp-json\/wp\/v2\/types\/post"}],"author":[{"embeddable":true,"href":"https:\/\/elcontemporaneo.mx\/index.php\/wp-json\/wp\/v2\/users\/2"}],"replies":[{"embeddable":true,"href":"https:\/\/elcontemporaneo.mx\/index.php\/wp-json\/wp\/v2\/comments?post=1101"}],"version-history":[{"count":1,"href":"https:\/\/elcontemporaneo.mx\/index.php\/wp-json\/wp\/v2\/posts\/1101\/revisions"}],"predecessor-version":[{"id":1102,"href":"https:\/\/elcontemporaneo.mx\/index.php\/wp-json\/wp\/v2\/posts\/1101\/revisions\/1102"}],"wp:attachment":[{"href":"https:\/\/elcontemporaneo.mx\/index.php\/wp-json\/wp\/v2\/media?parent=1101"}],"wp:term":[{"taxonomy":"category","embeddable":true,"href":"https:\/\/elcontemporaneo.mx\/index.php\/wp-json\/wp\/v2\/categories?post=1101"},{"taxonomy":"post_tag","embeddable":true,"href":"https:\/\/elcontemporaneo.mx\/index.php\/wp-json\/wp\/v2\/tags?post=1101"},{"taxonomy":"columnista","embeddable":true,"href":"https:\/\/elcontemporaneo.mx\/index.php\/wp-json\/wp\/v2\/columnista?post=1101"}],"curies":[{"name":"wp","href":"https:\/\/api.w.org\/{rel}","templated":true}]}}