{"id":1117,"date":"2026-04-14T17:11:35","date_gmt":"2026-04-14T23:11:35","guid":{"rendered":"https:\/\/elcontemporaneo.mx\/?p=1117"},"modified":"2026-04-14T17:13:21","modified_gmt":"2026-04-14T23:13:21","slug":"propone-evelyn-sanchez-ley-para-textiles-indigenas","status":"publish","type":"post","link":"https:\/\/elcontemporaneo.mx\/index.php\/2026\/04\/14\/propone-evelyn-sanchez-ley-para-textiles-indigenas\/","title":{"rendered":"Propone Evelyn S\u00e1nchez ley para textiles ind\u00edgenas"},"content":{"rendered":"<p><img loading=\"lazy\" decoding=\"async\" class=\"aligncenter wp-image-1118 size-full\" src=\"https:\/\/elcontemporaneo.mx\/wp-content\/uploads\/2026\/04\/Evelyn-Sancjhez.webp\" alt=\"\" width=\"696\" height=\"418\" srcset=\"https:\/\/elcontemporaneo.mx\/wp-content\/uploads\/2026\/04\/Evelyn-Sancjhez.webp 696w, https:\/\/elcontemporaneo.mx\/wp-content\/uploads\/2026\/04\/Evelyn-Sancjhez-300x180.webp 300w\" sizes=\"auto, (max-width: 696px) 100vw, 696px\" \/><\/p>\n<p><b>Evelyn S\u00e1nchez S\u00e1nchez, diputada de Tijuana, <\/b><span style=\"font-weight: 400;\">present\u00f3\u00a0 ante el Congreso del Estado una iniciativa de reforma a la <\/span><b>Ley de Preservaci\u00f3n del Patrimonio Cultural de Baja California <\/b><span style=\"font-weight: 400;\">para otorgar <\/span><b>protecci\u00f3n jur\u00eddica a los dise\u00f1os textiles ind\u00edgenas <\/b><span style=\"font-weight: 400;\">y cerrar los vac\u00edos legales que permiten su plagio y explotaci\u00f3n\u00a0 comercial.\u00a0<\/span><\/p>\n<p><span style=\"font-weight: 400;\">La legisladora explic\u00f3 que <\/span><b>empresas nacionales e internacionales han reproducido y\u00a0 comercializado bordados, patrones y s\u00edmbolos tradicionales sin autorizaci\u00f3n ni beneficio\u00a0 para las comunidades que los crearon<\/b><span style=\"font-weight: 400;\">, situaci\u00f3n que ha sido denunciada en Oaxaca, Yucat\u00e1n, Puebla e Hidalgo.\u00a0<\/span><\/p>\n<p><img loading=\"lazy\" decoding=\"async\" class=\"aligncenter wp-image-1119 size-full\" src=\"https:\/\/elcontemporaneo.mx\/wp-content\/uploads\/2026\/04\/esw.png\" alt=\"\" width=\"790\" height=\"444\" srcset=\"https:\/\/elcontemporaneo.mx\/wp-content\/uploads\/2026\/04\/esw.png 790w, https:\/\/elcontemporaneo.mx\/wp-content\/uploads\/2026\/04\/esw-300x169.png 300w, https:\/\/elcontemporaneo.mx\/wp-content\/uploads\/2026\/04\/esw-768x432.png 768w\" sizes=\"auto, (max-width: 790px) 100vw, 790px\" \/><\/p>\n<p><span style=\"font-weight: 400;\">Esta iniciativa plantea <\/span><b>incorporar los \u201cdise\u00f1os textiles\u00a0 ind\u00edgenas\u201d al cat\u00e1logo de bienes protegidos por la legislaci\u00f3n estatal<\/b><span style=\"font-weight: 400;\">, y reconocerlos como parte del patrimonio cultural de Baja California.\u00a0 Estos dise\u00f1os son <\/span><b>todas las creaciones elaboradas mediante hilos, fibras o t\u00e9cnicas textiles por comunidades ind\u00edgenas nativas o asentadas en el estado.<\/b><\/p>\n<p><span style=\"font-weight: 400;\">La reforma tambi\u00e9n busca <\/span><b>armonizar la Ley de Preservaci\u00f3n del Patrimonio Cultural con la\u00a0 nueva Ley Org\u00e1nica del Poder Ejecutivo del Estado<\/b><span style=\"font-weight: 400;\">, publicada en 2021, con el prop\u00f3sito de\u00a0 actualizar las denominaciones de las dependencias y fortalecer el marco institucional encargado\u00a0 de la protecci\u00f3n cultural.<\/span><\/p>\n<p><img loading=\"lazy\" decoding=\"async\" class=\"aligncenter wp-image-1120 size-large\" src=\"https:\/\/elcontemporaneo.mx\/wp-content\/uploads\/2026\/04\/es-1024x576.webp\" alt=\"\" width=\"1024\" height=\"576\" srcset=\"https:\/\/elcontemporaneo.mx\/wp-content\/uploads\/2026\/04\/es-1024x576.webp 1024w, https:\/\/elcontemporaneo.mx\/wp-content\/uploads\/2026\/04\/es-300x169.webp 300w, https:\/\/elcontemporaneo.mx\/wp-content\/uploads\/2026\/04\/es-768x432.webp 768w, https:\/\/elcontemporaneo.mx\/wp-content\/uploads\/2026\/04\/es.webp 1280w\" sizes=\"auto, (max-width: 1024px) 100vw, 1024px\" \/><\/p>\n<p><span style=\"font-weight: 400;\">Entre los cambios propuestos se contempla que <\/span><b>las declaratorias y actos relacionados con el\u00a0 patrimonio cultural sean inscritos en el Registro P\u00fablico de la Propiedad y del Comercio<\/b><span style=\"font-weight: 400;\">,\u00a0 adem\u00e1s de fortalecer las facultades del <\/span><b>Instituto de Cultura del Estado <\/b><span style=\"font-weight: 400;\">para impulsar\u00a0 convenios, estrategias y mecanismos de protecci\u00f3n.<\/span><\/p>\n","protected":false},"excerpt":{"rendered":"<p>Evelyn S\u00e1nchez S\u00e1nchez, diputada de Tijuana, present\u00f3\u00a0 ante el Congreso del Estado una iniciativa de reforma a la Ley de Preservaci\u00f3n del Patrimonio Cultural de Baja California para otorgar protecci\u00f3n jur\u00eddica a los dise\u00f1os textiles ind\u00edgenas y cerrar los vac\u00edos legales que permiten su plagio y explotaci\u00f3n\u00a0 comercial.\u00a0 La legisladora explic\u00f3 que empresas nacionales e [&hellip;]<\/p>\n","protected":false},"author":2,"featured_media":0,"comment_status":"open","ping_status":"open","sticky":false,"template":"","format":"standard","meta":{"site-sidebar-layout":"default","site-content-layout":"","ast-site-content-layout":"default","site-content-style":"default","site-sidebar-style":"default","ast-global-header-display":"","ast-banner-title-visibility":"","ast-main-header-display":"","ast-hfb-above-header-display":"","ast-hfb-below-header-display":"","ast-hfb-mobile-header-display":"","site-post-title":"","ast-breadcrumbs-content":"","ast-featured-img":"","footer-sml-layout":"","ast-disable-related-posts":"","theme-transparent-header-meta":"default","adv-header-id-meta":"","stick-header-meta":"","header-above-stick-meta":"","header-main-stick-meta":"","header-below-stick-meta":"","astra-migrate-meta-layouts":"set","ast-page-background-enabled":"default","ast-page-background-meta":{"desktop":{"background-color":"var(--ast-global-color-4)","background-image":"","background-repeat":"repeat","background-position":"center center","background-size":"auto","background-attachment":"scroll","background-type":"","background-media":"","overlay-type":"","overlay-color":"","overlay-opacity":"","overlay-gradient":""},"tablet":{"background-color":"","background-image":"","background-repeat":"repeat","background-position":"center center","background-size":"auto","background-attachment":"scroll","background-type":"","background-media":"","overlay-type":"","overlay-color":"","overlay-opacity":"","overlay-gradient":""},"mobile":{"background-color":"","background-image":"","background-repeat":"repeat","background-position":"center center","background-size":"auto","background-attachment":"scroll","background-type":"","background-media":"","overlay-type":"","overlay-color":"","overlay-opacity":"","overlay-gradient":""}},"ast-content-background-meta":{"desktop":{"background-color":"var(--ast-global-color-5)","background-image":"","background-repeat":"repeat","background-position":"center center","background-size":"auto","background-attachment":"scroll","background-type":"","background-media":"","overlay-type":"","overlay-color":"","overlay-opacity":"","overlay-gradient":""},"tablet":{"background-color":"var(--ast-global-color-5)","background-image":"","background-repeat":"repeat","background-position":"center center","background-size":"auto","background-attachment":"scroll","background-type":"","background-media":"","overlay-type":"","overlay-color":"","overlay-opacity":"","overlay-gradient":""},"mobile":{"background-color":"var(--ast-global-color-5)","background-image":"","background-repeat":"repeat","background-position":"center center","background-size":"auto","background-attachment":"scroll","background-type":"","background-media":"","overlay-type":"","overlay-color":"","overlay-opacity":"","overlay-gradient":""}},"footnotes":""},"categories":[1],"tags":[],"columnista":[],"class_list":["post-1117","post","type-post","status-publish","format-standard","hentry","category-nacion"],"_links":{"self":[{"href":"https:\/\/elcontemporaneo.mx\/index.php\/wp-json\/wp\/v2\/posts\/1117","targetHints":{"allow":["GET"]}}],"collection":[{"href":"https:\/\/elcontemporaneo.mx\/index.php\/wp-json\/wp\/v2\/posts"}],"about":[{"href":"https:\/\/elcontemporaneo.mx\/index.php\/wp-json\/wp\/v2\/types\/post"}],"author":[{"embeddable":true,"href":"https:\/\/elcontemporaneo.mx\/index.php\/wp-json\/wp\/v2\/users\/2"}],"replies":[{"embeddable":true,"href":"https:\/\/elcontemporaneo.mx\/index.php\/wp-json\/wp\/v2\/comments?post=1117"}],"version-history":[{"count":1,"href":"https:\/\/elcontemporaneo.mx\/index.php\/wp-json\/wp\/v2\/posts\/1117\/revisions"}],"predecessor-version":[{"id":1121,"href":"https:\/\/elcontemporaneo.mx\/index.php\/wp-json\/wp\/v2\/posts\/1117\/revisions\/1121"}],"wp:attachment":[{"href":"https:\/\/elcontemporaneo.mx\/index.php\/wp-json\/wp\/v2\/media?parent=1117"}],"wp:term":[{"taxonomy":"category","embeddable":true,"href":"https:\/\/elcontemporaneo.mx\/index.php\/wp-json\/wp\/v2\/categories?post=1117"},{"taxonomy":"post_tag","embeddable":true,"href":"https:\/\/elcontemporaneo.mx\/index.php\/wp-json\/wp\/v2\/tags?post=1117"},{"taxonomy":"columnista","embeddable":true,"href":"https:\/\/elcontemporaneo.mx\/index.php\/wp-json\/wp\/v2\/columnista?post=1117"}],"curies":[{"name":"wp","href":"https:\/\/api.w.org\/{rel}","templated":true}]}}