{"id":1169,"date":"2026-04-19T00:21:13","date_gmt":"2026-04-19T06:21:13","guid":{"rendered":"https:\/\/elcontemporaneo.mx\/?p=1169"},"modified":"2026-04-19T00:21:13","modified_gmt":"2026-04-19T06:21:13","slug":"chao-la-sirena-pronto-en-cines-mexicanos","status":"publish","type":"post","link":"https:\/\/elcontemporaneo.mx\/index.php\/2026\/04\/19\/chao-la-sirena-pronto-en-cines-mexicanos\/","title":{"rendered":"CHAO: LA SIRENA, pronto en cines mexicanos"},"content":{"rendered":"<p><img loading=\"lazy\" decoding=\"async\" class=\"aligncenter wp-image-1172 size-large\" src=\"https:\/\/elcontemporaneo.mx\/wp-content\/uploads\/2026\/04\/unnamed-_1_-3-1024x566.webp\" alt=\"\" width=\"1024\" height=\"566\" srcset=\"https:\/\/elcontemporaneo.mx\/wp-content\/uploads\/2026\/04\/unnamed-_1_-3-1024x566.webp 1024w, https:\/\/elcontemporaneo.mx\/wp-content\/uploads\/2026\/04\/unnamed-_1_-3-300x166.webp 300w, https:\/\/elcontemporaneo.mx\/wp-content\/uploads\/2026\/04\/unnamed-_1_-3-768x425.webp 768w, https:\/\/elcontemporaneo.mx\/wp-content\/uploads\/2026\/04\/unnamed-_1_-3-1536x850.webp 1536w, https:\/\/elcontemporaneo.mx\/wp-content\/uploads\/2026\/04\/unnamed-_1_-3.webp 1974w\" sizes=\"auto, (max-width: 1024px) 100vw, 1024px\" \/><\/p>\n<p><b>CHAO: LA SIRENA<\/b><span style=\"font-weight: 400;\">, el anime ganador del Premio Especial del Jurado del Festival Annecy, se estrenar\u00e1 pr\u00f3ximamente en M\u00e9xico.\u00a0<\/span><\/p>\n<p><span style=\"font-weight: 400;\">Bajo la direcci\u00f3n de Yasuhiro Aoki, esta comedia rom\u00e1ntica situada en un mundo futurista donde humanos y criaturas marinas conviven en sociedad, sigue la historia de Stepha, un ingeniero naval, cuya vida cambia inesperadamente cuando ChaO, una misteriosa princesa proveniente del mar, le propone matrimonio.<\/span><\/p>\n<p><span style=\"font-weight: 400;\">A medida que ambos comienzan a derribar sus barreras emocionales, un romance inesperado florece. La cinta explora temas como el amor, la convivencia, la diversidad, la aceptaci\u00f3n y la conexi\u00f3n entre especies distintas, todo envuelto en una est\u00e9tica visual vibrante y surrealista.\u00a0<\/span><\/p>\n<p><img loading=\"lazy\" decoding=\"async\" class=\"aligncenter wp-image-1171 size-full\" src=\"https:\/\/elcontemporaneo.mx\/wp-content\/uploads\/2026\/04\/unnamed-1-2.webp\" alt=\"\" width=\"598\" height=\"373\" srcset=\"https:\/\/elcontemporaneo.mx\/wp-content\/uploads\/2026\/04\/unnamed-1-2.webp 598w, https:\/\/elcontemporaneo.mx\/wp-content\/uploads\/2026\/04\/unnamed-1-2-300x187.webp 300w\" sizes=\"auto, (max-width: 598px) 100vw, 598px\" \/><\/p>\n<p><span style=\"font-weight: 400;\">En m\u00e1s de 100,000 ilustraciones, el director Aoki combina t\u00e9cnicas modernas de animaci\u00f3n con un estilo m\u00e1s artesanal en esta producci\u00f3n de Studio 4\u00b0C, marca registrada cuando se trata de innovaci\u00f3n en el anime y responsable de obras de culto como Mind Game, la trilog\u00eda Berserk: The Golden Age Arc y la antolog\u00eda The Animatrix.\u00a0<\/span><\/p>\n<p><span style=\"font-weight: 400;\">Asimismo, fue producida por Eiko Tanaka, una de las ejecutivas m\u00e1s influyentes de la industria del anime, reconocida por el desarrollo de proyectos de alto nivel internacional en Studio Ghibli.\u00a0<\/span><\/p>\n<p><b>CHAO: LA SIRENA<\/b><span style=\"font-weight: 400;\"> se consagra como una de las propuestas m\u00e1s originales y atractivas del a\u00f1o dentro de la animaci\u00f3n japonesa contempor\u00e1nea. Una propuesta fresca, entretenida y distinta que busca conectar con el p\u00fablico.<\/span><\/p>\n<p><img loading=\"lazy\" decoding=\"async\" class=\"aligncenter wp-image-1173 size-large\" src=\"https:\/\/elcontemporaneo.mx\/wp-content\/uploads\/2026\/04\/unnamed-_2_-2-1024x558.webp\" alt=\"\" width=\"1024\" height=\"558\" srcset=\"https:\/\/elcontemporaneo.mx\/wp-content\/uploads\/2026\/04\/unnamed-_2_-2-1024x558.webp 1024w, https:\/\/elcontemporaneo.mx\/wp-content\/uploads\/2026\/04\/unnamed-_2_-2-300x164.webp 300w, https:\/\/elcontemporaneo.mx\/wp-content\/uploads\/2026\/04\/unnamed-_2_-2-768x419.webp 768w, https:\/\/elcontemporaneo.mx\/wp-content\/uploads\/2026\/04\/unnamed-_2_-2-1536x837.webp 1536w, https:\/\/elcontemporaneo.mx\/wp-content\/uploads\/2026\/04\/unnamed-_2_-2-2048x1117.webp 2048w\" sizes=\"auto, (max-width: 1024px) 100vw, 1024px\" \/><\/p>\n","protected":false},"excerpt":{"rendered":"<p>CHAO: LA SIRENA, el anime ganador del Premio Especial del Jurado del Festival Annecy, se estrenar\u00e1 pr\u00f3ximamente en M\u00e9xico.\u00a0 Bajo la direcci\u00f3n de Yasuhiro Aoki, esta comedia rom\u00e1ntica situada en un mundo futurista donde humanos y criaturas marinas conviven en sociedad, sigue la historia de Stepha, un ingeniero naval, cuya vida cambia inesperadamente cuando ChaO, [&hellip;]<\/p>\n","protected":false},"author":2,"featured_media":0,"comment_status":"open","ping_status":"open","sticky":false,"template":"","format":"standard","meta":{"site-sidebar-layout":"default","site-content-layout":"","ast-site-content-layout":"default","site-content-style":"default","site-sidebar-style":"default","ast-global-header-display":"","ast-banner-title-visibility":"","ast-main-header-display":"","ast-hfb-above-header-display":"","ast-hfb-below-header-display":"","ast-hfb-mobile-header-display":"","site-post-title":"","ast-breadcrumbs-content":"","ast-featured-img":"","footer-sml-layout":"","ast-disable-related-posts":"","theme-transparent-header-meta":"default","adv-header-id-meta":"","stick-header-meta":"","header-above-stick-meta":"","header-main-stick-meta":"","header-below-stick-meta":"","astra-migrate-meta-layouts":"set","ast-page-background-enabled":"default","ast-page-background-meta":{"desktop":{"background-color":"var(--ast-global-color-4)","background-image":"","background-repeat":"repeat","background-position":"center center","background-size":"auto","background-attachment":"scroll","background-type":"","background-media":"","overlay-type":"","overlay-color":"","overlay-opacity":"","overlay-gradient":""},"tablet":{"background-color":"","background-image":"","background-repeat":"repeat","background-position":"center center","background-size":"auto","background-attachment":"scroll","background-type":"","background-media":"","overlay-type":"","overlay-color":"","overlay-opacity":"","overlay-gradient":""},"mobile":{"background-color":"","background-image":"","background-repeat":"repeat","background-position":"center center","background-size":"auto","background-attachment":"scroll","background-type":"","background-media":"","overlay-type":"","overlay-color":"","overlay-opacity":"","overlay-gradient":""}},"ast-content-background-meta":{"desktop":{"background-color":"var(--ast-global-color-5)","background-image":"","background-repeat":"repeat","background-position":"center center","background-size":"auto","background-attachment":"scroll","background-type":"","background-media":"","overlay-type":"","overlay-color":"","overlay-opacity":"","overlay-gradient":""},"tablet":{"background-color":"var(--ast-global-color-5)","background-image":"","background-repeat":"repeat","background-position":"center center","background-size":"auto","background-attachment":"scroll","background-type":"","background-media":"","overlay-type":"","overlay-color":"","overlay-opacity":"","overlay-gradient":""},"mobile":{"background-color":"var(--ast-global-color-5)","background-image":"","background-repeat":"repeat","background-position":"center center","background-size":"auto","background-attachment":"scroll","background-type":"","background-media":"","overlay-type":"","overlay-color":"","overlay-opacity":"","overlay-gradient":""}},"footnotes":""},"categories":[6],"tags":[],"columnista":[],"class_list":["post-1169","post","type-post","status-publish","format-standard","hentry","category-estilo-de-vida"],"_links":{"self":[{"href":"https:\/\/elcontemporaneo.mx\/index.php\/wp-json\/wp\/v2\/posts\/1169","targetHints":{"allow":["GET"]}}],"collection":[{"href":"https:\/\/elcontemporaneo.mx\/index.php\/wp-json\/wp\/v2\/posts"}],"about":[{"href":"https:\/\/elcontemporaneo.mx\/index.php\/wp-json\/wp\/v2\/types\/post"}],"author":[{"embeddable":true,"href":"https:\/\/elcontemporaneo.mx\/index.php\/wp-json\/wp\/v2\/users\/2"}],"replies":[{"embeddable":true,"href":"https:\/\/elcontemporaneo.mx\/index.php\/wp-json\/wp\/v2\/comments?post=1169"}],"version-history":[{"count":1,"href":"https:\/\/elcontemporaneo.mx\/index.php\/wp-json\/wp\/v2\/posts\/1169\/revisions"}],"predecessor-version":[{"id":1174,"href":"https:\/\/elcontemporaneo.mx\/index.php\/wp-json\/wp\/v2\/posts\/1169\/revisions\/1174"}],"wp:attachment":[{"href":"https:\/\/elcontemporaneo.mx\/index.php\/wp-json\/wp\/v2\/media?parent=1169"}],"wp:term":[{"taxonomy":"category","embeddable":true,"href":"https:\/\/elcontemporaneo.mx\/index.php\/wp-json\/wp\/v2\/categories?post=1169"},{"taxonomy":"post_tag","embeddable":true,"href":"https:\/\/elcontemporaneo.mx\/index.php\/wp-json\/wp\/v2\/tags?post=1169"},{"taxonomy":"columnista","embeddable":true,"href":"https:\/\/elcontemporaneo.mx\/index.php\/wp-json\/wp\/v2\/columnista?post=1169"}],"curies":[{"name":"wp","href":"https:\/\/api.w.org\/{rel}","templated":true}]}}