{"id":1175,"date":"2026-04-19T01:06:45","date_gmt":"2026-04-19T07:06:45","guid":{"rendered":"https:\/\/elcontemporaneo.mx\/?p=1175"},"modified":"2026-04-19T01:06:45","modified_gmt":"2026-04-19T07:06:45","slug":"el-despertar-obra-postuma-de-jaime-osorio-marquez-en-el-ficg","status":"publish","type":"post","link":"https:\/\/elcontemporaneo.mx\/index.php\/2026\/04\/19\/el-despertar-obra-postuma-de-jaime-osorio-marquez-en-el-ficg\/","title":{"rendered":"\u201cEl despertar\u201d, obra p\u00f3stuma de Jaime Osorio Marquez en el FICG"},"content":{"rendered":"<p><img loading=\"lazy\" decoding=\"async\" class=\"aligncenter wp-image-1176 size-full\" src=\"https:\/\/elcontemporaneo.mx\/wp-content\/uploads\/2026\/04\/unnamed-_3_-1.webp\" alt=\"\" width=\"600\" height=\"333\" srcset=\"https:\/\/elcontemporaneo.mx\/wp-content\/uploads\/2026\/04\/unnamed-_3_-1.webp 600w, https:\/\/elcontemporaneo.mx\/wp-content\/uploads\/2026\/04\/unnamed-_3_-1-300x167.webp 300w\" sizes=\"auto, (max-width: 600px) 100vw, 600px\" \/><\/p>\n<p><span style=\"font-weight: 400;\">Terror, acci\u00f3n y supervivencia son los adjetivos para describir la cinta <strong><em>\u201cEl despertar\u201d,<\/em><\/strong> donde una unidad militar de \u00e9lite es enviada a la selva para eliminar un objetivo estrat\u00e9gico; sin embargo, la misi\u00f3n da un giro oscuro cuando los soldados se enfrentan a fuerzas sobrenaturales que los obligar\u00e1n a luchar desesperadamente por sus vidas.<\/span><\/p>\n<p><span style=\"font-weight: 400;\">La operaci\u00f3n se transforma en una pesadilla cuando el equipo invade accidentalmente el territorio de Mobuya, el esp\u00edritu protector de un lugar sagrado.<\/span><\/p>\n<p><span style=\"font-weight: 400;\">La cinta p\u00f3stuma de Jaime Osorio Marquez, compite en la Selecci\u00f3n Oficial de Cine de G\u00e9nero en Guadalajara, gracias a su trabajo en est\u00e9tica, sonido, montaje y efectos visuales.\u00a0<\/span><\/p>\n<p><img loading=\"lazy\" decoding=\"async\" class=\"aligncenter wp-image-1177 size-large\" src=\"https:\/\/elcontemporaneo.mx\/wp-content\/uploads\/2026\/04\/unnamed-_3_-2-1024x569.webp\" alt=\"\" width=\"1024\" height=\"569\" srcset=\"https:\/\/elcontemporaneo.mx\/wp-content\/uploads\/2026\/04\/unnamed-_3_-2-1024x569.webp 1024w, https:\/\/elcontemporaneo.mx\/wp-content\/uploads\/2026\/04\/unnamed-_3_-2-300x167.webp 300w, https:\/\/elcontemporaneo.mx\/wp-content\/uploads\/2026\/04\/unnamed-_3_-2-768x427.webp 768w, https:\/\/elcontemporaneo.mx\/wp-content\/uploads\/2026\/04\/unnamed-_3_-2.webp 1116w\" sizes=\"auto, (max-width: 1024px) 100vw, 1024px\" \/><\/p>\n<p><span style=\"font-weight: 400;\">Tras el \u00e9xito internacional de <\/span><b><i>\u201cEl P\u00e1ramo\u201d,<\/i><\/b><span style=\"font-weight: 400;\"> Osorio Marquez y el productor creativo Federico Dur\u00e1n exploraron el miedo desde un punto m\u00e1s profundo de lo visible.\u00a0<\/span><\/p>\n<p><span style=\"font-weight: 400;\">A pesar de su valiente batalla contra la enfermedad, el director colombiano dej\u00f3 el proceso creativo filmado y cargado con toda su visi\u00f3n, aunque inconcluso. La productora Rhayuela Films asumi\u00f3 el desaf\u00edo de completar el proyecto, y mantuvo el esp\u00edritu de la historia, honrando la obra final de un amigo y colaborador entra\u00f1able.<\/span><\/p>\n<p><span style=\"font-weight: 400;\">Resulta simb\u00f3lico que la \u00faltima pel\u00edcula de Jaime Osorio Marquez compita en Guadalajara, el mismo escenario donde <\/span><b><i>\u201cEl P\u00e1ramo\u201d<\/i><\/b><span style=\"font-weight: 400;\"> se alz\u00f3 con el premio a Mejor Gui\u00f3n en 2012. Este regreso cierra un ciclo vital y art\u00edstico para el cineasta en uno de los festivales m\u00e1s importantes de Iberoam\u00e9rica.<\/span><\/p>\n<p><img loading=\"lazy\" decoding=\"async\" class=\"aligncenter wp-image-1178 size-full\" src=\"https:\/\/elcontemporaneo.mx\/wp-content\/uploads\/2026\/04\/unnamed-_2_-1-1.webp\" alt=\"\" width=\"599\" height=\"399\" srcset=\"https:\/\/elcontemporaneo.mx\/wp-content\/uploads\/2026\/04\/unnamed-_2_-1-1.webp 599w, https:\/\/elcontemporaneo.mx\/wp-content\/uploads\/2026\/04\/unnamed-_2_-1-1-300x200.webp 300w\" sizes=\"auto, (max-width: 599px) 100vw, 599px\" \/><\/p>\n<p><b><i>\u201cEl Despertar\u201d<\/i><\/b><span style=\"font-weight: 400;\"> tendr\u00e1 su premiere mundial en el <\/span><b>FICG 41<\/b><span style=\"font-weight: 400;\"> como parte de la Secci\u00f3n Oficial en Competencia de Cine de G\u00e9nero en las siguientes funciones:<\/span><\/p>\n<ul>\n<li style=\"font-weight: 400;\" aria-level=\"1\"><span style=\"font-weight: 400;\">Domingo 19 de abril | 21:00 horas: Sala 3 de la Cineteca FICG<\/span><\/li>\n<li style=\"font-weight: 400;\" aria-level=\"1\"><span style=\"font-weight: 400;\">Lunes 20 de abril | 19:50 horas: Sala 7 de Cin\u00e9polis VIP Midtown<\/span><\/li>\n<\/ul>\n","protected":false},"excerpt":{"rendered":"<p>Terror, acci\u00f3n y supervivencia son los adjetivos para describir la cinta \u201cEl despertar\u201d, donde una unidad militar de \u00e9lite es enviada a la selva para eliminar un objetivo estrat\u00e9gico; sin embargo, la misi\u00f3n da un giro oscuro cuando los soldados se enfrentan a fuerzas sobrenaturales que los obligar\u00e1n a luchar desesperadamente por sus vidas. La [&hellip;]<\/p>\n","protected":false},"author":2,"featured_media":0,"comment_status":"open","ping_status":"open","sticky":false,"template":"","format":"standard","meta":{"site-sidebar-layout":"default","site-content-layout":"","ast-site-content-layout":"default","site-content-style":"default","site-sidebar-style":"default","ast-global-header-display":"","ast-banner-title-visibility":"","ast-main-header-display":"","ast-hfb-above-header-display":"","ast-hfb-below-header-display":"","ast-hfb-mobile-header-display":"","site-post-title":"","ast-breadcrumbs-content":"","ast-featured-img":"","footer-sml-layout":"","ast-disable-related-posts":"","theme-transparent-header-meta":"default","adv-header-id-meta":"","stick-header-meta":"","header-above-stick-meta":"","header-main-stick-meta":"","header-below-stick-meta":"","astra-migrate-meta-layouts":"set","ast-page-background-enabled":"default","ast-page-background-meta":{"desktop":{"background-color":"var(--ast-global-color-4)","background-image":"","background-repeat":"repeat","background-position":"center center","background-size":"auto","background-attachment":"scroll","background-type":"","background-media":"","overlay-type":"","overlay-color":"","overlay-opacity":"","overlay-gradient":""},"tablet":{"background-color":"","background-image":"","background-repeat":"repeat","background-position":"center center","background-size":"auto","background-attachment":"scroll","background-type":"","background-media":"","overlay-type":"","overlay-color":"","overlay-opacity":"","overlay-gradient":""},"mobile":{"background-color":"","background-image":"","background-repeat":"repeat","background-position":"center center","background-size":"auto","background-attachment":"scroll","background-type":"","background-media":"","overlay-type":"","overlay-color":"","overlay-opacity":"","overlay-gradient":""}},"ast-content-background-meta":{"desktop":{"background-color":"var(--ast-global-color-5)","background-image":"","background-repeat":"repeat","background-position":"center center","background-size":"auto","background-attachment":"scroll","background-type":"","background-media":"","overlay-type":"","overlay-color":"","overlay-opacity":"","overlay-gradient":""},"tablet":{"background-color":"var(--ast-global-color-5)","background-image":"","background-repeat":"repeat","background-position":"center center","background-size":"auto","background-attachment":"scroll","background-type":"","background-media":"","overlay-type":"","overlay-color":"","overlay-opacity":"","overlay-gradient":""},"mobile":{"background-color":"var(--ast-global-color-5)","background-image":"","background-repeat":"repeat","background-position":"center center","background-size":"auto","background-attachment":"scroll","background-type":"","background-media":"","overlay-type":"","overlay-color":"","overlay-opacity":"","overlay-gradient":""}},"footnotes":""},"categories":[6],"tags":[],"columnista":[],"class_list":["post-1175","post","type-post","status-publish","format-standard","hentry","category-estilo-de-vida"],"_links":{"self":[{"href":"https:\/\/elcontemporaneo.mx\/index.php\/wp-json\/wp\/v2\/posts\/1175","targetHints":{"allow":["GET"]}}],"collection":[{"href":"https:\/\/elcontemporaneo.mx\/index.php\/wp-json\/wp\/v2\/posts"}],"about":[{"href":"https:\/\/elcontemporaneo.mx\/index.php\/wp-json\/wp\/v2\/types\/post"}],"author":[{"embeddable":true,"href":"https:\/\/elcontemporaneo.mx\/index.php\/wp-json\/wp\/v2\/users\/2"}],"replies":[{"embeddable":true,"href":"https:\/\/elcontemporaneo.mx\/index.php\/wp-json\/wp\/v2\/comments?post=1175"}],"version-history":[{"count":1,"href":"https:\/\/elcontemporaneo.mx\/index.php\/wp-json\/wp\/v2\/posts\/1175\/revisions"}],"predecessor-version":[{"id":1179,"href":"https:\/\/elcontemporaneo.mx\/index.php\/wp-json\/wp\/v2\/posts\/1175\/revisions\/1179"}],"wp:attachment":[{"href":"https:\/\/elcontemporaneo.mx\/index.php\/wp-json\/wp\/v2\/media?parent=1175"}],"wp:term":[{"taxonomy":"category","embeddable":true,"href":"https:\/\/elcontemporaneo.mx\/index.php\/wp-json\/wp\/v2\/categories?post=1175"},{"taxonomy":"post_tag","embeddable":true,"href":"https:\/\/elcontemporaneo.mx\/index.php\/wp-json\/wp\/v2\/tags?post=1175"},{"taxonomy":"columnista","embeddable":true,"href":"https:\/\/elcontemporaneo.mx\/index.php\/wp-json\/wp\/v2\/columnista?post=1175"}],"curies":[{"name":"wp","href":"https:\/\/api.w.org\/{rel}","templated":true}]}}