{"id":1257,"date":"2026-05-04T13:35:29","date_gmt":"2026-05-04T19:35:29","guid":{"rendered":"https:\/\/elcontemporaneo.mx\/?p=1257"},"modified":"2026-05-04T13:35:47","modified_gmt":"2026-05-04T19:35:47","slug":"balada-de-un-inmigrante-con-memoria-estreno-mundial-en-focus-features","status":"publish","type":"post","link":"https:\/\/elcontemporaneo.mx\/index.php\/2026\/05\/04\/balada-de-un-inmigrante-con-memoria-estreno-mundial-en-focus-features\/","title":{"rendered":"\u201cBalada de un Inmigrante con Memoria\u201d, estreno mundial en Focus Features"},"content":{"rendered":"<p><iframe loading=\"lazy\" title=\"YouTube video player\" src=\"https:\/\/www.youtube.com\/embed\/MZXAzMJ77-E?si=h8fNUqkjDZGTxPpk\" width=\"560\" height=\"315\" frameborder=\"0\" allowfullscreen=\"allowfullscreen\"><\/iframe><\/p>\n<p><span style=\"font-weight: 400;\">El cortometraje \u201cBalada de un Inmigrante con Memoria\u201d se estrena mundialmente en la distribuidora Focus Features, a trav\u00e9s de sus canales digitales oficiales.\u00a0<\/span><\/p>\n<p><span style=\"font-weight: 400;\">La cinta, del director mexicano Sergio Mu\u00f1oz Esquer, fue galardonada en los Gotham Awards, y su lanzamiento marca un momento decisivo para el cine independiente, ya que integra una historia sobre la identidad y la nostalgia en una de las firmas m\u00e1s influyentes de la industria del cine global.\u00a0<\/span><\/p>\n<p><img loading=\"lazy\" decoding=\"async\" class=\"aligncenter wp-image-1260 size-full\" src=\"https:\/\/elcontemporaneo.mx\/wp-content\/uploads\/2026\/05\/unnamed-_2_.webp\" alt=\"\" width=\"600\" height=\"320\" srcset=\"https:\/\/elcontemporaneo.mx\/wp-content\/uploads\/2026\/05\/unnamed-_2_.webp 600w, https:\/\/elcontemporaneo.mx\/wp-content\/uploads\/2026\/05\/unnamed-_2_-300x160.webp 300w\" sizes=\"auto, (max-width: 600px) 100vw, 600px\" \/><\/p>\n<p><span style=\"font-weight: 400;\">Sergio Mu\u00f1oz Esquer, originario de Delicias, Chihuahua, muestra el viaje surreal de Alberto, un mexicano que extra\u00f1a su casa mientras se sumerge en un plato de menudo, buscando el rosario que le dio su madre antes de irse de su hogar.\u00a0<\/span><\/p>\n<p><span style=\"font-weight: 400;\">El protagonista recorrer\u00e1 los lugares m\u00e1s importantes de su pasado, desde el polvoroso campo de f\u00fatbol hasta la iglesia de su infancia y la camioneta que lo cruz\u00f3 por la frontera, d\u00e1ndose cuenta de que esta podr\u00eda ser la \u00faltima oportunidad para hablar con su madre; sin embargo, deber\u00e1 enfrentar sus miedos m\u00e1s profundos, incluyendo a un oficial de inmigraci\u00f3n que lo persigue en este mundo on\u00edrico.<\/span><\/p>\n<p><img loading=\"lazy\" decoding=\"async\" class=\"aligncenter wp-image-1258 size-full\" src=\"https:\/\/elcontemporaneo.mx\/wp-content\/uploads\/2026\/05\/unnamed-_3_.webp\" alt=\"\" width=\"600\" height=\"323\" srcset=\"https:\/\/elcontemporaneo.mx\/wp-content\/uploads\/2026\/05\/unnamed-_3_.webp 600w, https:\/\/elcontemporaneo.mx\/wp-content\/uploads\/2026\/05\/unnamed-_3_-300x162.webp 300w\" sizes=\"auto, (max-width: 600px) 100vw, 600px\" \/><\/p>\n<p><span style=\"font-weight: 400;\">&#8220;Sergio escribi\u00f3 un guion tan complejo como el plato de menudo que transporta a mi personaje a trav\u00e9s de secuencias que ilustran lo que cuesta atreverse a so\u00f1ar cuando se tiene que vivir siempre con incertidumbre. Representar a un personaje as\u00ed es exactamente la raz\u00f3n por la que me dedico a la actuaci\u00f3n&#8221;, se\u00f1al\u00f3 Omar Leyva, quien encarna a Alberto.<\/span><\/p>\n<p><span style=\"font-weight: 400;\">Este es el d\u00e9cimo cortometraje de Sergio Mu\u00f1oz Esquer, y es una coproducci\u00f3n entre M\u00e9xico y Estados Unidos, producida por Karla Armend\u00e1riz (Ciudad Ju\u00e1rez) y Pepe Gonz\u00e1lez (Monterrey), con el apoyo de Austin Film Society, Santa Fe Film Institute, la Universidad de Texas en Austin y Consejo Municipal de Estacion\u00f3metros de Ciudad Delicias, Chihuahua. Adem\u00e1s de Kool, compa\u00f1\u00eda de marketing y producci\u00f3n audiovisual en Monterrey.<\/span><\/p>\n<p><span style=\"font-weight: 400;\">Disponible ya en streaming.<\/span><\/p>\n<p><img loading=\"lazy\" decoding=\"async\" class=\"aligncenter wp-image-1259 size-full\" src=\"https:\/\/elcontemporaneo.mx\/wp-content\/uploads\/2026\/05\/unnamed-_1_.webp\" alt=\"\" width=\"600\" height=\"321\" srcset=\"https:\/\/elcontemporaneo.mx\/wp-content\/uploads\/2026\/05\/unnamed-_1_.webp 600w, https:\/\/elcontemporaneo.mx\/wp-content\/uploads\/2026\/05\/unnamed-_1_-300x161.webp 300w\" sizes=\"auto, (max-width: 600px) 100vw, 600px\" \/><\/p>\n","protected":false},"excerpt":{"rendered":"<p>El cortometraje \u201cBalada de un Inmigrante con Memoria\u201d se estrena mundialmente en la distribuidora Focus Features, a trav\u00e9s de sus canales digitales oficiales.\u00a0 La cinta, del director mexicano Sergio Mu\u00f1oz Esquer, fue galardonada en los Gotham Awards, y su lanzamiento marca un momento decisivo para el cine independiente, ya que integra una historia sobre la [&hellip;]<\/p>\n","protected":false},"author":2,"featured_media":0,"comment_status":"open","ping_status":"open","sticky":false,"template":"","format":"standard","meta":{"site-sidebar-layout":"default","site-content-layout":"","ast-site-content-layout":"default","site-content-style":"default","site-sidebar-style":"default","ast-global-header-display":"","ast-banner-title-visibility":"","ast-main-header-display":"","ast-hfb-above-header-display":"","ast-hfb-below-header-display":"","ast-hfb-mobile-header-display":"","site-post-title":"","ast-breadcrumbs-content":"","ast-featured-img":"","footer-sml-layout":"","ast-disable-related-posts":"","theme-transparent-header-meta":"default","adv-header-id-meta":"","stick-header-meta":"","header-above-stick-meta":"","header-main-stick-meta":"","header-below-stick-meta":"","astra-migrate-meta-layouts":"set","ast-page-background-enabled":"default","ast-page-background-meta":{"desktop":{"background-color":"var(--ast-global-color-4)","background-image":"","background-repeat":"repeat","background-position":"center center","background-size":"auto","background-attachment":"scroll","background-type":"","background-media":"","overlay-type":"","overlay-color":"","overlay-opacity":"","overlay-gradient":""},"tablet":{"background-color":"","background-image":"","background-repeat":"repeat","background-position":"center center","background-size":"auto","background-attachment":"scroll","background-type":"","background-media":"","overlay-type":"","overlay-color":"","overlay-opacity":"","overlay-gradient":""},"mobile":{"background-color":"","background-image":"","background-repeat":"repeat","background-position":"center center","background-size":"auto","background-attachment":"scroll","background-type":"","background-media":"","overlay-type":"","overlay-color":"","overlay-opacity":"","overlay-gradient":""}},"ast-content-background-meta":{"desktop":{"background-color":"var(--ast-global-color-5)","background-image":"","background-repeat":"repeat","background-position":"center center","background-size":"auto","background-attachment":"scroll","background-type":"","background-media":"","overlay-type":"","overlay-color":"","overlay-opacity":"","overlay-gradient":""},"tablet":{"background-color":"var(--ast-global-color-5)","background-image":"","background-repeat":"repeat","background-position":"center center","background-size":"auto","background-attachment":"scroll","background-type":"","background-media":"","overlay-type":"","overlay-color":"","overlay-opacity":"","overlay-gradient":""},"mobile":{"background-color":"var(--ast-global-color-5)","background-image":"","background-repeat":"repeat","background-position":"center center","background-size":"auto","background-attachment":"scroll","background-type":"","background-media":"","overlay-type":"","overlay-color":"","overlay-opacity":"","overlay-gradient":""}},"footnotes":""},"categories":[6],"tags":[],"columnista":[],"class_list":["post-1257","post","type-post","status-publish","format-standard","hentry","category-estilo-de-vida"],"_links":{"self":[{"href":"https:\/\/elcontemporaneo.mx\/index.php\/wp-json\/wp\/v2\/posts\/1257","targetHints":{"allow":["GET"]}}],"collection":[{"href":"https:\/\/elcontemporaneo.mx\/index.php\/wp-json\/wp\/v2\/posts"}],"about":[{"href":"https:\/\/elcontemporaneo.mx\/index.php\/wp-json\/wp\/v2\/types\/post"}],"author":[{"embeddable":true,"href":"https:\/\/elcontemporaneo.mx\/index.php\/wp-json\/wp\/v2\/users\/2"}],"replies":[{"embeddable":true,"href":"https:\/\/elcontemporaneo.mx\/index.php\/wp-json\/wp\/v2\/comments?post=1257"}],"version-history":[{"count":1,"href":"https:\/\/elcontemporaneo.mx\/index.php\/wp-json\/wp\/v2\/posts\/1257\/revisions"}],"predecessor-version":[{"id":1261,"href":"https:\/\/elcontemporaneo.mx\/index.php\/wp-json\/wp\/v2\/posts\/1257\/revisions\/1261"}],"wp:attachment":[{"href":"https:\/\/elcontemporaneo.mx\/index.php\/wp-json\/wp\/v2\/media?parent=1257"}],"wp:term":[{"taxonomy":"category","embeddable":true,"href":"https:\/\/elcontemporaneo.mx\/index.php\/wp-json\/wp\/v2\/categories?post=1257"},{"taxonomy":"post_tag","embeddable":true,"href":"https:\/\/elcontemporaneo.mx\/index.php\/wp-json\/wp\/v2\/tags?post=1257"},{"taxonomy":"columnista","embeddable":true,"href":"https:\/\/elcontemporaneo.mx\/index.php\/wp-json\/wp\/v2\/columnista?post=1257"}],"curies":[{"name":"wp","href":"https:\/\/api.w.org\/{rel}","templated":true}]}}