{"id":1274,"date":"2026-05-05T20:00:03","date_gmt":"2026-05-06T02:00:03","guid":{"rendered":"https:\/\/elcontemporaneo.mx\/?p=1274"},"modified":"2026-05-05T20:25:41","modified_gmt":"2026-05-06T02:25:41","slug":"teodulo-romulo-60-aniversario-expo-en-tlaxcala","status":"publish","type":"post","link":"https:\/\/elcontemporaneo.mx\/index.php\/2026\/05\/05\/teodulo-romulo-60-aniversario-expo-en-tlaxcala\/","title":{"rendered":"\u201cTe\u00f3dulo R\u00f3mulo 60 aniversario\u201d, expo en Tlaxcala"},"content":{"rendered":"<p><img loading=\"lazy\" decoding=\"async\" class=\"aligncenter wp-image-1275 size-full\" src=\"https:\/\/elcontemporaneo.mx\/wp-content\/uploads\/2026\/05\/Foto_Home.webp\" alt=\"\" width=\"1000\" height=\"666\" srcset=\"https:\/\/elcontemporaneo.mx\/wp-content\/uploads\/2026\/05\/Foto_Home.webp 1000w, https:\/\/elcontemporaneo.mx\/wp-content\/uploads\/2026\/05\/Foto_Home-300x200.webp 300w, https:\/\/elcontemporaneo.mx\/wp-content\/uploads\/2026\/05\/Foto_Home-768x511.webp 768w\" sizes=\"auto, (max-width: 1000px) 100vw, 1000px\" \/><\/p>\n<p><span style=\"font-weight: 400;\">Te\u00f3dulo R\u00f3mulo Hern\u00e1ndez Padilla, originario de San Bartolom\u00e9 Matlalohcan, municipio de Tetla de la Solidaridad, en Tlaxcala, tiene un estilo figurativo, surrealista y expresionista, caracterizado por una atm\u00f3sfera m\u00e1gica, on\u00edrica y con carga de representaci\u00f3n paisaj\u00edstica y social, con la cual ha construido una larga carrera de 60 a\u00f1os.<\/span><\/p>\n<p><span style=\"font-weight: 400;\">Debido a su labor como artista, el INAH realiz\u00f3 la exposici\u00f3n \u201cTe\u00f3dulo R\u00f3mulo 60 aniversario\u201d, la cual se compone de 180 pinturas y 15 esculturas.\u00a0<\/span><\/p>\n<p><span style=\"font-weight: 400;\">Las obras se exhiben en tres repositorios de la capital de la entidad: los museos Regional de Tlaxcala (MRT), de Arte de Tlaxcala y la Pinacoteca del Estado.<\/span><\/p>\n<p><span style=\"font-weight: 400;\">Lo que se exhibe es la mitad del total de obra que posee; sin embargo, es una invitaci\u00f3n para que el p\u00fablico pueda repensar y criticarla, ya que el arte que presenta navega entre la s\u00e1tira y un an\u00e1lisis de los hechos de la sociedad, mediante personajes abstractos, naturaleza, erotismo, luz y color.<\/span><\/p>\n<p><span style=\"font-weight: 400;\">La exposici\u00f3n permanecer\u00e1 hasta julio de 2026.<\/span><\/p>\n<p><em><strong>*Foto: INAH<\/strong><\/em><\/p>\n","protected":false},"excerpt":{"rendered":"<p>Te\u00f3dulo R\u00f3mulo Hern\u00e1ndez Padilla, originario de San Bartolom\u00e9 Matlalohcan, municipio de Tetla de la Solidaridad, en Tlaxcala, tiene un estilo figurativo, surrealista y expresionista, caracterizado por una atm\u00f3sfera m\u00e1gica, on\u00edrica y con carga de representaci\u00f3n paisaj\u00edstica y social, con la cual ha construido una larga carrera de 60 a\u00f1os. Debido a su labor como artista, [&hellip;]<\/p>\n","protected":false},"author":2,"featured_media":0,"comment_status":"open","ping_status":"open","sticky":false,"template":"","format":"standard","meta":{"site-sidebar-layout":"default","site-content-layout":"","ast-site-content-layout":"default","site-content-style":"default","site-sidebar-style":"default","ast-global-header-display":"","ast-banner-title-visibility":"","ast-main-header-display":"","ast-hfb-above-header-display":"","ast-hfb-below-header-display":"","ast-hfb-mobile-header-display":"","site-post-title":"","ast-breadcrumbs-content":"","ast-featured-img":"","footer-sml-layout":"","ast-disable-related-posts":"","theme-transparent-header-meta":"default","adv-header-id-meta":"","stick-header-meta":"","header-above-stick-meta":"","header-main-stick-meta":"","header-below-stick-meta":"","astra-migrate-meta-layouts":"set","ast-page-background-enabled":"default","ast-page-background-meta":{"desktop":{"background-color":"var(--ast-global-color-4)","background-image":"","background-repeat":"repeat","background-position":"center center","background-size":"auto","background-attachment":"scroll","background-type":"","background-media":"","overlay-type":"","overlay-color":"","overlay-opacity":"","overlay-gradient":""},"tablet":{"background-color":"","background-image":"","background-repeat":"repeat","background-position":"center center","background-size":"auto","background-attachment":"scroll","background-type":"","background-media":"","overlay-type":"","overlay-color":"","overlay-opacity":"","overlay-gradient":""},"mobile":{"background-color":"","background-image":"","background-repeat":"repeat","background-position":"center center","background-size":"auto","background-attachment":"scroll","background-type":"","background-media":"","overlay-type":"","overlay-color":"","overlay-opacity":"","overlay-gradient":""}},"ast-content-background-meta":{"desktop":{"background-color":"var(--ast-global-color-5)","background-image":"","background-repeat":"repeat","background-position":"center center","background-size":"auto","background-attachment":"scroll","background-type":"","background-media":"","overlay-type":"","overlay-color":"","overlay-opacity":"","overlay-gradient":""},"tablet":{"background-color":"var(--ast-global-color-5)","background-image":"","background-repeat":"repeat","background-position":"center center","background-size":"auto","background-attachment":"scroll","background-type":"","background-media":"","overlay-type":"","overlay-color":"","overlay-opacity":"","overlay-gradient":""},"mobile":{"background-color":"var(--ast-global-color-5)","background-image":"","background-repeat":"repeat","background-position":"center center","background-size":"auto","background-attachment":"scroll","background-type":"","background-media":"","overlay-type":"","overlay-color":"","overlay-opacity":"","overlay-gradient":""}},"footnotes":""},"categories":[5],"tags":[],"columnista":[],"class_list":["post-1274","post","type-post","status-publish","format-standard","hentry","category-arte"],"_links":{"self":[{"href":"https:\/\/elcontemporaneo.mx\/index.php\/wp-json\/wp\/v2\/posts\/1274","targetHints":{"allow":["GET"]}}],"collection":[{"href":"https:\/\/elcontemporaneo.mx\/index.php\/wp-json\/wp\/v2\/posts"}],"about":[{"href":"https:\/\/elcontemporaneo.mx\/index.php\/wp-json\/wp\/v2\/types\/post"}],"author":[{"embeddable":true,"href":"https:\/\/elcontemporaneo.mx\/index.php\/wp-json\/wp\/v2\/users\/2"}],"replies":[{"embeddable":true,"href":"https:\/\/elcontemporaneo.mx\/index.php\/wp-json\/wp\/v2\/comments?post=1274"}],"version-history":[{"count":2,"href":"https:\/\/elcontemporaneo.mx\/index.php\/wp-json\/wp\/v2\/posts\/1274\/revisions"}],"predecessor-version":[{"id":1282,"href":"https:\/\/elcontemporaneo.mx\/index.php\/wp-json\/wp\/v2\/posts\/1274\/revisions\/1282"}],"wp:attachment":[{"href":"https:\/\/elcontemporaneo.mx\/index.php\/wp-json\/wp\/v2\/media?parent=1274"}],"wp:term":[{"taxonomy":"category","embeddable":true,"href":"https:\/\/elcontemporaneo.mx\/index.php\/wp-json\/wp\/v2\/categories?post=1274"},{"taxonomy":"post_tag","embeddable":true,"href":"https:\/\/elcontemporaneo.mx\/index.php\/wp-json\/wp\/v2\/tags?post=1274"},{"taxonomy":"columnista","embeddable":true,"href":"https:\/\/elcontemporaneo.mx\/index.php\/wp-json\/wp\/v2\/columnista?post=1274"}],"curies":[{"name":"wp","href":"https:\/\/api.w.org\/{rel}","templated":true}]}}