{"id":1354,"date":"2026-05-14T21:54:05","date_gmt":"2026-05-15T03:54:05","guid":{"rendered":"https:\/\/elcontemporaneo.mx\/?p=1354"},"modified":"2026-05-14T21:54:05","modified_gmt":"2026-05-15T03:54:05","slug":"registran-dano-en-zonas-ecologicas-de-cdmx","status":"publish","type":"post","link":"https:\/\/elcontemporaneo.mx\/index.php\/2026\/05\/14\/registran-dano-en-zonas-ecologicas-de-cdmx\/","title":{"rendered":"Registran da\u00f1o en zonas ecol\u00f3gicas de CDMX"},"content":{"rendered":"<p><span style=\"font-weight: 400;\">El proyecto \u201cAn\u00e1lisis del impacto del suelo de conservaci\u00f3n de la Ciudad de M\u00e9xico por cambios de uso de suelo 2025\u201d, de Clemencia Santos Cerquera, investigadora del Instituto de Geograf\u00eda (IGg) de la UNAM, present\u00f3 la prevalencia del deterioro integral del suelo de conservaci\u00f3n; expansi\u00f3n agr\u00edcola sin manejo sostenible; reducci\u00f3n de humedales y cuerpos de agua; apertura ilegal de caminos; as\u00ed como crecimiento incontrolable.<\/span><\/p>\n<p><span style=\"font-weight: 400;\">La investigaci\u00f3n integra informaci\u00f3n t\u00e9cnico-cient\u00edfica para un diagn\u00f3stico y sus implicaciones en la p\u00e9rdida de infiltraci\u00f3n y aumento del escurrimiento superficial de 2015 a 2023, en Tlalpan, Milpa Alta, Xochimilco, Tl\u00e1huac, Magdalena Contreras, Cuajimalpa, \u00c1lvaro Obreg\u00f3n e Iztapalapa.<\/span><\/p>\n<p><span style=\"font-weight: 400;\">Santos Cerquera explic\u00f3 que los efectos son p\u00e9rdida de biodiversidad, reducci\u00f3n del almacenamiento de carbono, incidencia en la regulaci\u00f3n del clima, alteraci\u00f3n de los flujos hidrol\u00f3gicos superficiales y subterr\u00e1neos, adem\u00e1s de incremento de especies invasoras que se han establecido.<\/span><\/p>\n<p><span style=\"font-weight: 400;\">Las condiciones ambientales actuales y las tendencias van a seguir si no se act\u00faa. Hay que trabajar en forma local para tener una mejora, enfatiz\u00f3.<\/span><\/p>\n<p><span style=\"font-weight: 400;\">Mar\u00eda Teresa S\u00e1nchez Salazar, directora del IGg, indic\u00f3 que la constante transformaci\u00f3n que enfrenta la capital necesita un programa de ordenamiento territorial y considerar como ejes el suelo de conservaci\u00f3n y las \u00e1reas naturales protegidas.<\/span><\/p>\n","protected":false},"excerpt":{"rendered":"<p>El proyecto \u201cAn\u00e1lisis del impacto del suelo de conservaci\u00f3n de la Ciudad de M\u00e9xico por cambios de uso de suelo 2025\u201d, de Clemencia Santos Cerquera, investigadora del Instituto de Geograf\u00eda (IGg) de la UNAM, present\u00f3 la prevalencia del deterioro integral del suelo de conservaci\u00f3n; expansi\u00f3n agr\u00edcola sin manejo sostenible; reducci\u00f3n de humedales y cuerpos de [&hellip;]<\/p>\n","protected":false},"author":2,"featured_media":0,"comment_status":"open","ping_status":"open","sticky":false,"template":"","format":"standard","meta":{"site-sidebar-layout":"default","site-content-layout":"","ast-site-content-layout":"default","site-content-style":"default","site-sidebar-style":"default","ast-global-header-display":"","ast-banner-title-visibility":"","ast-main-header-display":"","ast-hfb-above-header-display":"","ast-hfb-below-header-display":"","ast-hfb-mobile-header-display":"","site-post-title":"","ast-breadcrumbs-content":"","ast-featured-img":"","footer-sml-layout":"","ast-disable-related-posts":"","theme-transparent-header-meta":"default","adv-header-id-meta":"","stick-header-meta":"","header-above-stick-meta":"","header-main-stick-meta":"","header-below-stick-meta":"","astra-migrate-meta-layouts":"set","ast-page-background-enabled":"default","ast-page-background-meta":{"desktop":{"background-color":"var(--ast-global-color-4)","background-image":"","background-repeat":"repeat","background-position":"center center","background-size":"auto","background-attachment":"scroll","background-type":"","background-media":"","overlay-type":"","overlay-color":"","overlay-opacity":"","overlay-gradient":""},"tablet":{"background-color":"","background-image":"","background-repeat":"repeat","background-position":"center center","background-size":"auto","background-attachment":"scroll","background-type":"","background-media":"","overlay-type":"","overlay-color":"","overlay-opacity":"","overlay-gradient":""},"mobile":{"background-color":"","background-image":"","background-repeat":"repeat","background-position":"center center","background-size":"auto","background-attachment":"scroll","background-type":"","background-media":"","overlay-type":"","overlay-color":"","overlay-opacity":"","overlay-gradient":""}},"ast-content-background-meta":{"desktop":{"background-color":"var(--ast-global-color-5)","background-image":"","background-repeat":"repeat","background-position":"center center","background-size":"auto","background-attachment":"scroll","background-type":"","background-media":"","overlay-type":"","overlay-color":"","overlay-opacity":"","overlay-gradient":""},"tablet":{"background-color":"var(--ast-global-color-5)","background-image":"","background-repeat":"repeat","background-position":"center center","background-size":"auto","background-attachment":"scroll","background-type":"","background-media":"","overlay-type":"","overlay-color":"","overlay-opacity":"","overlay-gradient":""},"mobile":{"background-color":"var(--ast-global-color-5)","background-image":"","background-repeat":"repeat","background-position":"center center","background-size":"auto","background-attachment":"scroll","background-type":"","background-media":"","overlay-type":"","overlay-color":"","overlay-opacity":"","overlay-gradient":""}},"footnotes":""},"categories":[1],"tags":[],"columnista":[],"class_list":["post-1354","post","type-post","status-publish","format-standard","hentry","category-nacion"],"_links":{"self":[{"href":"https:\/\/elcontemporaneo.mx\/index.php\/wp-json\/wp\/v2\/posts\/1354","targetHints":{"allow":["GET"]}}],"collection":[{"href":"https:\/\/elcontemporaneo.mx\/index.php\/wp-json\/wp\/v2\/posts"}],"about":[{"href":"https:\/\/elcontemporaneo.mx\/index.php\/wp-json\/wp\/v2\/types\/post"}],"author":[{"embeddable":true,"href":"https:\/\/elcontemporaneo.mx\/index.php\/wp-json\/wp\/v2\/users\/2"}],"replies":[{"embeddable":true,"href":"https:\/\/elcontemporaneo.mx\/index.php\/wp-json\/wp\/v2\/comments?post=1354"}],"version-history":[{"count":1,"href":"https:\/\/elcontemporaneo.mx\/index.php\/wp-json\/wp\/v2\/posts\/1354\/revisions"}],"predecessor-version":[{"id":1355,"href":"https:\/\/elcontemporaneo.mx\/index.php\/wp-json\/wp\/v2\/posts\/1354\/revisions\/1355"}],"wp:attachment":[{"href":"https:\/\/elcontemporaneo.mx\/index.php\/wp-json\/wp\/v2\/media?parent=1354"}],"wp:term":[{"taxonomy":"category","embeddable":true,"href":"https:\/\/elcontemporaneo.mx\/index.php\/wp-json\/wp\/v2\/categories?post=1354"},{"taxonomy":"post_tag","embeddable":true,"href":"https:\/\/elcontemporaneo.mx\/index.php\/wp-json\/wp\/v2\/tags?post=1354"},{"taxonomy":"columnista","embeddable":true,"href":"https:\/\/elcontemporaneo.mx\/index.php\/wp-json\/wp\/v2\/columnista?post=1354"}],"curies":[{"name":"wp","href":"https:\/\/api.w.org\/{rel}","templated":true}]}}