{"id":1356,"date":"2026-05-14T22:13:07","date_gmt":"2026-05-15T04:13:07","guid":{"rendered":"https:\/\/elcontemporaneo.mx\/?p=1356"},"modified":"2026-05-14T22:13:07","modified_gmt":"2026-05-15T04:13:07","slug":"vida-en-rosa-tour-nuevo-album-de-belanova","status":"publish","type":"post","link":"https:\/\/elcontemporaneo.mx\/index.php\/2026\/05\/14\/vida-en-rosa-tour-nuevo-album-de-belanova\/","title":{"rendered":"\u201cVida en Rosa Tour&#8221;, nuevo \u00e1lbum de Belanova"},"content":{"rendered":"<p><iframe loading=\"lazy\" title=\"YouTube video player\" src=\"https:\/\/www.youtube.com\/embed\/Am4AeCpAPWs?si=Byprt2Q1FlktnjtA\" width=\"560\" height=\"315\" frameborder=\"0\" allowfullscreen=\"allowfullscreen\"><\/iframe><\/p>\n<p><span style=\"font-weight: 400;\">Belanova anunci\u00f3 el lanzamiento oficial de su \u00e1lbum en vivo \u201cVida en Rosa Tour&#8221;, disponible el pr\u00f3ximo 28 de mayo.\u00a0<\/span><\/p>\n<p><span style=\"font-weight: 400;\">Integrada por Denisse Guerrero, Edgar Huerta y Ricardo Arreola, la agrupaci\u00f3n re\u00fane las grabaciones del 27 y 28 de noviembre de 2024 en el Palacio de los Deportes, donde captura la emoci\u00f3n y furor de los fans por el regreso de la banda a los escenarios.<\/span><\/p>\n<p><img loading=\"lazy\" decoding=\"async\" class=\"aligncenter wp-image-1357 size-large\" src=\"https:\/\/elcontemporaneo.mx\/wp-content\/uploads\/2026\/05\/1-_1_-1024x683.webp\" alt=\"\" width=\"1024\" height=\"683\" srcset=\"https:\/\/elcontemporaneo.mx\/wp-content\/uploads\/2026\/05\/1-_1_-1024x683.webp 1024w, https:\/\/elcontemporaneo.mx\/wp-content\/uploads\/2026\/05\/1-_1_-300x200.webp 300w, https:\/\/elcontemporaneo.mx\/wp-content\/uploads\/2026\/05\/1-_1_-768x512.webp 768w, https:\/\/elcontemporaneo.mx\/wp-content\/uploads\/2026\/05\/1-_1_-1536x1024.webp 1536w, https:\/\/elcontemporaneo.mx\/wp-content\/uploads\/2026\/05\/1-_1_.webp 2048w\" sizes=\"auto, (max-width: 1024px) 100vw, 1024px\" \/><\/p>\n<p><span style=\"font-weight: 400;\">\u201cVida en Rosa Tour\u201d revive la magia de esas inolvidables noches en las que Belanova cont\u00f3 con grandes invitados como Javier Blake en \u201cCada Que\u201d, Rene\u00e9 en \u201cA\u00fan As\u00ed te Vas\u201d, y Dulce Mar\u00eda en \u201cRosa Pastel\u201d.<\/span><\/p>\n<p><span style=\"font-weight: 400;\">El \u00e1lbum estar\u00e1 disponible en todas las plataformas digitales acompa\u00f1ado de un CD+DVD. Tambi\u00e9n estar\u00e1 disponible en 1LP de 180 gramos en color rosa, adem\u00e1s de una edici\u00f3n especial y limitada que incluye 1LP de 180 gramos en color rosa, DVD y litograf\u00eda autografiada, disponibles en julio.<\/span><\/p>\n<p><span style=\"font-weight: 400;\">Tracklist oficial:<\/span><\/p>\n<ul>\n<li style=\"font-weight: 400;\" aria-level=\"1\"><span style=\"font-weight: 400;\">Me Pregunto<\/span><\/li>\n<li style=\"font-weight: 400;\" aria-level=\"1\"><span style=\"font-weight: 400;\">Ni\u00f1o<\/span><\/li>\n<li style=\"font-weight: 400;\" aria-level=\"1\"><span style=\"font-weight: 400;\">Tus Ojos<\/span><\/li>\n<li style=\"font-weight: 400;\" aria-level=\"1\"><span style=\"font-weight: 400;\">Cada Que\u2026 (ft. Javier Blake)<\/span><\/li>\n<li style=\"font-weight: 400;\" aria-level=\"1\"><span style=\"font-weight: 400;\">A\u00fan As\u00ed Te Vas (ft. Rene\u00e9)<\/span><\/li>\n<li style=\"font-weight: 400;\" aria-level=\"1\"><span style=\"font-weight: 400;\">No Me Voy A Morir<\/span><\/li>\n<li style=\"font-weight: 400;\" aria-level=\"1\"><span style=\"font-weight: 400;\">Mariposas<\/span><\/li>\n<li style=\"font-weight: 400;\" aria-level=\"1\"><span style=\"font-weight: 400;\">Por Ti<\/span><\/li>\n<li style=\"font-weight: 400;\" aria-level=\"1\"><span style=\"font-weight: 400;\">Baila Mi Coraz\u00f3n<\/span><\/li>\n<li style=\"font-weight: 400;\" aria-level=\"1\"><span style=\"font-weight: 400;\">One, Two, Three, Go!<\/span><\/li>\n<li style=\"font-weight: 400;\" aria-level=\"1\"><span style=\"font-weight: 400;\">Rosa Pastel (ft. Dulce Mar\u00eda)<\/span><\/li>\n<\/ul>\n<p><span style=\"font-weight: 400;\">Vida en Rosa Tour fue una gira internacional masiva que abarc\u00f3 m\u00faltiples territorios de Norteam\u00e9rica y Centroam\u00e9rica. Arranc\u00f3 el 2 de marzo de 2024 en Austin, TX , y abarc\u00f3 ciudades como Monterrey, Toluca, Le\u00f3n, Tuxtla Guti\u00e9rrez, M\u00e9rida, Veracruz, Tijuana y Hermosillo; as\u00ed como California, Florida y Nueva York y pa\u00edses como Costa Rica, El Salvador, Guatemala y Honduras.<\/span><\/p>\n","protected":false},"excerpt":{"rendered":"<p>Belanova anunci\u00f3 el lanzamiento oficial de su \u00e1lbum en vivo \u201cVida en Rosa Tour&#8221;, disponible el pr\u00f3ximo 28 de mayo.\u00a0 Integrada por Denisse Guerrero, Edgar Huerta y Ricardo Arreola, la agrupaci\u00f3n re\u00fane las grabaciones del 27 y 28 de noviembre de 2024 en el Palacio de los Deportes, donde captura la emoci\u00f3n y furor de [&hellip;]<\/p>\n","protected":false},"author":2,"featured_media":0,"comment_status":"open","ping_status":"open","sticky":false,"template":"","format":"standard","meta":{"site-sidebar-layout":"default","site-content-layout":"","ast-site-content-layout":"default","site-content-style":"default","site-sidebar-style":"default","ast-global-header-display":"","ast-banner-title-visibility":"","ast-main-header-display":"","ast-hfb-above-header-display":"","ast-hfb-below-header-display":"","ast-hfb-mobile-header-display":"","site-post-title":"","ast-breadcrumbs-content":"","ast-featured-img":"","footer-sml-layout":"","ast-disable-related-posts":"","theme-transparent-header-meta":"default","adv-header-id-meta":"","stick-header-meta":"","header-above-stick-meta":"","header-main-stick-meta":"","header-below-stick-meta":"","astra-migrate-meta-layouts":"set","ast-page-background-enabled":"default","ast-page-background-meta":{"desktop":{"background-color":"var(--ast-global-color-4)","background-image":"","background-repeat":"repeat","background-position":"center center","background-size":"auto","background-attachment":"scroll","background-type":"","background-media":"","overlay-type":"","overlay-color":"","overlay-opacity":"","overlay-gradient":""},"tablet":{"background-color":"","background-image":"","background-repeat":"repeat","background-position":"center center","background-size":"auto","background-attachment":"scroll","background-type":"","background-media":"","overlay-type":"","overlay-color":"","overlay-opacity":"","overlay-gradient":""},"mobile":{"background-color":"","background-image":"","background-repeat":"repeat","background-position":"center center","background-size":"auto","background-attachment":"scroll","background-type":"","background-media":"","overlay-type":"","overlay-color":"","overlay-opacity":"","overlay-gradient":""}},"ast-content-background-meta":{"desktop":{"background-color":"var(--ast-global-color-5)","background-image":"","background-repeat":"repeat","background-position":"center center","background-size":"auto","background-attachment":"scroll","background-type":"","background-media":"","overlay-type":"","overlay-color":"","overlay-opacity":"","overlay-gradient":""},"tablet":{"background-color":"var(--ast-global-color-5)","background-image":"","background-repeat":"repeat","background-position":"center center","background-size":"auto","background-attachment":"scroll","background-type":"","background-media":"","overlay-type":"","overlay-color":"","overlay-opacity":"","overlay-gradient":""},"mobile":{"background-color":"var(--ast-global-color-5)","background-image":"","background-repeat":"repeat","background-position":"center center","background-size":"auto","background-attachment":"scroll","background-type":"","background-media":"","overlay-type":"","overlay-color":"","overlay-opacity":"","overlay-gradient":""}},"footnotes":""},"categories":[6],"tags":[],"columnista":[],"class_list":["post-1356","post","type-post","status-publish","format-standard","hentry","category-estilo-de-vida"],"_links":{"self":[{"href":"https:\/\/elcontemporaneo.mx\/index.php\/wp-json\/wp\/v2\/posts\/1356","targetHints":{"allow":["GET"]}}],"collection":[{"href":"https:\/\/elcontemporaneo.mx\/index.php\/wp-json\/wp\/v2\/posts"}],"about":[{"href":"https:\/\/elcontemporaneo.mx\/index.php\/wp-json\/wp\/v2\/types\/post"}],"author":[{"embeddable":true,"href":"https:\/\/elcontemporaneo.mx\/index.php\/wp-json\/wp\/v2\/users\/2"}],"replies":[{"embeddable":true,"href":"https:\/\/elcontemporaneo.mx\/index.php\/wp-json\/wp\/v2\/comments?post=1356"}],"version-history":[{"count":2,"href":"https:\/\/elcontemporaneo.mx\/index.php\/wp-json\/wp\/v2\/posts\/1356\/revisions"}],"predecessor-version":[{"id":1359,"href":"https:\/\/elcontemporaneo.mx\/index.php\/wp-json\/wp\/v2\/posts\/1356\/revisions\/1359"}],"wp:attachment":[{"href":"https:\/\/elcontemporaneo.mx\/index.php\/wp-json\/wp\/v2\/media?parent=1356"}],"wp:term":[{"taxonomy":"category","embeddable":true,"href":"https:\/\/elcontemporaneo.mx\/index.php\/wp-json\/wp\/v2\/categories?post=1356"},{"taxonomy":"post_tag","embeddable":true,"href":"https:\/\/elcontemporaneo.mx\/index.php\/wp-json\/wp\/v2\/tags?post=1356"},{"taxonomy":"columnista","embeddable":true,"href":"https:\/\/elcontemporaneo.mx\/index.php\/wp-json\/wp\/v2\/columnista?post=1356"}],"curies":[{"name":"wp","href":"https:\/\/api.w.org\/{rel}","templated":true}]}}