{"id":1360,"date":"2026-05-15T00:27:18","date_gmt":"2026-05-15T06:27:18","guid":{"rendered":"https:\/\/elcontemporaneo.mx\/?p=1360"},"modified":"2026-05-19T14:15:02","modified_gmt":"2026-05-19T20:15:02","slug":"exclusiva-ivan-de-la-rioja-y-xel-presentan-solx","status":"publish","type":"post","link":"https:\/\/elcontemporaneo.mx\/index.php\/2026\/05\/15\/exclusiva-ivan-de-la-rioja-y-xel-presentan-solx\/","title":{"rendered":"EXCLUSIVA: Iv\u00e1n de la Rioja y Xel presentan SOLX"},"content":{"rendered":"<p><span style=\"font-weight: 400;\">Despu\u00e9s de una exitosa presentaci\u00f3n en el Foro del Tejedor, en Ciudad de M\u00e9xico, Iv\u00e1n de la Rioja y Xel presentan \u201cSOLX\u201d, un himno al dolor y la soledad que se siente cuando terminas con tu pareja.<\/span><\/p>\n<p><span style=\"font-weight: 400;\">\u201cNace de una experiencia personal donde termin\u00e9 una relaci\u00f3n de 8 a\u00f1os. Me divorci\u00e9 el a\u00f1o pasado, y se siente una soledad muy espec\u00edfica; despu\u00e9s de que sali\u00f3 la canci\u00f3n me di cuenta de que habla del duelo y de c\u00f3mo se siente una p\u00e9rdida de forma inesperada\u201d, indic\u00f3 Iv\u00e1n.\u00a0<\/span><\/p>\n<p><span style=\"font-weight: 400;\">Al crear el sencillo, Iv\u00e1n, quien trabajaba junto a Xel en la producci\u00f3n de su disco, le propuso unir sus voces para darle un matiz especial al tema. En ese momento, ella tambi\u00e9n atravesaba el proceso de terminar una relaci\u00f3n; la experiencia los conect\u00f3 desde el mismo sentimiento y le dio a\u00fan m\u00e1s profundidad y \u00e9nfasis a la canci\u00f3n.<\/span><\/p>\n<p><span style=\"font-weight: 400;\">Con fusiones de R&amp;B, triphop y el uso de autotune, \u201cSOLX\u201d combina ritmos para crear un ambiente de tristeza, pero con un toque \u00fanico, el cual, Iv\u00e1n la define como <\/span><i><span style=\"font-weight: 400;\">sexytriste.<\/span><\/i><\/p>\n<p><img loading=\"lazy\" decoding=\"async\" class=\"aligncenter wp-image-1362 size-medium\" src=\"https:\/\/elcontemporaneo.mx\/wp-content\/uploads\/2026\/05\/content-3-300x200.webp\" alt=\"\" width=\"300\" height=\"200\" srcset=\"https:\/\/elcontemporaneo.mx\/wp-content\/uploads\/2026\/05\/content-3-300x200.webp 300w, https:\/\/elcontemporaneo.mx\/wp-content\/uploads\/2026\/05\/content-3-768x512.webp 768w, https:\/\/elcontemporaneo.mx\/wp-content\/uploads\/2026\/05\/content-3.webp 1000w\" sizes=\"auto, (max-width: 300px) 100vw, 300px\" \/><\/p>\n<p><span style=\"font-weight: 400;\">\u201cM\u00e1s que ser un estilo de m\u00fasica es una forma de vida. Es algo con lo que siempre me he identificado y me gusta experimentar con diferentes g\u00e9neros y estilos. <\/span><i><span style=\"font-weight: 400;\">Sexytriste <\/span><\/i><span style=\"font-weight: 400;\">es un <\/span><i><span style=\"font-weight: 400;\">mood <\/span><\/i><span style=\"font-weight: 400;\">y tiene que ver m\u00e1s con la letra o que tenga un ritmo m\u00e1s lento\u201d, explic\u00f3.<\/span><\/p>\n<p><span style=\"font-weight: 400;\">Este es el tercer sencillo que forma parte del EP titulado \u201cLa insoportable levedad de volar\u201d, el cual se espera salga en octubre de este a\u00f1o.<\/span><\/p>\n<p><span style=\"font-weight: 400;\">\u201cEs un trabajo muy personal porque est\u00e1 directamente relacionado a mis vivencias del \u00faltimo a\u00f1o, pero para sentirme c\u00f3modo con la m\u00fasica que hago necesito experimentar. Yo creo que de las cosas que he hecho, esto es lo m\u00e1s personal y visceral\u201d.<\/span><\/p>\n<p><span style=\"font-weight: 400;\">Aunado a ello, el tambi\u00e9n productor de INMDRZ Records explic\u00f3 que titul\u00f3 a su EP <\/span><i><span style=\"font-weight: 400;\">La insoportable levedad de volar,<\/span><\/i><span style=\"font-weight: 400;\"> debido al impacto emocional que le caus\u00f3 el libro de Milan Kundera, y consider\u00f3 que, aunque el amor y desamor se conectan de diferentes maneras a la hora de componer, el desamor ayuda a conocerse a s\u00ed mismo y es m\u00e1s f\u00e1cil de identificar.<\/span><\/p>\n<p><span style=\"font-weight: 400;\">\u201cMe sent\u00ed muy identificado con esa parte existencialista del libro y combinado a que mucha de esta m\u00fasica la escrib\u00ed en un avi\u00f3n volando fue como, a nivel sil\u00e1bico me gusta como suena \u2018la insoportable levedad de volar\u2019. Yo necesitaba que esto tuviera elementos que son importantes para m\u00ed\u201d.\u00a0<\/span><\/p>\n<p><img loading=\"lazy\" decoding=\"async\" class=\"aligncenter wp-image-1361 size-medium\" src=\"https:\/\/elcontemporaneo.mx\/wp-content\/uploads\/2026\/05\/content-_1_-e1778826135905-300x255.webp\" alt=\"\" width=\"300\" height=\"255\" srcset=\"https:\/\/elcontemporaneo.mx\/wp-content\/uploads\/2026\/05\/content-_1_-e1778826135905-300x255.webp 300w, https:\/\/elcontemporaneo.mx\/wp-content\/uploads\/2026\/05\/content-_1_-e1778826135905-768x653.webp 768w, https:\/\/elcontemporaneo.mx\/wp-content\/uploads\/2026\/05\/content-_1_-e1778826135905.webp 1000w\" sizes=\"auto, (max-width: 300px) 100vw, 300px\" \/><\/p>\n<p><b>Una artista que emerge: Xel<\/b><\/p>\n<p><span style=\"font-weight: 400;\">Xel, la primera artista firmada por el sello INMDRZ Records, y quien prepara un disco contemplado para principios de 2027, explic\u00f3 que su gusto por la m\u00fasica surgi\u00f3 desde muy peque\u00f1a.<\/span><\/p>\n<p><span style=\"font-weight: 400;\">\u201cMi abuela viv\u00eda en Puebla entonces cada a\u00f1o iba a visitarla. Ella era acordeonista, cantante y maestra de piano y yo no sab\u00eda qu\u00e9 onda porque en la familia no hab\u00eda m\u00e1s m\u00fasicos que ella, entonces me ense\u00f1a la canci\u00f3n \u2018Estrellita\u2019, de Manuel M. Ponce y ah\u00ed la empiezo a cantar, despu\u00e9s mi mam\u00e1 pon\u00eda canciones de las princesas de Disney y yo las imitaba\u201d, dijo.\u00a0<\/span><\/p>\n<p><span style=\"font-weight: 400;\">Su madre, quien not\u00f3 el talento de Xel, la llev\u00f3 a un coro de \u00f3pera para ni\u00f1os en Tijuana, su ciudad natal, y comenz\u00f3 su trayectoria en el mundo de la m\u00fasica cl\u00e1sica.<\/span><\/p>\n<p><span style=\"font-weight: 400;\">\u201cConozco al maestro Jos\u00e9 Medina, quien es mi mentor y como un pap\u00e1 para m\u00ed, y ah\u00ed empiezo de lleno. Ya despu\u00e9s me doy cuenta de que no quiero solo cantar m\u00fasica cl\u00e1sica y empec\u00e9 a subir <\/span><i><span style=\"font-weight: 400;\">covers <\/span><\/i><span style=\"font-weight: 400;\">cantando otro g\u00e9nero, y de ah\u00ed me junto con mis amigos y creamos la banda Alorah Meraki\u201d.<\/span><\/p>\n<p><span style=\"font-weight: 400;\">Posteriormente, Xel conoci\u00f3 a Iv\u00e1n de la Rioja, quien vio su talento y decidi\u00f3 producir su disco.<\/span><\/p>\n<p><span style=\"font-weight: 400;\">\u201cEmpiezo a ayudarle con ideas y consejos como amigo y de repente le digo \u2018oye, yo te ayudo a producirlo, vamos a echarle ganas\u2019, y a m\u00ed tambi\u00e9n se me despierta la idea de querer hacer cosas solo. Son dos proyectos como siameses aunque no se parezcan mucho\u201d, subray\u00f3 Iv\u00e1n.\u00a0<\/span><\/p>\n<p><span style=\"font-weight: 400;\">Esta producci\u00f3n musical, tal y como coment\u00f3 Xel, es un espacio para crear su mundo y fusionar diferentes g\u00e9neros los cuales se conectan entre s\u00ed para formar su esencia.<\/span><\/p>\n<p><span style=\"font-weight: 400;\">Su sencillo \u201cPiscis\u201d llegar\u00e1 el pr\u00f3ximo 29 de mayo y naci\u00f3 desde la perspectiva de la artista sobre la relaci\u00f3n de su hermana, quien estuvo 15 a\u00f1os con su pareja. La canci\u00f3n retrata esa sensaci\u00f3n de \u201cestar, pero no estar\u201d: demostrar amor mientras te alejas y dejar a la otra persona esperando a alguien que, aunque ama, nunca termina de quedarse.<\/span><\/p>\n<p><span style=\"font-weight: 400;\">\u00a0<\/span><span style=\"font-weight: 400;\">\u201cHabla de ese sentimiento de que no hay estabilidad. Como que de repente te quieren y luego se van, y te confundes. Habla del desamor y marcar l\u00edmites\u201d.\u00a0<\/span><\/p>\n<p><span style=\"font-weight: 400;\">El disco se espera para principios del pr\u00f3ximo a\u00f1o y marcar\u00e1 una nueva etapa de Xel como solista, lo que la ayudar\u00e1 a dar a conocer su esencia y un ritmo aut\u00e9ntico dentro de su propuesta musical.<\/span><\/p>\n","protected":false},"excerpt":{"rendered":"<p>Despu\u00e9s de una exitosa presentaci\u00f3n en el Foro del Tejedor, en Ciudad de M\u00e9xico, Iv\u00e1n de la Rioja y Xel presentan \u201cSOLX\u201d, un himno al dolor y la soledad que se siente cuando terminas con tu pareja. \u201cNace de una experiencia personal donde termin\u00e9 una relaci\u00f3n de 8 a\u00f1os. Me divorci\u00e9 el a\u00f1o pasado, y [&hellip;]<\/p>\n","protected":false},"author":2,"featured_media":1362,"comment_status":"open","ping_status":"open","sticky":false,"template":"","format":"video","meta":{"site-sidebar-layout":"default","site-content-layout":"","ast-site-content-layout":"default","site-content-style":"default","site-sidebar-style":"default","ast-global-header-display":"","ast-banner-title-visibility":"","ast-main-header-display":"","ast-hfb-above-header-display":"","ast-hfb-below-header-display":"","ast-hfb-mobile-header-display":"","site-post-title":"","ast-breadcrumbs-content":"","ast-featured-img":"","footer-sml-layout":"","ast-disable-related-posts":"","theme-transparent-header-meta":"default","adv-header-id-meta":"","stick-header-meta":"","header-above-stick-meta":"","header-main-stick-meta":"","header-below-stick-meta":"","astra-migrate-meta-layouts":"set","ast-page-background-enabled":"default","ast-page-background-meta":{"desktop":{"background-color":"var(--ast-global-color-4)","background-image":"","background-repeat":"repeat","background-position":"center center","background-size":"auto","background-attachment":"scroll","background-type":"","background-media":"","overlay-type":"","overlay-color":"","overlay-opacity":"","overlay-gradient":""},"tablet":{"background-color":"","background-image":"","background-repeat":"repeat","background-position":"center center","background-size":"auto","background-attachment":"scroll","background-type":"","background-media":"","overlay-type":"","overlay-color":"","overlay-opacity":"","overlay-gradient":""},"mobile":{"background-color":"","background-image":"","background-repeat":"repeat","background-position":"center center","background-size":"auto","background-attachment":"scroll","background-type":"","background-media":"","overlay-type":"","overlay-color":"","overlay-opacity":"","overlay-gradient":""}},"ast-content-background-meta":{"desktop":{"background-color":"var(--ast-global-color-5)","background-image":"","background-repeat":"repeat","background-position":"center center","background-size":"auto","background-attachment":"scroll","background-type":"","background-media":"","overlay-type":"","overlay-color":"","overlay-opacity":"","overlay-gradient":""},"tablet":{"background-color":"var(--ast-global-color-5)","background-image":"","background-repeat":"repeat","background-position":"center center","background-size":"auto","background-attachment":"scroll","background-type":"","background-media":"","overlay-type":"","overlay-color":"","overlay-opacity":"","overlay-gradient":""},"mobile":{"background-color":"var(--ast-global-color-5)","background-image":"","background-repeat":"repeat","background-position":"center center","background-size":"auto","background-attachment":"scroll","background-type":"","background-media":"","overlay-type":"","overlay-color":"","overlay-opacity":"","overlay-gradient":""}},"footnotes":""},"categories":[12,6],"tags":[],"columnista":[],"class_list":["post-1360","post","type-post","status-publish","format-video","has-post-thumbnail","hentry","category-especiales","category-estilo-de-vida","post_format-post-format-video"],"_links":{"self":[{"href":"https:\/\/elcontemporaneo.mx\/index.php\/wp-json\/wp\/v2\/posts\/1360","targetHints":{"allow":["GET"]}}],"collection":[{"href":"https:\/\/elcontemporaneo.mx\/index.php\/wp-json\/wp\/v2\/posts"}],"about":[{"href":"https:\/\/elcontemporaneo.mx\/index.php\/wp-json\/wp\/v2\/types\/post"}],"author":[{"embeddable":true,"href":"https:\/\/elcontemporaneo.mx\/index.php\/wp-json\/wp\/v2\/users\/2"}],"replies":[{"embeddable":true,"href":"https:\/\/elcontemporaneo.mx\/index.php\/wp-json\/wp\/v2\/comments?post=1360"}],"version-history":[{"count":5,"href":"https:\/\/elcontemporaneo.mx\/index.php\/wp-json\/wp\/v2\/posts\/1360\/revisions"}],"predecessor-version":[{"id":1378,"href":"https:\/\/elcontemporaneo.mx\/index.php\/wp-json\/wp\/v2\/posts\/1360\/revisions\/1378"}],"wp:featuredmedia":[{"embeddable":true,"href":"https:\/\/elcontemporaneo.mx\/index.php\/wp-json\/wp\/v2\/media\/1362"}],"wp:attachment":[{"href":"https:\/\/elcontemporaneo.mx\/index.php\/wp-json\/wp\/v2\/media?parent=1360"}],"wp:term":[{"taxonomy":"category","embeddable":true,"href":"https:\/\/elcontemporaneo.mx\/index.php\/wp-json\/wp\/v2\/categories?post=1360"},{"taxonomy":"post_tag","embeddable":true,"href":"https:\/\/elcontemporaneo.mx\/index.php\/wp-json\/wp\/v2\/tags?post=1360"},{"taxonomy":"columnista","embeddable":true,"href":"https:\/\/elcontemporaneo.mx\/index.php\/wp-json\/wp\/v2\/columnista?post=1360"}],"curies":[{"name":"wp","href":"https:\/\/api.w.org\/{rel}","templated":true}]}}