{"id":1379,"date":"2026-05-19T21:14:17","date_gmt":"2026-05-20T03:14:17","guid":{"rendered":"https:\/\/elcontemporaneo.mx\/?p=1379"},"modified":"2026-05-19T21:17:29","modified_gmt":"2026-05-20T03:17:29","slug":"perfect-day-no-sera-aprobado-semarnat","status":"publish","type":"post","link":"https:\/\/elcontemporaneo.mx\/index.php\/2026\/05\/19\/perfect-day-no-sera-aprobado-semarnat\/","title":{"rendered":"&#8220;Perfect Day&#8221; no ser\u00e1 aprobado: Semarnat"},"content":{"rendered":"<p><img loading=\"lazy\" decoding=\"async\" class=\"aligncenter wp-image-1382 size-full\" src=\"https:\/\/elcontemporaneo.mx\/wp-content\/uploads\/2026\/05\/WhatsApp-Image-2026-05-19-at-9.16.39-PM.webp\" alt=\"\" width=\"624\" height=\"273\" srcset=\"https:\/\/elcontemporaneo.mx\/wp-content\/uploads\/2026\/05\/WhatsApp-Image-2026-05-19-at-9.16.39-PM.webp 624w, https:\/\/elcontemporaneo.mx\/wp-content\/uploads\/2026\/05\/WhatsApp-Image-2026-05-19-at-9.16.39-PM-300x131.webp 300w\" sizes=\"auto, (max-width: 624px) 100vw, 624px\" \/><\/p>\n<p>Despu\u00e9s de las protestas y preocupaciones, tanto de mexicanos como de extranjeros, por el impacto ambiental en la zona costera del caribe mexicano, la Secretar\u00eda de Medio Ambiente y Recursos Naturales (Semarnat) inform\u00f3 que no aprobar\u00e1 el proyecto tur\u00edstico \u201cPerfect Day\u201d, de la empresa Royal Caribbean en Mahahual, Quintana Roo.<\/p>\n<p>Alicia B\u00e1rcena, titular de Semarnat,\u00a0 se\u00f1al\u00f3 que el megaproyecto no recibir\u00e1 autorizaci\u00f3n ambiental y a\u00f1adi\u00f3 que la propia empresa podr\u00eda cancelar el proyecto.<\/p>\n<p>&#8220;Perfect Day&#8221; contemplaba la construcci\u00f3n de un complejo tur\u00edstico y parque acu\u00e1tico en Mahahual, con playas artificiales, albercas, restaurantes y m\u00e1s de 30 toboganes.<\/p>\n<p>Greenpeace, ambientalistas y habitantes de la regi\u00f3n alertaron sobre las afectaciones a manglares, arrecifes y fauna marina de Mahahual, lo que podr\u00eda generar afectaciones severas a los ecosistemas costeros y marinos de la regi\u00f3n.<\/p>\n","protected":false},"excerpt":{"rendered":"<p>Despu\u00e9s de las protestas y preocupaciones, tanto de mexicanos como de extranjeros, por el impacto ambiental en la zona costera del caribe mexicano, la Secretar\u00eda de Medio Ambiente y Recursos Naturales (Semarnat) inform\u00f3 que no aprobar\u00e1 el proyecto tur\u00edstico \u201cPerfect Day\u201d, de la empresa Royal Caribbean en Mahahual, Quintana Roo. Alicia B\u00e1rcena, titular de Semarnat,\u00a0 [&hellip;]<\/p>\n","protected":false},"author":2,"featured_media":0,"comment_status":"open","ping_status":"open","sticky":false,"template":"","format":"standard","meta":{"site-sidebar-layout":"default","site-content-layout":"","ast-site-content-layout":"default","site-content-style":"default","site-sidebar-style":"default","ast-global-header-display":"","ast-banner-title-visibility":"","ast-main-header-display":"","ast-hfb-above-header-display":"","ast-hfb-below-header-display":"","ast-hfb-mobile-header-display":"","site-post-title":"","ast-breadcrumbs-content":"","ast-featured-img":"","footer-sml-layout":"","ast-disable-related-posts":"","theme-transparent-header-meta":"default","adv-header-id-meta":"","stick-header-meta":"","header-above-stick-meta":"","header-main-stick-meta":"","header-below-stick-meta":"","astra-migrate-meta-layouts":"set","ast-page-background-enabled":"default","ast-page-background-meta":{"desktop":{"background-color":"var(--ast-global-color-4)","background-image":"","background-repeat":"repeat","background-position":"center center","background-size":"auto","background-attachment":"scroll","background-type":"","background-media":"","overlay-type":"","overlay-color":"","overlay-opacity":"","overlay-gradient":""},"tablet":{"background-color":"","background-image":"","background-repeat":"repeat","background-position":"center center","background-size":"auto","background-attachment":"scroll","background-type":"","background-media":"","overlay-type":"","overlay-color":"","overlay-opacity":"","overlay-gradient":""},"mobile":{"background-color":"","background-image":"","background-repeat":"repeat","background-position":"center center","background-size":"auto","background-attachment":"scroll","background-type":"","background-media":"","overlay-type":"","overlay-color":"","overlay-opacity":"","overlay-gradient":""}},"ast-content-background-meta":{"desktop":{"background-color":"var(--ast-global-color-5)","background-image":"","background-repeat":"repeat","background-position":"center center","background-size":"auto","background-attachment":"scroll","background-type":"","background-media":"","overlay-type":"","overlay-color":"","overlay-opacity":"","overlay-gradient":""},"tablet":{"background-color":"var(--ast-global-color-5)","background-image":"","background-repeat":"repeat","background-position":"center center","background-size":"auto","background-attachment":"scroll","background-type":"","background-media":"","overlay-type":"","overlay-color":"","overlay-opacity":"","overlay-gradient":""},"mobile":{"background-color":"var(--ast-global-color-5)","background-image":"","background-repeat":"repeat","background-position":"center center","background-size":"auto","background-attachment":"scroll","background-type":"","background-media":"","overlay-type":"","overlay-color":"","overlay-opacity":"","overlay-gradient":""}},"footnotes":""},"categories":[1],"tags":[],"columnista":[],"class_list":["post-1379","post","type-post","status-publish","format-standard","hentry","category-nacion"],"_links":{"self":[{"href":"https:\/\/elcontemporaneo.mx\/index.php\/wp-json\/wp\/v2\/posts\/1379","targetHints":{"allow":["GET"]}}],"collection":[{"href":"https:\/\/elcontemporaneo.mx\/index.php\/wp-json\/wp\/v2\/posts"}],"about":[{"href":"https:\/\/elcontemporaneo.mx\/index.php\/wp-json\/wp\/v2\/types\/post"}],"author":[{"embeddable":true,"href":"https:\/\/elcontemporaneo.mx\/index.php\/wp-json\/wp\/v2\/users\/2"}],"replies":[{"embeddable":true,"href":"https:\/\/elcontemporaneo.mx\/index.php\/wp-json\/wp\/v2\/comments?post=1379"}],"version-history":[{"count":3,"href":"https:\/\/elcontemporaneo.mx\/index.php\/wp-json\/wp\/v2\/posts\/1379\/revisions"}],"predecessor-version":[{"id":1383,"href":"https:\/\/elcontemporaneo.mx\/index.php\/wp-json\/wp\/v2\/posts\/1379\/revisions\/1383"}],"wp:attachment":[{"href":"https:\/\/elcontemporaneo.mx\/index.php\/wp-json\/wp\/v2\/media?parent=1379"}],"wp:term":[{"taxonomy":"category","embeddable":true,"href":"https:\/\/elcontemporaneo.mx\/index.php\/wp-json\/wp\/v2\/categories?post=1379"},{"taxonomy":"post_tag","embeddable":true,"href":"https:\/\/elcontemporaneo.mx\/index.php\/wp-json\/wp\/v2\/tags?post=1379"},{"taxonomy":"columnista","embeddable":true,"href":"https:\/\/elcontemporaneo.mx\/index.php\/wp-json\/wp\/v2\/columnista?post=1379"}],"curies":[{"name":"wp","href":"https:\/\/api.w.org\/{rel}","templated":true}]}}