{"id":1393,"date":"2026-05-20T14:12:36","date_gmt":"2026-05-20T20:12:36","guid":{"rendered":"https:\/\/elcontemporaneo.mx\/?p=1393"},"modified":"2026-05-20T14:12:36","modified_gmt":"2026-05-20T20:12:36","slug":"lanza-grisi-men-campana-para-mundial-de-futbol-2026","status":"publish","type":"post","link":"https:\/\/elcontemporaneo.mx\/index.php\/2026\/05\/20\/lanza-grisi-men-campana-para-mundial-de-futbol-2026\/","title":{"rendered":"Lanza Grisi Men campa\u00f1a para Mundial de Futbol 2026"},"content":{"rendered":"<p><iframe loading=\"lazy\" title=\"YouTube video player\" src=\"https:\/\/www.youtube.com\/embed\/8LuU88cb4Vg?si=FTeMdAb2NXI1EMiR\" width=\"560\" height=\"315\" frameborder=\"0\" allowfullscreen=\"allowfullscreen\"><\/iframe><\/p>\n<p><span style=\"font-weight: 400;\">\u201cDalo Todo\u201d, de Grisi Men, es una campa\u00f1a donde Alexis Vega, Orbel\u00edn Pineda y Luis Malag\u00f3n son figuras clave para demostrar que la garra y el orgullo se mantienen intactos en cada desaf\u00edo cotidiano.\u00a0<\/span><\/p>\n<p><span style=\"font-weight: 400;\">A unas semanas de que comience el Mundial de Futbol 2026, la marca present\u00f3 la \u201cEdici\u00f3n Especial Imparable\u201d, una l\u00ednea dise\u00f1ada para el aficionado que vive la intensidad del deporte.\u00a0<\/span><\/p>\n<p><span style=\"font-weight: 400;\">Esta colecci\u00f3n destaca por su dise\u00f1o coleccionable que incluye tres artes distintos por producto e integra productos clave desarrollados para conectar con la exigencia y practicidad del consumidor actual: el Shower Gel 5 en 1, y el Body Spray, con una fragancia para reflejar el orgullo y energ\u00eda del aficionado mexicano.<\/span><\/p>\n<p><span style=\"font-weight: 400;\">La campa\u00f1a \u201cDalo todo\u201d busca consolidar la presencia de la marca en las categor\u00edas de fragancias y jabones l\u00edquidos.<\/span><\/p>\n<p><span style=\"font-weight: 400;\">La Edici\u00f3n Especial \u201cImparable\u201d ya se encuentra disponible en las principales cadenas de autoservicio, farmacias y canales digitales en toda la Rep\u00fablica Mexicana.\u00a0<\/span><\/p>\n<p><span style=\"font-weight: 400;\">Al ser una serie de car\u00e1cter coleccionable con disponibilidad limitada, estar\u00e1 presente \u00fanicamente durante la temporada mundialista para acompa\u00f1ar a la afici\u00f3n en el torneo m\u00e1s importante del mundo.<\/span><\/p>\n","protected":false},"excerpt":{"rendered":"<p>\u201cDalo Todo\u201d, de Grisi Men, es una campa\u00f1a donde Alexis Vega, Orbel\u00edn Pineda y Luis Malag\u00f3n son figuras clave para demostrar que la garra y el orgullo se mantienen intactos en cada desaf\u00edo cotidiano.\u00a0 A unas semanas de que comience el Mundial de Futbol 2026, la marca present\u00f3 la \u201cEdici\u00f3n Especial Imparable\u201d, una l\u00ednea dise\u00f1ada [&hellip;]<\/p>\n","protected":false},"author":2,"featured_media":0,"comment_status":"open","ping_status":"open","sticky":false,"template":"","format":"standard","meta":{"site-sidebar-layout":"default","site-content-layout":"","ast-site-content-layout":"default","site-content-style":"default","site-sidebar-style":"default","ast-global-header-display":"","ast-banner-title-visibility":"","ast-main-header-display":"","ast-hfb-above-header-display":"","ast-hfb-below-header-display":"","ast-hfb-mobile-header-display":"","site-post-title":"","ast-breadcrumbs-content":"","ast-featured-img":"","footer-sml-layout":"","ast-disable-related-posts":"","theme-transparent-header-meta":"default","adv-header-id-meta":"","stick-header-meta":"","header-above-stick-meta":"","header-main-stick-meta":"","header-below-stick-meta":"","astra-migrate-meta-layouts":"set","ast-page-background-enabled":"default","ast-page-background-meta":{"desktop":{"background-color":"var(--ast-global-color-4)","background-image":"","background-repeat":"repeat","background-position":"center center","background-size":"auto","background-attachment":"scroll","background-type":"","background-media":"","overlay-type":"","overlay-color":"","overlay-opacity":"","overlay-gradient":""},"tablet":{"background-color":"","background-image":"","background-repeat":"repeat","background-position":"center center","background-size":"auto","background-attachment":"scroll","background-type":"","background-media":"","overlay-type":"","overlay-color":"","overlay-opacity":"","overlay-gradient":""},"mobile":{"background-color":"","background-image":"","background-repeat":"repeat","background-position":"center center","background-size":"auto","background-attachment":"scroll","background-type":"","background-media":"","overlay-type":"","overlay-color":"","overlay-opacity":"","overlay-gradient":""}},"ast-content-background-meta":{"desktop":{"background-color":"var(--ast-global-color-5)","background-image":"","background-repeat":"repeat","background-position":"center center","background-size":"auto","background-attachment":"scroll","background-type":"","background-media":"","overlay-type":"","overlay-color":"","overlay-opacity":"","overlay-gradient":""},"tablet":{"background-color":"var(--ast-global-color-5)","background-image":"","background-repeat":"repeat","background-position":"center center","background-size":"auto","background-attachment":"scroll","background-type":"","background-media":"","overlay-type":"","overlay-color":"","overlay-opacity":"","overlay-gradient":""},"mobile":{"background-color":"var(--ast-global-color-5)","background-image":"","background-repeat":"repeat","background-position":"center center","background-size":"auto","background-attachment":"scroll","background-type":"","background-media":"","overlay-type":"","overlay-color":"","overlay-opacity":"","overlay-gradient":""}},"footnotes":""},"categories":[6],"tags":[],"columnista":[],"class_list":["post-1393","post","type-post","status-publish","format-standard","hentry","category-estilo-de-vida"],"_links":{"self":[{"href":"https:\/\/elcontemporaneo.mx\/index.php\/wp-json\/wp\/v2\/posts\/1393","targetHints":{"allow":["GET"]}}],"collection":[{"href":"https:\/\/elcontemporaneo.mx\/index.php\/wp-json\/wp\/v2\/posts"}],"about":[{"href":"https:\/\/elcontemporaneo.mx\/index.php\/wp-json\/wp\/v2\/types\/post"}],"author":[{"embeddable":true,"href":"https:\/\/elcontemporaneo.mx\/index.php\/wp-json\/wp\/v2\/users\/2"}],"replies":[{"embeddable":true,"href":"https:\/\/elcontemporaneo.mx\/index.php\/wp-json\/wp\/v2\/comments?post=1393"}],"version-history":[{"count":1,"href":"https:\/\/elcontemporaneo.mx\/index.php\/wp-json\/wp\/v2\/posts\/1393\/revisions"}],"predecessor-version":[{"id":1394,"href":"https:\/\/elcontemporaneo.mx\/index.php\/wp-json\/wp\/v2\/posts\/1393\/revisions\/1394"}],"wp:attachment":[{"href":"https:\/\/elcontemporaneo.mx\/index.php\/wp-json\/wp\/v2\/media?parent=1393"}],"wp:term":[{"taxonomy":"category","embeddable":true,"href":"https:\/\/elcontemporaneo.mx\/index.php\/wp-json\/wp\/v2\/categories?post=1393"},{"taxonomy":"post_tag","embeddable":true,"href":"https:\/\/elcontemporaneo.mx\/index.php\/wp-json\/wp\/v2\/tags?post=1393"},{"taxonomy":"columnista","embeddable":true,"href":"https:\/\/elcontemporaneo.mx\/index.php\/wp-json\/wp\/v2\/columnista?post=1393"}],"curies":[{"name":"wp","href":"https:\/\/api.w.org\/{rel}","templated":true}]}}