{"id":1402,"date":"2026-05-22T21:15:35","date_gmt":"2026-05-23T03:15:35","guid":{"rendered":"https:\/\/elcontemporaneo.mx\/?p=1402"},"modified":"2026-05-22T21:15:35","modified_gmt":"2026-05-23T03:15:35","slug":"ed-maverick-memorias-de-la-nube-en-el-jardin-en-vivo-en-foro-reforma","status":"publish","type":"post","link":"https:\/\/elcontemporaneo.mx\/index.php\/2026\/05\/22\/ed-maverick-memorias-de-la-nube-en-el-jardin-en-vivo-en-foro-reforma\/","title":{"rendered":"Ed Maverick: Memorias de La Nube en el Jard\u00edn (en vivo), en Foro Reforma"},"content":{"rendered":"<p>Del 29 al 31 de mayo en Foro Reforma, se presentar\u00e1 la exhibici\u00f3n <strong>Ed Maverick: Memorias de La Nube en el Jard\u00edn (en vivo)<\/strong>.<\/p>\n<p>A trav\u00e9s del lente de Daniel Patl\u00e1n, la muestra construye una memoria visual a partir de los rastros de un recorrido marcado por el viaje, la espera, el detr\u00e1s de escena, la experiencia compartida del en vivo y los gestos provenientes de los fans.<\/p>\n<p>La exposici\u00f3n integra objetos y materiales que reconstruyen escenas personales e ic\u00f3nicas tanto de la intimidad de la gira como de los conciertos, abriendo la experiencia a un universo m\u00e1s \u00edntimo, emocional y colectivo.<\/p>\n<p>Hace unos d\u00edas Ed Maverick anunci\u00f3 la preorden digital del \u00e1lbum &#8220;LA NUBE EN EL JARD\u00cdN (En Vivo desde Sala Nezahualc\u00f3yotl)&#8221; y ahora, con el anuncio de la apertura de la muestra fotogr\u00e1fica, el vinilo de esta presentaci\u00f3n en vivo estar\u00e1 disponible de forma exclusiva, y con entrega inmediata, en Foro Reforma.<\/p>\n<p>Asimismo, se comunic\u00f3 la precompra y anticipada del fotolibro &#8220;La nube en el jard\u00edn (en vivo)&#8221;, donde se re\u00fanen im\u00e1genes captadas durante la gira de La Nube en el Jard\u00edn por M\u00e9xico, Estados Unidos, Reino Unido, Alemania, Espa\u00f1a, Francia, Colombia y Argentina<\/p>\n<p>La compra de estas dos nuevas ediciones estar\u00e1 abierta tanto para asistentes a la exposici\u00f3n, como al p\u00fablico en general durante los d\u00edas de exhibici\u00f3n, para luego estar disponible a nivel nacional el 1 de junio a trav\u00e9s de uDiscover.<\/p>\n<p><strong>Direcci\u00f3n de Foro Reforma: Lucerna 70b, Ju\u00e1rez, Cuauht\u00e9moc, CDMX<\/strong><\/p>\n","protected":false},"excerpt":{"rendered":"<p>Del 29 al 31 de mayo en Foro Reforma, se presentar\u00e1 la exhibici\u00f3n Ed Maverick: Memorias de La Nube en el Jard\u00edn (en vivo). A trav\u00e9s del lente de Daniel Patl\u00e1n, la muestra construye una memoria visual a partir de los rastros de un recorrido marcado por el viaje, la espera, el detr\u00e1s de escena, [&hellip;]<\/p>\n","protected":false},"author":2,"featured_media":0,"comment_status":"open","ping_status":"open","sticky":false,"template":"","format":"standard","meta":{"site-sidebar-layout":"default","site-content-layout":"","ast-site-content-layout":"default","site-content-style":"default","site-sidebar-style":"default","ast-global-header-display":"","ast-banner-title-visibility":"","ast-main-header-display":"","ast-hfb-above-header-display":"","ast-hfb-below-header-display":"","ast-hfb-mobile-header-display":"","site-post-title":"","ast-breadcrumbs-content":"","ast-featured-img":"","footer-sml-layout":"","ast-disable-related-posts":"","theme-transparent-header-meta":"","adv-header-id-meta":"","stick-header-meta":"","header-above-stick-meta":"","header-main-stick-meta":"","header-below-stick-meta":"","astra-migrate-meta-layouts":"default","ast-page-background-enabled":"default","ast-page-background-meta":{"desktop":{"background-color":"var(--ast-global-color-4)","background-image":"","background-repeat":"repeat","background-position":"center center","background-size":"auto","background-attachment":"scroll","background-type":"","background-media":"","overlay-type":"","overlay-color":"","overlay-opacity":"","overlay-gradient":""},"tablet":{"background-color":"","background-image":"","background-repeat":"repeat","background-position":"center center","background-size":"auto","background-attachment":"scroll","background-type":"","background-media":"","overlay-type":"","overlay-color":"","overlay-opacity":"","overlay-gradient":""},"mobile":{"background-color":"","background-image":"","background-repeat":"repeat","background-position":"center center","background-size":"auto","background-attachment":"scroll","background-type":"","background-media":"","overlay-type":"","overlay-color":"","overlay-opacity":"","overlay-gradient":""}},"ast-content-background-meta":{"desktop":{"background-color":"var(--ast-global-color-5)","background-image":"","background-repeat":"repeat","background-position":"center center","background-size":"auto","background-attachment":"scroll","background-type":"","background-media":"","overlay-type":"","overlay-color":"","overlay-opacity":"","overlay-gradient":""},"tablet":{"background-color":"var(--ast-global-color-5)","background-image":"","background-repeat":"repeat","background-position":"center center","background-size":"auto","background-attachment":"scroll","background-type":"","background-media":"","overlay-type":"","overlay-color":"","overlay-opacity":"","overlay-gradient":""},"mobile":{"background-color":"var(--ast-global-color-5)","background-image":"","background-repeat":"repeat","background-position":"center center","background-size":"auto","background-attachment":"scroll","background-type":"","background-media":"","overlay-type":"","overlay-color":"","overlay-opacity":"","overlay-gradient":""}},"footnotes":""},"categories":[6],"tags":[],"columnista":[],"class_list":["post-1402","post","type-post","status-publish","format-standard","hentry","category-estilo-de-vida"],"_links":{"self":[{"href":"https:\/\/elcontemporaneo.mx\/index.php\/wp-json\/wp\/v2\/posts\/1402","targetHints":{"allow":["GET"]}}],"collection":[{"href":"https:\/\/elcontemporaneo.mx\/index.php\/wp-json\/wp\/v2\/posts"}],"about":[{"href":"https:\/\/elcontemporaneo.mx\/index.php\/wp-json\/wp\/v2\/types\/post"}],"author":[{"embeddable":true,"href":"https:\/\/elcontemporaneo.mx\/index.php\/wp-json\/wp\/v2\/users\/2"}],"replies":[{"embeddable":true,"href":"https:\/\/elcontemporaneo.mx\/index.php\/wp-json\/wp\/v2\/comments?post=1402"}],"version-history":[{"count":1,"href":"https:\/\/elcontemporaneo.mx\/index.php\/wp-json\/wp\/v2\/posts\/1402\/revisions"}],"predecessor-version":[{"id":1403,"href":"https:\/\/elcontemporaneo.mx\/index.php\/wp-json\/wp\/v2\/posts\/1402\/revisions\/1403"}],"wp:attachment":[{"href":"https:\/\/elcontemporaneo.mx\/index.php\/wp-json\/wp\/v2\/media?parent=1402"}],"wp:term":[{"taxonomy":"category","embeddable":true,"href":"https:\/\/elcontemporaneo.mx\/index.php\/wp-json\/wp\/v2\/categories?post=1402"},{"taxonomy":"post_tag","embeddable":true,"href":"https:\/\/elcontemporaneo.mx\/index.php\/wp-json\/wp\/v2\/tags?post=1402"},{"taxonomy":"columnista","embeddable":true,"href":"https:\/\/elcontemporaneo.mx\/index.php\/wp-json\/wp\/v2\/columnista?post=1402"}],"curies":[{"name":"wp","href":"https:\/\/api.w.org\/{rel}","templated":true}]}}