{"id":1404,"date":"2026-05-22T21:29:53","date_gmt":"2026-05-23T03:29:53","guid":{"rendered":"https:\/\/elcontemporaneo.mx\/?p=1404"},"modified":"2026-05-22T21:29:53","modified_gmt":"2026-05-23T03:29:53","slug":"llega-festival-de-colores-a-faro-indios-verdes","status":"publish","type":"post","link":"https:\/\/elcontemporaneo.mx\/index.php\/2026\/05\/22\/llega-festival-de-colores-a-faro-indios-verdes\/","title":{"rendered":"Llega &#8220;Festival de Colores&#8221; a FARO Indios Verdes"},"content":{"rendered":"<p><img loading=\"lazy\" decoding=\"async\" class=\"size-medium wp-image-1405 aligncenter\" src=\"https:\/\/elcontemporaneo.mx\/wp-content\/uploads\/2026\/05\/6a0f767a7be77433865453-240x300.webp\" alt=\"\" width=\"240\" height=\"300\" srcset=\"https:\/\/elcontemporaneo.mx\/wp-content\/uploads\/2026\/05\/6a0f767a7be77433865453-240x300.webp 240w, https:\/\/elcontemporaneo.mx\/wp-content\/uploads\/2026\/05\/6a0f767a7be77433865453-819x1024.webp 819w, https:\/\/elcontemporaneo.mx\/wp-content\/uploads\/2026\/05\/6a0f767a7be77433865453-768x960.webp 768w, https:\/\/elcontemporaneo.mx\/wp-content\/uploads\/2026\/05\/6a0f767a7be77433865453.webp 1080w\" sizes=\"auto, (max-width: 240px) 100vw, 240px\" \/><\/p>\n<p>Este s\u00e1bado 23 de mayo la F\u00e1brica de Artes y Oficios (FARO) Indios Verdes celebrar\u00e1 el \u201cFestival de Colores\u201d, una jornada gratuita creada de la mano de la comunidad LGBTTIQ+ para celebrar la identidad, el orgullo y las distintas formas de expresi\u00f3n art\u00edstica.<\/p>\n<p>En el marco del D\u00eda Internacional contra la Homofobia, la Transfobia y la Bifobia, el evento invita a mirar otras perspectivas, escuchar otras voces y descubrir formas distintas de narrarse, porque ocupar espacios tambi\u00e9n significa poder crear, imaginar y expresarse libremente.<\/p>\n<p>Entre las actividaes, el colectivo independiente \u201cMalditos Travestis\u201d presentar\u00e1 &#8220;Tres miradas sobre el Drag King en M\u00e9xico&#8221;, una experiencia que abrir\u00e1 conversaci\u00f3n en torno a esta disciplina art\u00edstica y las m\u00faltiples formas en las que el cuerpo, la identidad y la expresi\u00f3n pueden convertirse en lenguaje.<\/p>\n<p>Tambi\u00e9n habr\u00e1 proyecci\u00f3n de cortometrajes de cine experimental dirigidos por Agosto G\u00f3mez, compa\u00f1era del recinto, quien compartir\u00e1 piezas como \u201cTributo a Helter Skelter\u201d y \u201cYo te conozco\u201d, trabajos que dialogan entre la m\u00fasica, el movimiento y las posibilidades de un lenguaje audiovisual.<\/p>\n<p>Este evento recuerda que toda persona merece espacios donde pueda mostrarse y con libertad.<\/p>\n<p><strong>Direcci\u00f3n: FARO Indios Verdes, ubicado en Huitzilihuitl 51, colonia Santa Isabel Tola, alcald\u00eda Gustavo A. Madero.\u00a0<\/strong><\/p>\n","protected":false},"excerpt":{"rendered":"<p>Este s\u00e1bado 23 de mayo la F\u00e1brica de Artes y Oficios (FARO) Indios Verdes celebrar\u00e1 el \u201cFestival de Colores\u201d, una jornada gratuita creada de la mano de la comunidad LGBTTIQ+ para celebrar la identidad, el orgullo y las distintas formas de expresi\u00f3n art\u00edstica. En el marco del D\u00eda Internacional contra la Homofobia, la Transfobia y [&hellip;]<\/p>\n","protected":false},"author":2,"featured_media":0,"comment_status":"open","ping_status":"open","sticky":false,"template":"","format":"standard","meta":{"site-sidebar-layout":"default","site-content-layout":"","ast-site-content-layout":"default","site-content-style":"default","site-sidebar-style":"default","ast-global-header-display":"","ast-banner-title-visibility":"","ast-main-header-display":"","ast-hfb-above-header-display":"","ast-hfb-below-header-display":"","ast-hfb-mobile-header-display":"","site-post-title":"","ast-breadcrumbs-content":"","ast-featured-img":"","footer-sml-layout":"","ast-disable-related-posts":"","theme-transparent-header-meta":"default","adv-header-id-meta":"","stick-header-meta":"","header-above-stick-meta":"","header-main-stick-meta":"","header-below-stick-meta":"","astra-migrate-meta-layouts":"set","ast-page-background-enabled":"default","ast-page-background-meta":{"desktop":{"background-color":"var(--ast-global-color-4)","background-image":"","background-repeat":"repeat","background-position":"center center","background-size":"auto","background-attachment":"scroll","background-type":"","background-media":"","overlay-type":"","overlay-color":"","overlay-opacity":"","overlay-gradient":""},"tablet":{"background-color":"","background-image":"","background-repeat":"repeat","background-position":"center center","background-size":"auto","background-attachment":"scroll","background-type":"","background-media":"","overlay-type":"","overlay-color":"","overlay-opacity":"","overlay-gradient":""},"mobile":{"background-color":"","background-image":"","background-repeat":"repeat","background-position":"center center","background-size":"auto","background-attachment":"scroll","background-type":"","background-media":"","overlay-type":"","overlay-color":"","overlay-opacity":"","overlay-gradient":""}},"ast-content-background-meta":{"desktop":{"background-color":"var(--ast-global-color-5)","background-image":"","background-repeat":"repeat","background-position":"center center","background-size":"auto","background-attachment":"scroll","background-type":"","background-media":"","overlay-type":"","overlay-color":"","overlay-opacity":"","overlay-gradient":""},"tablet":{"background-color":"var(--ast-global-color-5)","background-image":"","background-repeat":"repeat","background-position":"center center","background-size":"auto","background-attachment":"scroll","background-type":"","background-media":"","overlay-type":"","overlay-color":"","overlay-opacity":"","overlay-gradient":""},"mobile":{"background-color":"var(--ast-global-color-5)","background-image":"","background-repeat":"repeat","background-position":"center center","background-size":"auto","background-attachment":"scroll","background-type":"","background-media":"","overlay-type":"","overlay-color":"","overlay-opacity":"","overlay-gradient":""}},"footnotes":""},"categories":[6],"tags":[],"columnista":[],"class_list":["post-1404","post","type-post","status-publish","format-standard","hentry","category-estilo-de-vida"],"_links":{"self":[{"href":"https:\/\/elcontemporaneo.mx\/index.php\/wp-json\/wp\/v2\/posts\/1404","targetHints":{"allow":["GET"]}}],"collection":[{"href":"https:\/\/elcontemporaneo.mx\/index.php\/wp-json\/wp\/v2\/posts"}],"about":[{"href":"https:\/\/elcontemporaneo.mx\/index.php\/wp-json\/wp\/v2\/types\/post"}],"author":[{"embeddable":true,"href":"https:\/\/elcontemporaneo.mx\/index.php\/wp-json\/wp\/v2\/users\/2"}],"replies":[{"embeddable":true,"href":"https:\/\/elcontemporaneo.mx\/index.php\/wp-json\/wp\/v2\/comments?post=1404"}],"version-history":[{"count":1,"href":"https:\/\/elcontemporaneo.mx\/index.php\/wp-json\/wp\/v2\/posts\/1404\/revisions"}],"predecessor-version":[{"id":1406,"href":"https:\/\/elcontemporaneo.mx\/index.php\/wp-json\/wp\/v2\/posts\/1404\/revisions\/1406"}],"wp:attachment":[{"href":"https:\/\/elcontemporaneo.mx\/index.php\/wp-json\/wp\/v2\/media?parent=1404"}],"wp:term":[{"taxonomy":"category","embeddable":true,"href":"https:\/\/elcontemporaneo.mx\/index.php\/wp-json\/wp\/v2\/categories?post=1404"},{"taxonomy":"post_tag","embeddable":true,"href":"https:\/\/elcontemporaneo.mx\/index.php\/wp-json\/wp\/v2\/tags?post=1404"},{"taxonomy":"columnista","embeddable":true,"href":"https:\/\/elcontemporaneo.mx\/index.php\/wp-json\/wp\/v2\/columnista?post=1404"}],"curies":[{"name":"wp","href":"https:\/\/api.w.org\/{rel}","templated":true}]}}