{"id":1420,"date":"2026-05-27T19:00:03","date_gmt":"2026-05-28T01:00:03","guid":{"rendered":"https:\/\/elcontemporaneo.mx\/?p=1420"},"modified":"2026-05-27T19:00:04","modified_gmt":"2026-05-28T01:00:04","slug":"jugamos-en-casa-banalo-en-casa-entre-el-bienestar-y-la-pasion-del-futbol","status":"publish","type":"post","link":"https:\/\/elcontemporaneo.mx\/index.php\/2026\/05\/27\/jugamos-en-casa-banalo-en-casa-entre-el-bienestar-y-la-pasion-del-futbol\/","title":{"rendered":"&#8220;Jugamos en casa, b\u00e1\u00f1alo en casa&#8221;, entre el bienestar y la pasi\u00f3n del futbol"},"content":{"rendered":"<p><iframe loading=\"lazy\" title=\"YouTube video player\" src=\"https:\/\/www.youtube.com\/embed\/YEaXYpAqmDo?si=OmBaBisgrFZpqSGm\" width=\"560\" height=\"315\" frameborder=\"0\" allowfullscreen=\"allowfullscreen\"><\/iframe><\/p>\n<p><span style=\"font-weight: 400;\">Del Perro Consentido, de pet care de Grupo Grisi, lanz\u00f3 la campa\u00f1a titulada &#8220;Jugamos en casa, b\u00e1\u00f1alo en casa&#8221;.<\/span><\/p>\n<p><span style=\"font-weight: 400;\">La marca explor\u00f3 el mundo imaginario de los perritos y los hizo protagonistas de la cancha o seguidores de la selecci\u00f3n. Los videos se enfocan en el sue\u00f1o futbolista y la importancia del bienestar diario.<\/span><\/p>\n<p><img loading=\"lazy\" decoding=\"async\" class=\"aligncenter wp-image-1421 size-large\" src=\"https:\/\/elcontemporaneo.mx\/wp-content\/uploads\/2026\/05\/PETCARE1-1-1024x573.webp\" alt=\"\" width=\"1024\" height=\"573\" srcset=\"https:\/\/elcontemporaneo.mx\/wp-content\/uploads\/2026\/05\/PETCARE1-1-1024x573.webp 1024w, https:\/\/elcontemporaneo.mx\/wp-content\/uploads\/2026\/05\/PETCARE1-1-300x168.webp 300w, https:\/\/elcontemporaneo.mx\/wp-content\/uploads\/2026\/05\/PETCARE1-1-768x430.webp 768w, https:\/\/elcontemporaneo.mx\/wp-content\/uploads\/2026\/05\/PETCARE1-1.webp 1198w\" sizes=\"auto, (max-width: 1024px) 100vw, 1024px\" \/><\/p>\n<p>&nbsp;<\/p>\n<p><span style=\"font-weight: 400;\">Ante ello, Del Perro Consentido tambi\u00e9n comparti\u00f3 5 ventajas de ba\u00f1ar a los peludos en casa:\u00a0<\/span><\/p>\n<ul>\n<li style=\"font-weight: 400;\" aria-level=\"1\"><span style=\"font-weight: 400;\">Reduce el estr\u00e9s: el entorno familiar y la voz del due\u00f1o brindan una seguridad que dif\u00edcilmente se encuentra en una est\u00e9tica veterinaria<\/span><\/li>\n<li style=\"font-weight: 400;\" aria-level=\"1\"><span style=\"font-weight: 400;\">Fortalece el v\u00ednculo: el ba\u00f1o genera una complicidad \u00fanica, y convierte la tarea en un momento de mimos y confianza mutua<\/span><\/li>\n<li style=\"font-weight: 400;\" aria-level=\"1\"><span style=\"font-weight: 400;\">Detecci\u00f3n temprana de anomal\u00edas: es mucho m\u00e1s sencillo identificar a tiempo cualquier protuberancia, herida, par\u00e1sito o irritaci\u00f3n en la piel<\/span><\/li>\n<li style=\"font-weight: 400;\" aria-level=\"1\"><span style=\"font-weight: 400;\">Cuidado especializado sin errores: productos como el Shampoo Anti Olores del Perro Consentido garantiza que se eliminen los aromas persistentes del &#8220;sudor de juego&#8221; sin alterar el pH natural de su piel.<\/span><\/li>\n<li style=\"font-weight: 400;\" aria-level=\"1\"><span style=\"font-weight: 400;\">Ambiente controlado y seguro: total control sobre la temperatura del agua y la delicadeza del secado<\/span><\/li>\n<\/ul>\n<p><span style=\"font-weight: 400;\">Al convertir la higiene en un acto de amor y cercan\u00eda, Del Perro Consentido asegura que, sin importar el resultado del marcador, los integrantes m\u00e1s leales de la familia siempre tendr\u00e1n el cuidado necesario para destacar como los verdaderos campeones de casa.<\/span><\/p>\n","protected":false},"excerpt":{"rendered":"<p>Del Perro Consentido, de pet care de Grupo Grisi, lanz\u00f3 la campa\u00f1a titulada &#8220;Jugamos en casa, b\u00e1\u00f1alo en casa&#8221;. La marca explor\u00f3 el mundo imaginario de los perritos y los hizo protagonistas de la cancha o seguidores de la selecci\u00f3n. Los videos se enfocan en el sue\u00f1o futbolista y la importancia del bienestar diario. &nbsp; [&hellip;]<\/p>\n","protected":false},"author":2,"featured_media":0,"comment_status":"open","ping_status":"open","sticky":false,"template":"","format":"standard","meta":{"site-sidebar-layout":"default","site-content-layout":"","ast-site-content-layout":"default","site-content-style":"default","site-sidebar-style":"default","ast-global-header-display":"","ast-banner-title-visibility":"","ast-main-header-display":"","ast-hfb-above-header-display":"","ast-hfb-below-header-display":"","ast-hfb-mobile-header-display":"","site-post-title":"","ast-breadcrumbs-content":"","ast-featured-img":"","footer-sml-layout":"","ast-disable-related-posts":"","theme-transparent-header-meta":"default","adv-header-id-meta":"","stick-header-meta":"","header-above-stick-meta":"","header-main-stick-meta":"","header-below-stick-meta":"","astra-migrate-meta-layouts":"set","ast-page-background-enabled":"default","ast-page-background-meta":{"desktop":{"background-color":"var(--ast-global-color-4)","background-image":"","background-repeat":"repeat","background-position":"center center","background-size":"auto","background-attachment":"scroll","background-type":"","background-media":"","overlay-type":"","overlay-color":"","overlay-opacity":"","overlay-gradient":""},"tablet":{"background-color":"","background-image":"","background-repeat":"repeat","background-position":"center center","background-size":"auto","background-attachment":"scroll","background-type":"","background-media":"","overlay-type":"","overlay-color":"","overlay-opacity":"","overlay-gradient":""},"mobile":{"background-color":"","background-image":"","background-repeat":"repeat","background-position":"center center","background-size":"auto","background-attachment":"scroll","background-type":"","background-media":"","overlay-type":"","overlay-color":"","overlay-opacity":"","overlay-gradient":""}},"ast-content-background-meta":{"desktop":{"background-color":"var(--ast-global-color-5)","background-image":"","background-repeat":"repeat","background-position":"center center","background-size":"auto","background-attachment":"scroll","background-type":"","background-media":"","overlay-type":"","overlay-color":"","overlay-opacity":"","overlay-gradient":""},"tablet":{"background-color":"var(--ast-global-color-5)","background-image":"","background-repeat":"repeat","background-position":"center center","background-size":"auto","background-attachment":"scroll","background-type":"","background-media":"","overlay-type":"","overlay-color":"","overlay-opacity":"","overlay-gradient":""},"mobile":{"background-color":"var(--ast-global-color-5)","background-image":"","background-repeat":"repeat","background-position":"center center","background-size":"auto","background-attachment":"scroll","background-type":"","background-media":"","overlay-type":"","overlay-color":"","overlay-opacity":"","overlay-gradient":""}},"footnotes":""},"categories":[6],"tags":[],"columnista":[],"class_list":["post-1420","post","type-post","status-publish","format-standard","hentry","category-estilo-de-vida"],"_links":{"self":[{"href":"https:\/\/elcontemporaneo.mx\/index.php\/wp-json\/wp\/v2\/posts\/1420","targetHints":{"allow":["GET"]}}],"collection":[{"href":"https:\/\/elcontemporaneo.mx\/index.php\/wp-json\/wp\/v2\/posts"}],"about":[{"href":"https:\/\/elcontemporaneo.mx\/index.php\/wp-json\/wp\/v2\/types\/post"}],"author":[{"embeddable":true,"href":"https:\/\/elcontemporaneo.mx\/index.php\/wp-json\/wp\/v2\/users\/2"}],"replies":[{"embeddable":true,"href":"https:\/\/elcontemporaneo.mx\/index.php\/wp-json\/wp\/v2\/comments?post=1420"}],"version-history":[{"count":1,"href":"https:\/\/elcontemporaneo.mx\/index.php\/wp-json\/wp\/v2\/posts\/1420\/revisions"}],"predecessor-version":[{"id":1422,"href":"https:\/\/elcontemporaneo.mx\/index.php\/wp-json\/wp\/v2\/posts\/1420\/revisions\/1422"}],"wp:attachment":[{"href":"https:\/\/elcontemporaneo.mx\/index.php\/wp-json\/wp\/v2\/media?parent=1420"}],"wp:term":[{"taxonomy":"category","embeddable":true,"href":"https:\/\/elcontemporaneo.mx\/index.php\/wp-json\/wp\/v2\/categories?post=1420"},{"taxonomy":"post_tag","embeddable":true,"href":"https:\/\/elcontemporaneo.mx\/index.php\/wp-json\/wp\/v2\/tags?post=1420"},{"taxonomy":"columnista","embeddable":true,"href":"https:\/\/elcontemporaneo.mx\/index.php\/wp-json\/wp\/v2\/columnista?post=1420"}],"curies":[{"name":"wp","href":"https:\/\/api.w.org\/{rel}","templated":true}]}}