{"id":1423,"date":"2026-05-27T19:21:06","date_gmt":"2026-05-28T01:21:06","guid":{"rendered":"https:\/\/elcontemporaneo.mx\/?p=1423"},"modified":"2026-05-27T19:21:06","modified_gmt":"2026-05-28T01:21:06","slug":"silvana-estrada-en-el-coloso-de-reforma","status":"publish","type":"post","link":"https:\/\/elcontemporaneo.mx\/index.php\/2026\/05\/27\/silvana-estrada-en-el-coloso-de-reforma\/","title":{"rendered":"Silvana Estrada, en el Coloso de Reforma"},"content":{"rendered":"<p><img loading=\"lazy\" decoding=\"async\" class=\"aligncenter wp-image-1424 size-large\" src=\"https:\/\/elcontemporaneo.mx\/wp-content\/uploads\/2026\/05\/Silvana-Estrada-TM2026_01_27_224510_4762_-ZL-1024x684.webp\" alt=\"\" width=\"1024\" height=\"684\" srcset=\"https:\/\/elcontemporaneo.mx\/wp-content\/uploads\/2026\/05\/Silvana-Estrada-TM2026_01_27_224510_4762_-ZL-1024x684.webp 1024w, https:\/\/elcontemporaneo.mx\/wp-content\/uploads\/2026\/05\/Silvana-Estrada-TM2026_01_27_224510_4762_-ZL-300x200.webp 300w, https:\/\/elcontemporaneo.mx\/wp-content\/uploads\/2026\/05\/Silvana-Estrada-TM2026_01_27_224510_4762_-ZL-768x513.webp 768w, https:\/\/elcontemporaneo.mx\/wp-content\/uploads\/2026\/05\/Silvana-Estrada-TM2026_01_27_224510_4762_-ZL-1536x1025.webp 1536w, https:\/\/elcontemporaneo.mx\/wp-content\/uploads\/2026\/05\/Silvana-Estrada-TM2026_01_27_224510_4762_-ZL-2048x1367.webp 2048w\" sizes=\"auto, (max-width: 1024px) 100vw, 1024px\" \/><\/p>\n<p><span style=\"font-weight: 400;\">Silvana Estrada, llega por primera vez al Auditorio Nacional el pr\u00f3ximo 12 de diciembre para presentar el cierre de su gira \u201cVendr\u00e1n Suaves Lluvias\u201d.<\/span><\/p>\n<p><span style=\"font-weight: 400;\">Tras un a\u00f1o hist\u00f3rico para la cantautora veracruzana, quien agot\u00f3 tres funciones consecutivas en el Teatro Metrop\u00f3litan en tiempo r\u00e9cord y realiz\u00f3 una gira de 21 fechas por M\u00e9xico; aunado a una serie de conciertos internacionales con m\u00faltiples presentaciones agotadas en Brasil, Argentina, Chile, Reino Unido, Espa\u00f1a, Estados Unidos y Alemania.<\/span><\/p>\n<p><span style=\"font-weight: 400;\">Durante esta gira, Silvana tambi\u00e9n se present\u00f3 en ciudades como Reykjav\u00edk, Estambul, Budapest, Praga, Mil\u00e1n, Oslo y Viena, y es una de las pocas artistas mexicanas contempor\u00e1neas en llevar su m\u00fasica a escenarios y audiencias tan diversas.\u00a0<\/span><\/p>\n<p><span style=\"font-weight: 400;\">Silvana tambi\u00e9n protagoniz\u00f3 las portadas de Rolling Stone en Espa\u00f1ol y Songlines, y reafirm\u00f3 el alcance internacional de una artista que contin\u00faa posicion\u00e1ndose como una de las voces m\u00e1s relevantes de la m\u00fasica contempor\u00e1nea en espa\u00f1ol.<\/span><\/p>\n<p><span style=\"font-weight: 400;\">La gira y el alcance internacional de su \u00e1lbum estuvo acompa\u00f1ado por algunos de los momentos medi\u00e1ticos m\u00e1s importantes de la carrera de Silvana.\u00a0<\/span><\/p>\n<p><span style=\"font-weight: 400;\">Tras el lanzamiento de \u201cVendr\u00e1n Suaves Lluvias\u201d, Silvana present\u00f3 su segundo Tiny Desk Concert para NPR, acompa\u00f1ada por una banda de ocho m\u00fasicos entre M\u00e9xico y Montreal, y protagoniz\u00f3 una sesi\u00f3n para COLORS y una entrevista con Zane Lowe para Apple Music.\u00a0<\/span><\/p>\n<p><span style=\"font-weight: 400;\">Ahora, Silvana llegar\u00e1 al Auditorio Nacional con un espect\u00e1culo especialmente concebido para despedir su gira.<\/span><\/p>\n<p><span style=\"font-weight: 400;\">Los boletos estar\u00e1n disponibles en la preventa Banamex el 29 de mayo, y un d\u00eda despu\u00e9s podr\u00e1n adquirirse en las taquillas del inmueble y a trav\u00e9s de ETicket.<\/span><\/p>\n<p><strong><em>*Foto: Zeuz L\u00f3pez<\/em><\/strong><\/p>\n","protected":false},"excerpt":{"rendered":"<p>Silvana Estrada, llega por primera vez al Auditorio Nacional el pr\u00f3ximo 12 de diciembre para presentar el cierre de su gira \u201cVendr\u00e1n Suaves Lluvias\u201d. Tras un a\u00f1o hist\u00f3rico para la cantautora veracruzana, quien agot\u00f3 tres funciones consecutivas en el Teatro Metrop\u00f3litan en tiempo r\u00e9cord y realiz\u00f3 una gira de 21 fechas por M\u00e9xico; aunado a [&hellip;]<\/p>\n","protected":false},"author":2,"featured_media":0,"comment_status":"open","ping_status":"open","sticky":false,"template":"","format":"standard","meta":{"site-sidebar-layout":"default","site-content-layout":"","ast-site-content-layout":"default","site-content-style":"default","site-sidebar-style":"default","ast-global-header-display":"","ast-banner-title-visibility":"","ast-main-header-display":"","ast-hfb-above-header-display":"","ast-hfb-below-header-display":"","ast-hfb-mobile-header-display":"","site-post-title":"","ast-breadcrumbs-content":"","ast-featured-img":"","footer-sml-layout":"","ast-disable-related-posts":"","theme-transparent-header-meta":"default","adv-header-id-meta":"","stick-header-meta":"","header-above-stick-meta":"","header-main-stick-meta":"","header-below-stick-meta":"","astra-migrate-meta-layouts":"set","ast-page-background-enabled":"default","ast-page-background-meta":{"desktop":{"background-color":"var(--ast-global-color-4)","background-image":"","background-repeat":"repeat","background-position":"center center","background-size":"auto","background-attachment":"scroll","background-type":"","background-media":"","overlay-type":"","overlay-color":"","overlay-opacity":"","overlay-gradient":""},"tablet":{"background-color":"","background-image":"","background-repeat":"repeat","background-position":"center center","background-size":"auto","background-attachment":"scroll","background-type":"","background-media":"","overlay-type":"","overlay-color":"","overlay-opacity":"","overlay-gradient":""},"mobile":{"background-color":"","background-image":"","background-repeat":"repeat","background-position":"center center","background-size":"auto","background-attachment":"scroll","background-type":"","background-media":"","overlay-type":"","overlay-color":"","overlay-opacity":"","overlay-gradient":""}},"ast-content-background-meta":{"desktop":{"background-color":"var(--ast-global-color-5)","background-image":"","background-repeat":"repeat","background-position":"center center","background-size":"auto","background-attachment":"scroll","background-type":"","background-media":"","overlay-type":"","overlay-color":"","overlay-opacity":"","overlay-gradient":""},"tablet":{"background-color":"var(--ast-global-color-5)","background-image":"","background-repeat":"repeat","background-position":"center center","background-size":"auto","background-attachment":"scroll","background-type":"","background-media":"","overlay-type":"","overlay-color":"","overlay-opacity":"","overlay-gradient":""},"mobile":{"background-color":"var(--ast-global-color-5)","background-image":"","background-repeat":"repeat","background-position":"center center","background-size":"auto","background-attachment":"scroll","background-type":"","background-media":"","overlay-type":"","overlay-color":"","overlay-opacity":"","overlay-gradient":""}},"footnotes":""},"categories":[6],"tags":[],"columnista":[],"class_list":["post-1423","post","type-post","status-publish","format-standard","hentry","category-estilo-de-vida"],"_links":{"self":[{"href":"https:\/\/elcontemporaneo.mx\/index.php\/wp-json\/wp\/v2\/posts\/1423","targetHints":{"allow":["GET"]}}],"collection":[{"href":"https:\/\/elcontemporaneo.mx\/index.php\/wp-json\/wp\/v2\/posts"}],"about":[{"href":"https:\/\/elcontemporaneo.mx\/index.php\/wp-json\/wp\/v2\/types\/post"}],"author":[{"embeddable":true,"href":"https:\/\/elcontemporaneo.mx\/index.php\/wp-json\/wp\/v2\/users\/2"}],"replies":[{"embeddable":true,"href":"https:\/\/elcontemporaneo.mx\/index.php\/wp-json\/wp\/v2\/comments?post=1423"}],"version-history":[{"count":1,"href":"https:\/\/elcontemporaneo.mx\/index.php\/wp-json\/wp\/v2\/posts\/1423\/revisions"}],"predecessor-version":[{"id":1425,"href":"https:\/\/elcontemporaneo.mx\/index.php\/wp-json\/wp\/v2\/posts\/1423\/revisions\/1425"}],"wp:attachment":[{"href":"https:\/\/elcontemporaneo.mx\/index.php\/wp-json\/wp\/v2\/media?parent=1423"}],"wp:term":[{"taxonomy":"category","embeddable":true,"href":"https:\/\/elcontemporaneo.mx\/index.php\/wp-json\/wp\/v2\/categories?post=1423"},{"taxonomy":"post_tag","embeddable":true,"href":"https:\/\/elcontemporaneo.mx\/index.php\/wp-json\/wp\/v2\/tags?post=1423"},{"taxonomy":"columnista","embeddable":true,"href":"https:\/\/elcontemporaneo.mx\/index.php\/wp-json\/wp\/v2\/columnista?post=1423"}],"curies":[{"name":"wp","href":"https:\/\/api.w.org\/{rel}","templated":true}]}}