{"id":1439,"date":"2026-06-01T12:42:50","date_gmt":"2026-06-01T18:42:50","guid":{"rendered":"https:\/\/elcontemporaneo.mx\/?p=1439"},"modified":"2026-06-01T12:52:15","modified_gmt":"2026-06-01T18:52:15","slug":"y-porque-un-necio-pasa-por-sabio-si-guarda-silencio","status":"publish","type":"post","link":"https:\/\/elcontemporaneo.mx\/index.php\/2026\/06\/01\/y-porque-un-necio-pasa-por-sabio-si-guarda-silencio\/","title":{"rendered":"\u00bfY porque un necio pasa por sabio si guarda silencio?"},"content":{"rendered":"<p><img loading=\"lazy\" decoding=\"async\" class=\"aligncenter wp-image-1443 size-large\" src=\"https:\/\/elcontemporaneo.mx\/wp-content\/uploads\/2026\/06\/ChatGPT-Image-1-jun-2026_-12_46_26-683x1024.webp\" alt=\"\" width=\"683\" height=\"1024\" srcset=\"https:\/\/elcontemporaneo.mx\/wp-content\/uploads\/2026\/06\/ChatGPT-Image-1-jun-2026_-12_46_26-683x1024.webp 683w, https:\/\/elcontemporaneo.mx\/wp-content\/uploads\/2026\/06\/ChatGPT-Image-1-jun-2026_-12_46_26-200x300.webp 200w, https:\/\/elcontemporaneo.mx\/wp-content\/uploads\/2026\/06\/ChatGPT-Image-1-jun-2026_-12_46_26-768x1152.webp 768w, https:\/\/elcontemporaneo.mx\/wp-content\/uploads\/2026\/06\/ChatGPT-Image-1-jun-2026_-12_46_26.webp 1024w\" sizes=\"auto, (max-width: 683px) 100vw, 683px\" \/><\/p>\n<p>En la entrega anterior analizamos el fen\u00f3meno de los movimientos antivacunas y las razones iniciales detr\u00e1s de su rechazo a la inmunizaci\u00f3n. A continuaci\u00f3n, profundizaremos en los sesgos cognitivos y los factores socioculturales que contin\u00faan alimentando esta postura.<\/p>\n<p>Existe una marcada tendencia social a exagerar las virtudes de lo considerado \u201cnatural\u201d, d\u00e1ndole una validez exclusiva frente a los compuestos \u201csint\u00e9ticos\u201d de los f\u00e1rmacos, bajo la falsa premisa de que estos \u00faltimos son ineficaces o nocivos. Este sesgo lleva a evaluar la seguridad a partir de observaciones aisladas o experiencias informales. De este modo, se magnifican los efectos secundarios graves, los cuales est\u00e1n debidamente documentados y son extremadamente infrecuentes, mientras se ignoran los riesgos reales de los productos<br \/>\nnaturales, en los que habitualmente se desconoce la concentraci\u00f3n exacta o la presencia real del principio activo.<\/p>\n<p>Por otro lado, el cerebro humano busca patrones de forma natural y tiende a vincular eventos que se presentan de manera consecutiva que pueden no estar ligados. Por ello, si una persona presenta alg\u00fan malestar d\u00edas despu\u00e9s de recibir una vacuna, esta de inmediato asociara ambos acontecimientos, omitiendo que el malestar posterior pueda tener un origen totalmente independiente.<\/p>\n<p>Adem\u00e1s de esto, las ideas antivacunas se ven severamente amplificada en el entorno digital. Las redes sociales han masificado y popularizado los debates entre especialistas en vacunaci\u00f3n y supuestos \u201cesc\u00e9pticos\u201d, proyectando una falsa simetr\u00eda que sugiere, de manera err\u00f3nea, que ambas posturas poseen el mismo peso cient\u00edfico. En realidad, los \u201cesc\u00e9pticos\u201d carecen de evidencia cient\u00edfica sustentada y fundamentan su discurso en<br \/>\nnarrativas anecd\u00f3ticas o testimonios de terceros.<\/p>\n<p>Finalmente, una de las razones por lo que las ideas antivacunas han resurgido es, ir\u00f3nicamente, por el mismo \u00e9xito de las vacunas. Gracias a las vacunas la expectativa de vida de las personas ha aumentado al reducir e incluso eliminar brotes de enfermedades como viruela, sarampi\u00f3n, poliomielitis, rabia etc. provocando que la gente ya no vea pulmones de acero, ni\u00f1os en muletas por polio, muertes por viruela, disminuyendo el temor social a la enfermedad y alterando la percepci\u00f3n del riesgo.<\/p>\n<p>Los antivacunas al ver que no existe riesgo de enfermedades graves creen err\u00f3neamente que no es tan grave y dan cabida a discursos como los mencionados anteriormente o al no entender los procesos biol\u00f3gicos sumamente complejos se inclinan a ideas f\u00e1ciles y digeribles.<\/p>\n<p>Las vacunas son una de las herramientas de salud m\u00e1s eficaces de la historia humana, habiendo salvado innumerables vidas y erradicado patolog\u00edas devastadoras. Por tanto, es mejor informarse en fuentes fidedignas y no dejarse llevar en amarillismos.<\/p>\n<p><em><strong>*Dise\u00f1o e infograf\u00eda: El Contempor\u00e1neo, con apoyo de herramientas de inteligencia artificial. Informaci\u00f3n basada en evidencia cient\u00edfica y organismos de salud p\u00fablica.<\/strong><\/em><\/p>\n","protected":false},"excerpt":{"rendered":"<p>En la entrega anterior analizamos el fen\u00f3meno de los movimientos antivacunas y las razones iniciales detr\u00e1s de su rechazo a la inmunizaci\u00f3n. A continuaci\u00f3n, profundizaremos en los sesgos cognitivos y los factores socioculturales que contin\u00faan alimentando esta postura. Existe una marcada tendencia social a exagerar las virtudes de lo considerado \u201cnatural\u201d, d\u00e1ndole una validez exclusiva [&hellip;]<\/p>\n","protected":false},"author":2,"featured_media":0,"comment_status":"open","ping_status":"open","sticky":false,"template":"","format":"standard","meta":{"site-sidebar-layout":"default","site-content-layout":"","ast-site-content-layout":"default","site-content-style":"default","site-sidebar-style":"default","ast-global-header-display":"","ast-banner-title-visibility":"","ast-main-header-display":"","ast-hfb-above-header-display":"","ast-hfb-below-header-display":"","ast-hfb-mobile-header-display":"","site-post-title":"","ast-breadcrumbs-content":"","ast-featured-img":"","footer-sml-layout":"","ast-disable-related-posts":"","theme-transparent-header-meta":"default","adv-header-id-meta":"","stick-header-meta":"","header-above-stick-meta":"","header-main-stick-meta":"","header-below-stick-meta":"","astra-migrate-meta-layouts":"set","ast-page-background-enabled":"default","ast-page-background-meta":{"desktop":{"background-color":"var(--ast-global-color-4)","background-image":"","background-repeat":"repeat","background-position":"center center","background-size":"auto","background-attachment":"scroll","background-type":"","background-media":"","overlay-type":"","overlay-color":"","overlay-opacity":"","overlay-gradient":""},"tablet":{"background-color":"","background-image":"","background-repeat":"repeat","background-position":"center center","background-size":"auto","background-attachment":"scroll","background-type":"","background-media":"","overlay-type":"","overlay-color":"","overlay-opacity":"","overlay-gradient":""},"mobile":{"background-color":"","background-image":"","background-repeat":"repeat","background-position":"center center","background-size":"auto","background-attachment":"scroll","background-type":"","background-media":"","overlay-type":"","overlay-color":"","overlay-opacity":"","overlay-gradient":""}},"ast-content-background-meta":{"desktop":{"background-color":"var(--ast-global-color-5)","background-image":"","background-repeat":"repeat","background-position":"center center","background-size":"auto","background-attachment":"scroll","background-type":"","background-media":"","overlay-type":"","overlay-color":"","overlay-opacity":"","overlay-gradient":""},"tablet":{"background-color":"var(--ast-global-color-5)","background-image":"","background-repeat":"repeat","background-position":"center center","background-size":"auto","background-attachment":"scroll","background-type":"","background-media":"","overlay-type":"","overlay-color":"","overlay-opacity":"","overlay-gradient":""},"mobile":{"background-color":"var(--ast-global-color-5)","background-image":"","background-repeat":"repeat","background-position":"center center","background-size":"auto","background-attachment":"scroll","background-type":"","background-media":"","overlay-type":"","overlay-color":"","overlay-opacity":"","overlay-gradient":""}},"footnotes":""},"categories":[13],"tags":[],"columnista":[24],"class_list":["post-1439","post","type-post","status-publish","format-standard","hentry","category-columnas","columnista-gabinete-de-curiosidades"],"_links":{"self":[{"href":"https:\/\/elcontemporaneo.mx\/index.php\/wp-json\/wp\/v2\/posts\/1439","targetHints":{"allow":["GET"]}}],"collection":[{"href":"https:\/\/elcontemporaneo.mx\/index.php\/wp-json\/wp\/v2\/posts"}],"about":[{"href":"https:\/\/elcontemporaneo.mx\/index.php\/wp-json\/wp\/v2\/types\/post"}],"author":[{"embeddable":true,"href":"https:\/\/elcontemporaneo.mx\/index.php\/wp-json\/wp\/v2\/users\/2"}],"replies":[{"embeddable":true,"href":"https:\/\/elcontemporaneo.mx\/index.php\/wp-json\/wp\/v2\/comments?post=1439"}],"version-history":[{"count":4,"href":"https:\/\/elcontemporaneo.mx\/index.php\/wp-json\/wp\/v2\/posts\/1439\/revisions"}],"predecessor-version":[{"id":1444,"href":"https:\/\/elcontemporaneo.mx\/index.php\/wp-json\/wp\/v2\/posts\/1439\/revisions\/1444"}],"wp:attachment":[{"href":"https:\/\/elcontemporaneo.mx\/index.php\/wp-json\/wp\/v2\/media?parent=1439"}],"wp:term":[{"taxonomy":"category","embeddable":true,"href":"https:\/\/elcontemporaneo.mx\/index.php\/wp-json\/wp\/v2\/categories?post=1439"},{"taxonomy":"post_tag","embeddable":true,"href":"https:\/\/elcontemporaneo.mx\/index.php\/wp-json\/wp\/v2\/tags?post=1439"},{"taxonomy":"columnista","embeddable":true,"href":"https:\/\/elcontemporaneo.mx\/index.php\/wp-json\/wp\/v2\/columnista?post=1439"}],"curies":[{"name":"wp","href":"https:\/\/api.w.org\/{rel}","templated":true}]}}