{"id":1454,"date":"2026-06-02T01:02:03","date_gmt":"2026-06-02T07:02:03","guid":{"rendered":"https:\/\/elcontemporaneo.mx\/?p=1454"},"modified":"2026-06-02T01:02:32","modified_gmt":"2026-06-02T07:02:32","slug":"son-y-sazon-cubano-en-chapultepec","status":"publish","type":"post","link":"https:\/\/elcontemporaneo.mx\/index.php\/2026\/06\/02\/son-y-sazon-cubano-en-chapultepec\/","title":{"rendered":"Son y saz\u00f3n cubano, en Chapultepec"},"content":{"rendered":"<p><img loading=\"lazy\" decoding=\"async\" class=\"aligncenter wp-image-1455 size-large\" src=\"https:\/\/elcontemporaneo.mx\/wp-content\/uploads\/2026\/06\/WhatsApp-Image-2026-06-01-at-5.34.42-PM-819x1024.webp\" alt=\"\" width=\"819\" height=\"1024\" srcset=\"https:\/\/elcontemporaneo.mx\/wp-content\/uploads\/2026\/06\/WhatsApp-Image-2026-06-01-at-5.34.42-PM-819x1024.webp 819w, https:\/\/elcontemporaneo.mx\/wp-content\/uploads\/2026\/06\/WhatsApp-Image-2026-06-01-at-5.34.42-PM-240x300.webp 240w, https:\/\/elcontemporaneo.mx\/wp-content\/uploads\/2026\/06\/WhatsApp-Image-2026-06-01-at-5.34.42-PM-768x960.webp 768w, https:\/\/elcontemporaneo.mx\/wp-content\/uploads\/2026\/06\/WhatsApp-Image-2026-06-01-at-5.34.42-PM.webp 1080w\" sizes=\"auto, (max-width: 819px) 100vw, 819px\" \/><\/p>\n<p><span style=\"font-weight: 400;\">El evento <\/span><b>Son Cubano<\/b><span style=\"font-weight: 400;\"> llega el pr\u00f3ximo 20 de junio a Chapultepec, y se rendir\u00e1 homenaje a\u00a0 la m\u00fasica y legado de la agrupaci\u00f3n <\/span><b>Buena Vista Social Club.<\/b><\/p>\n<p><span style=\"font-weight: 400;\">A cargo del septeto Son Manigu\u00e1, el evento buscar\u00e1 replicar la calidez y cercan\u00eda de la m\u00fasica tradicional cubana con la energ\u00eda y el car\u00e1cter festivo de Buena Vista Social Club.<\/span><\/p>\n<p><span style=\"font-weight: 400;\">Buena Vista Social Club se convirti\u00f3, desde finales de los a\u00f1os noventa, en uno de los proyectos m\u00e1s importantes en la difusi\u00f3n de la m\u00fasica tradicional cubana alrededor del mundo.\u00a0<\/span><\/p>\n<p><span style=\"font-weight: 400;\">Lo que comenz\u00f3 como una reuni\u00f3n de m\u00fasicos veteranos ligados al son cubano se transform\u00f3 en un fen\u00f3meno internacional que revitaliz\u00f3 el inter\u00e9s por g\u00e9neros como el son, el bolero y el danz\u00f3n, acercando estas tradiciones a nuevas generaciones.<\/span><\/p>\n<p><span style=\"font-weight: 400;\">M\u00e1s all\u00e1 de la nostalgia, el homenaje pretende dar luz hacia la importancia cultural de la agrupaci\u00f3n, y la forma en que su m\u00fasica ayud\u00f3 a preservar y proyectar la historia musical cubana.<\/span><\/p>\n<p><b>D\u00f3nde: Altar a la Patria, dentro del Bosque de Chapultepec, CDMX.<\/b><\/p>\n<p><b>Boletos: https:\/\/www.passline.com\/eventos\/homenaje-a-buena-vista-social-club-en-chapultepec<\/b><\/p>\n","protected":false},"excerpt":{"rendered":"<p>El evento Son Cubano llega el pr\u00f3ximo 20 de junio a Chapultepec, y se rendir\u00e1 homenaje a\u00a0 la m\u00fasica y legado de la agrupaci\u00f3n Buena Vista Social Club. A cargo del septeto Son Manigu\u00e1, el evento buscar\u00e1 replicar la calidez y cercan\u00eda de la m\u00fasica tradicional cubana con la energ\u00eda y el car\u00e1cter festivo de [&hellip;]<\/p>\n","protected":false},"author":2,"featured_media":0,"comment_status":"open","ping_status":"open","sticky":false,"template":"","format":"standard","meta":{"site-sidebar-layout":"default","site-content-layout":"","ast-site-content-layout":"default","site-content-style":"default","site-sidebar-style":"default","ast-global-header-display":"","ast-banner-title-visibility":"","ast-main-header-display":"","ast-hfb-above-header-display":"","ast-hfb-below-header-display":"","ast-hfb-mobile-header-display":"","site-post-title":"","ast-breadcrumbs-content":"","ast-featured-img":"","footer-sml-layout":"","ast-disable-related-posts":"","theme-transparent-header-meta":"default","adv-header-id-meta":"","stick-header-meta":"","header-above-stick-meta":"","header-main-stick-meta":"","header-below-stick-meta":"","astra-migrate-meta-layouts":"set","ast-page-background-enabled":"default","ast-page-background-meta":{"desktop":{"background-color":"var(--ast-global-color-4)","background-image":"","background-repeat":"repeat","background-position":"center center","background-size":"auto","background-attachment":"scroll","background-type":"","background-media":"","overlay-type":"","overlay-color":"","overlay-opacity":"","overlay-gradient":""},"tablet":{"background-color":"","background-image":"","background-repeat":"repeat","background-position":"center center","background-size":"auto","background-attachment":"scroll","background-type":"","background-media":"","overlay-type":"","overlay-color":"","overlay-opacity":"","overlay-gradient":""},"mobile":{"background-color":"","background-image":"","background-repeat":"repeat","background-position":"center center","background-size":"auto","background-attachment":"scroll","background-type":"","background-media":"","overlay-type":"","overlay-color":"","overlay-opacity":"","overlay-gradient":""}},"ast-content-background-meta":{"desktop":{"background-color":"var(--ast-global-color-5)","background-image":"","background-repeat":"repeat","background-position":"center center","background-size":"auto","background-attachment":"scroll","background-type":"","background-media":"","overlay-type":"","overlay-color":"","overlay-opacity":"","overlay-gradient":""},"tablet":{"background-color":"var(--ast-global-color-5)","background-image":"","background-repeat":"repeat","background-position":"center center","background-size":"auto","background-attachment":"scroll","background-type":"","background-media":"","overlay-type":"","overlay-color":"","overlay-opacity":"","overlay-gradient":""},"mobile":{"background-color":"var(--ast-global-color-5)","background-image":"","background-repeat":"repeat","background-position":"center center","background-size":"auto","background-attachment":"scroll","background-type":"","background-media":"","overlay-type":"","overlay-color":"","overlay-opacity":"","overlay-gradient":""}},"footnotes":""},"categories":[6],"tags":[],"columnista":[],"class_list":["post-1454","post","type-post","status-publish","format-standard","hentry","category-estilo-de-vida"],"_links":{"self":[{"href":"https:\/\/elcontemporaneo.mx\/index.php\/wp-json\/wp\/v2\/posts\/1454","targetHints":{"allow":["GET"]}}],"collection":[{"href":"https:\/\/elcontemporaneo.mx\/index.php\/wp-json\/wp\/v2\/posts"}],"about":[{"href":"https:\/\/elcontemporaneo.mx\/index.php\/wp-json\/wp\/v2\/types\/post"}],"author":[{"embeddable":true,"href":"https:\/\/elcontemporaneo.mx\/index.php\/wp-json\/wp\/v2\/users\/2"}],"replies":[{"embeddable":true,"href":"https:\/\/elcontemporaneo.mx\/index.php\/wp-json\/wp\/v2\/comments?post=1454"}],"version-history":[{"count":2,"href":"https:\/\/elcontemporaneo.mx\/index.php\/wp-json\/wp\/v2\/posts\/1454\/revisions"}],"predecessor-version":[{"id":1457,"href":"https:\/\/elcontemporaneo.mx\/index.php\/wp-json\/wp\/v2\/posts\/1454\/revisions\/1457"}],"wp:attachment":[{"href":"https:\/\/elcontemporaneo.mx\/index.php\/wp-json\/wp\/v2\/media?parent=1454"}],"wp:term":[{"taxonomy":"category","embeddable":true,"href":"https:\/\/elcontemporaneo.mx\/index.php\/wp-json\/wp\/v2\/categories?post=1454"},{"taxonomy":"post_tag","embeddable":true,"href":"https:\/\/elcontemporaneo.mx\/index.php\/wp-json\/wp\/v2\/tags?post=1454"},{"taxonomy":"columnista","embeddable":true,"href":"https:\/\/elcontemporaneo.mx\/index.php\/wp-json\/wp\/v2\/columnista?post=1454"}],"curies":[{"name":"wp","href":"https:\/\/api.w.org\/{rel}","templated":true}]}}