{"id":1463,"date":"2026-06-03T10:19:25","date_gmt":"2026-06-03T16:19:25","guid":{"rendered":"https:\/\/elcontemporaneo.mx\/?p=1463"},"modified":"2026-06-03T10:19:25","modified_gmt":"2026-06-03T16:19:25","slug":"fritz-mi-historia-una-obra-de-resilencia-y-metamorfosis","status":"publish","type":"post","link":"https:\/\/elcontemporaneo.mx\/index.php\/2026\/06\/03\/fritz-mi-historia-una-obra-de-resilencia-y-metamorfosis\/","title":{"rendered":"\u201cFritz, mi historia\u201d, una obra de resilencia y metamorfosis"},"content":{"rendered":"<p><img loading=\"lazy\" decoding=\"async\" class=\"aligncenter wp-image-1465 size-large\" src=\"https:\/\/elcontemporaneo.mx\/wp-content\/uploads\/2026\/06\/Fritz3-1024x726.webp\" alt=\"\" width=\"1024\" height=\"726\" srcset=\"https:\/\/elcontemporaneo.mx\/wp-content\/uploads\/2026\/06\/Fritz3-1024x726.webp 1024w, https:\/\/elcontemporaneo.mx\/wp-content\/uploads\/2026\/06\/Fritz3-300x213.webp 300w, https:\/\/elcontemporaneo.mx\/wp-content\/uploads\/2026\/06\/Fritz3-768x544.webp 768w, https:\/\/elcontemporaneo.mx\/wp-content\/uploads\/2026\/06\/Fritz3-1536x1088.webp 1536w, https:\/\/elcontemporaneo.mx\/wp-content\/uploads\/2026\/06\/Fritz3.webp 1654w\" sizes=\"auto, (max-width: 1024px) 100vw, 1024px\" \/><\/p>\n<p><span style=\"font-weight: 400;\">\u201cFritz, mi historia\u201d realiza su primera temporada en El C\u00edrculo Teatral, en la Condesa, CDMX.\u00a0<\/span><\/p>\n<p><span style=\"font-weight: 400;\">A trav\u00e9s de una puesta en escena inmersiva que combina m\u00fasica original y una honestidad brutal, la producci\u00f3n muestra la historia de Fritz, quien sufre cuadriplejia irreversible.\u00a0\u00a0<\/span><\/p>\n<p><span style=\"font-weight: 400;\">La puesta en escena tiene herramientas psicol\u00f3gicas como la logoterapia del Dr. Viktor Frankl, sobreviviente de campos de concentraci\u00f3n nazis de la Segunda Guerra Mundial.<\/span><\/p>\n<p><span style=\"font-weight: 400;\">La obra sumerge a la audiencia en el accidente que result\u00f3 en un diagn\u00f3stico de cuadriplejia, y par\u00e1lisis de por vida. Sin embargo, no es una tragedia contemplativa, sino una metamorfosis.\u00a0<\/span><\/p>\n<p><span style=\"font-weight: 400;\">Bajo la direcci\u00f3n de Rodrigo Montera, la pieza utiliza un ritmo din\u00e1mico y m\u00fasica original para guiar al espectador al proceso de recuperaci\u00f3n f\u00edsica y emocional que llev\u00f3 a Fritz no solo a caminar de nuevo, sino a convertirse en un triatleta de alto rendimiento.<\/span><\/p>\n<p><img loading=\"lazy\" decoding=\"async\" class=\"size-medium wp-image-1464 aligncenter\" src=\"https:\/\/elcontemporaneo.mx\/wp-content\/uploads\/2026\/06\/image-300x200.webp\" alt=\"\" width=\"300\" height=\"200\" srcset=\"https:\/\/elcontemporaneo.mx\/wp-content\/uploads\/2026\/06\/image-300x200.webp 300w, https:\/\/elcontemporaneo.mx\/wp-content\/uploads\/2026\/06\/image-1024x682.webp 1024w, https:\/\/elcontemporaneo.mx\/wp-content\/uploads\/2026\/06\/image-768x511.webp 768w, https:\/\/elcontemporaneo.mx\/wp-content\/uploads\/2026\/06\/image-1536x1023.webp 1536w, https:\/\/elcontemporaneo.mx\/wp-content\/uploads\/2026\/06\/image.webp 1784w\" sizes=\"auto, (max-width: 300px) 100vw, 300px\" \/><\/p>\n<p><span style=\"font-weight: 400;\">&#8220;Esta no es solo una historia sobre un accidente, es un manual de resiliencia puesto en escena&#8221;, coment\u00f3 Fritz sobre el proceso creativo.\u00a0<\/span><\/p>\n<p><span style=\"font-weight: 400;\">&#8220;Queremos que cada persona que salga del teatro sienta que tiene las herramientas necesarias para enfrentar sus propias adversidades con una nueva determinaci\u00f3n. El teatro nos permite conectar desde la vulnerabilidad para salir fortalecidos de la realidad&#8221;, explic\u00f3.<\/span><\/p>\n<p><span style=\"font-weight: 400;\">El elenco est\u00e1 integrado por Santiago Dur\u00e1n, Gabriel D\u00edaz, Mariana Laf\u00f3n y Carlos Zozaya.<\/span><\/p>\n<p><span style=\"font-weight: 400;\">La obra ofrece funciones los domingos a las 18:00 horas en El C\u00edrculo Teatral, ubicado en Av. Veracruz 107, Colonia Condesa, CDMX. La temporada concluye el pr\u00f3ximo 28 de junio.<\/span><\/p>\n","protected":false},"excerpt":{"rendered":"<p>\u201cFritz, mi historia\u201d realiza su primera temporada en El C\u00edrculo Teatral, en la Condesa, CDMX.\u00a0 A trav\u00e9s de una puesta en escena inmersiva que combina m\u00fasica original y una honestidad brutal, la producci\u00f3n muestra la historia de Fritz, quien sufre cuadriplejia irreversible.\u00a0\u00a0 La puesta en escena tiene herramientas psicol\u00f3gicas como la logoterapia del Dr. Viktor [&hellip;]<\/p>\n","protected":false},"author":2,"featured_media":0,"comment_status":"open","ping_status":"open","sticky":false,"template":"","format":"standard","meta":{"site-sidebar-layout":"default","site-content-layout":"","ast-site-content-layout":"default","site-content-style":"default","site-sidebar-style":"default","ast-global-header-display":"","ast-banner-title-visibility":"","ast-main-header-display":"","ast-hfb-above-header-display":"","ast-hfb-below-header-display":"","ast-hfb-mobile-header-display":"","site-post-title":"","ast-breadcrumbs-content":"","ast-featured-img":"","footer-sml-layout":"","ast-disable-related-posts":"","theme-transparent-header-meta":"default","adv-header-id-meta":"","stick-header-meta":"","header-above-stick-meta":"","header-main-stick-meta":"","header-below-stick-meta":"","astra-migrate-meta-layouts":"set","ast-page-background-enabled":"default","ast-page-background-meta":{"desktop":{"background-color":"var(--ast-global-color-4)","background-image":"","background-repeat":"repeat","background-position":"center center","background-size":"auto","background-attachment":"scroll","background-type":"","background-media":"","overlay-type":"","overlay-color":"","overlay-opacity":"","overlay-gradient":""},"tablet":{"background-color":"","background-image":"","background-repeat":"repeat","background-position":"center center","background-size":"auto","background-attachment":"scroll","background-type":"","background-media":"","overlay-type":"","overlay-color":"","overlay-opacity":"","overlay-gradient":""},"mobile":{"background-color":"","background-image":"","background-repeat":"repeat","background-position":"center center","background-size":"auto","background-attachment":"scroll","background-type":"","background-media":"","overlay-type":"","overlay-color":"","overlay-opacity":"","overlay-gradient":""}},"ast-content-background-meta":{"desktop":{"background-color":"var(--ast-global-color-5)","background-image":"","background-repeat":"repeat","background-position":"center center","background-size":"auto","background-attachment":"scroll","background-type":"","background-media":"","overlay-type":"","overlay-color":"","overlay-opacity":"","overlay-gradient":""},"tablet":{"background-color":"var(--ast-global-color-5)","background-image":"","background-repeat":"repeat","background-position":"center center","background-size":"auto","background-attachment":"scroll","background-type":"","background-media":"","overlay-type":"","overlay-color":"","overlay-opacity":"","overlay-gradient":""},"mobile":{"background-color":"var(--ast-global-color-5)","background-image":"","background-repeat":"repeat","background-position":"center center","background-size":"auto","background-attachment":"scroll","background-type":"","background-media":"","overlay-type":"","overlay-color":"","overlay-opacity":"","overlay-gradient":""}},"footnotes":""},"categories":[6],"tags":[],"columnista":[],"class_list":["post-1463","post","type-post","status-publish","format-standard","hentry","category-estilo-de-vida"],"_links":{"self":[{"href":"https:\/\/elcontemporaneo.mx\/index.php\/wp-json\/wp\/v2\/posts\/1463","targetHints":{"allow":["GET"]}}],"collection":[{"href":"https:\/\/elcontemporaneo.mx\/index.php\/wp-json\/wp\/v2\/posts"}],"about":[{"href":"https:\/\/elcontemporaneo.mx\/index.php\/wp-json\/wp\/v2\/types\/post"}],"author":[{"embeddable":true,"href":"https:\/\/elcontemporaneo.mx\/index.php\/wp-json\/wp\/v2\/users\/2"}],"replies":[{"embeddable":true,"href":"https:\/\/elcontemporaneo.mx\/index.php\/wp-json\/wp\/v2\/comments?post=1463"}],"version-history":[{"count":1,"href":"https:\/\/elcontemporaneo.mx\/index.php\/wp-json\/wp\/v2\/posts\/1463\/revisions"}],"predecessor-version":[{"id":1466,"href":"https:\/\/elcontemporaneo.mx\/index.php\/wp-json\/wp\/v2\/posts\/1463\/revisions\/1466"}],"wp:attachment":[{"href":"https:\/\/elcontemporaneo.mx\/index.php\/wp-json\/wp\/v2\/media?parent=1463"}],"wp:term":[{"taxonomy":"category","embeddable":true,"href":"https:\/\/elcontemporaneo.mx\/index.php\/wp-json\/wp\/v2\/categories?post=1463"},{"taxonomy":"post_tag","embeddable":true,"href":"https:\/\/elcontemporaneo.mx\/index.php\/wp-json\/wp\/v2\/tags?post=1463"},{"taxonomy":"columnista","embeddable":true,"href":"https:\/\/elcontemporaneo.mx\/index.php\/wp-json\/wp\/v2\/columnista?post=1463"}],"curies":[{"name":"wp","href":"https:\/\/api.w.org\/{rel}","templated":true}]}}