{"id":1506,"date":"2026-06-09T23:59:07","date_gmt":"2026-06-10T05:59:07","guid":{"rendered":"https:\/\/elcontemporaneo.mx\/?p=1506"},"modified":"2026-06-09T23:59:07","modified_gmt":"2026-06-10T05:59:07","slug":"inaugura-andrea-bocelli-concierto-de-mundial-2026","status":"publish","type":"post","link":"https:\/\/elcontemporaneo.mx\/index.php\/2026\/06\/09\/inaugura-andrea-bocelli-concierto-de-mundial-2026\/","title":{"rendered":"Inaugura Andrea Bocelli concierto de Mundial 2026"},"content":{"rendered":"<p><img loading=\"lazy\" decoding=\"async\" class=\"aligncenter wp-image-1507 size-large\" src=\"https:\/\/elcontemporaneo.mx\/wp-content\/uploads\/2026\/06\/WhatsApp-Image-2026-06-09-at-11.32.39-AM-819x1024.webp\" alt=\"\" width=\"819\" height=\"1024\" srcset=\"https:\/\/elcontemporaneo.mx\/wp-content\/uploads\/2026\/06\/WhatsApp-Image-2026-06-09-at-11.32.39-AM-819x1024.webp 819w, https:\/\/elcontemporaneo.mx\/wp-content\/uploads\/2026\/06\/WhatsApp-Image-2026-06-09-at-11.32.39-AM-240x300.webp 240w, https:\/\/elcontemporaneo.mx\/wp-content\/uploads\/2026\/06\/WhatsApp-Image-2026-06-09-at-11.32.39-AM-768x960.webp 768w, https:\/\/elcontemporaneo.mx\/wp-content\/uploads\/2026\/06\/WhatsApp-Image-2026-06-09-at-11.32.39-AM-1229x1536.webp 1229w, https:\/\/elcontemporaneo.mx\/wp-content\/uploads\/2026\/06\/WhatsApp-Image-2026-06-09-at-11.32.39-AM.webp 1280w\" sizes=\"auto, (max-width: 819px) 100vw, 819px\" \/><\/p>\n<p><span style=\"font-weight: 400;\">Andrea Bocelli inaugurar\u00e1 el Concierto de Cuenta Regresiva de la FIFA el 10 de junio. El evento conectar\u00e1 a la Ciudad de M\u00e9xico, Toronto y Los \u00c1ngeles en una celebraci\u00f3n.<\/span><\/p>\n<p><span style=\"font-weight: 400;\">El tenor italiano se presentar\u00e1 ante el p\u00fablico en el Auditorio Nacional de la Ciudad de M\u00e9xico, y ante espectadores de todas partes del mundo, dar\u00e1 el concierto de inauguraci\u00f3n con \u201cNelle Tue Mani\u201d (\u201cAhora somos libres\u201d), el tema de Gladiator incluido en su \u00e1lbum Cinema.<\/span><\/p>\n<p><span style=\"font-weight: 400;\">El Concierto de Cuenta Regresiva de la FIFA reunir\u00e1 a artistas de los pa\u00edses anfitriones de la Copa Mundial y de otros lugares en una producci\u00f3n que conectar\u00e1 las tres ciudades sede a trav\u00e9s de presentaciones simult\u00e1neas en vivo.\u00a0<\/span><\/p>\n<p><span style=\"font-weight: 400;\">En la Ciudad de M\u00e9xico, Bocelli se unir\u00e1 a un elenco que incluye a Los \u00c1ngeles Azules, Belinda y Elena Rose. En Toronto, los artistas ser\u00e1n AHI, Wyclef Jean, Bryan Adams, Nora Fatehi, Sanjoy, The Beaches y Vegedream, mientras que Ava Max, BIA, Davido y Major Lazer de Diplo encabezar\u00e1n el escenario de Los \u00c1ngeles.<\/span><\/p>\n<p><span style=\"font-weight: 400;\">El Concierto de Cuenta Regresiva de la FIFA comienza a las 18:00 (hora central) del 10 de junio. Los fans podr\u00e1n verlo en directo por TikTok y escucharlo bajo demanda a trav\u00e9s de VuMe Live.<\/span><\/p>\n","protected":false},"excerpt":{"rendered":"<p>Andrea Bocelli inaugurar\u00e1 el Concierto de Cuenta Regresiva de la FIFA el 10 de junio. El evento conectar\u00e1 a la Ciudad de M\u00e9xico, Toronto y Los \u00c1ngeles en una celebraci\u00f3n. El tenor italiano se presentar\u00e1 ante el p\u00fablico en el Auditorio Nacional de la Ciudad de M\u00e9xico, y ante espectadores de todas partes del mundo, [&hellip;]<\/p>\n","protected":false},"author":2,"featured_media":0,"comment_status":"open","ping_status":"open","sticky":false,"template":"","format":"standard","meta":{"site-sidebar-layout":"default","site-content-layout":"","ast-site-content-layout":"default","site-content-style":"default","site-sidebar-style":"default","ast-global-header-display":"","ast-banner-title-visibility":"","ast-main-header-display":"","ast-hfb-above-header-display":"","ast-hfb-below-header-display":"","ast-hfb-mobile-header-display":"","site-post-title":"","ast-breadcrumbs-content":"","ast-featured-img":"","footer-sml-layout":"","ast-disable-related-posts":"","theme-transparent-header-meta":"default","adv-header-id-meta":"","stick-header-meta":"","header-above-stick-meta":"","header-main-stick-meta":"","header-below-stick-meta":"","astra-migrate-meta-layouts":"set","ast-page-background-enabled":"default","ast-page-background-meta":{"desktop":{"background-color":"var(--ast-global-color-4)","background-image":"","background-repeat":"repeat","background-position":"center center","background-size":"auto","background-attachment":"scroll","background-type":"","background-media":"","overlay-type":"","overlay-color":"","overlay-opacity":"","overlay-gradient":""},"tablet":{"background-color":"","background-image":"","background-repeat":"repeat","background-position":"center center","background-size":"auto","background-attachment":"scroll","background-type":"","background-media":"","overlay-type":"","overlay-color":"","overlay-opacity":"","overlay-gradient":""},"mobile":{"background-color":"","background-image":"","background-repeat":"repeat","background-position":"center center","background-size":"auto","background-attachment":"scroll","background-type":"","background-media":"","overlay-type":"","overlay-color":"","overlay-opacity":"","overlay-gradient":""}},"ast-content-background-meta":{"desktop":{"background-color":"var(--ast-global-color-5)","background-image":"","background-repeat":"repeat","background-position":"center center","background-size":"auto","background-attachment":"scroll","background-type":"","background-media":"","overlay-type":"","overlay-color":"","overlay-opacity":"","overlay-gradient":""},"tablet":{"background-color":"var(--ast-global-color-5)","background-image":"","background-repeat":"repeat","background-position":"center center","background-size":"auto","background-attachment":"scroll","background-type":"","background-media":"","overlay-type":"","overlay-color":"","overlay-opacity":"","overlay-gradient":""},"mobile":{"background-color":"var(--ast-global-color-5)","background-image":"","background-repeat":"repeat","background-position":"center center","background-size":"auto","background-attachment":"scroll","background-type":"","background-media":"","overlay-type":"","overlay-color":"","overlay-opacity":"","overlay-gradient":""}},"footnotes":""},"categories":[6],"tags":[],"columnista":[],"class_list":["post-1506","post","type-post","status-publish","format-standard","hentry","category-estilo-de-vida"],"_links":{"self":[{"href":"https:\/\/elcontemporaneo.mx\/index.php\/wp-json\/wp\/v2\/posts\/1506","targetHints":{"allow":["GET"]}}],"collection":[{"href":"https:\/\/elcontemporaneo.mx\/index.php\/wp-json\/wp\/v2\/posts"}],"about":[{"href":"https:\/\/elcontemporaneo.mx\/index.php\/wp-json\/wp\/v2\/types\/post"}],"author":[{"embeddable":true,"href":"https:\/\/elcontemporaneo.mx\/index.php\/wp-json\/wp\/v2\/users\/2"}],"replies":[{"embeddable":true,"href":"https:\/\/elcontemporaneo.mx\/index.php\/wp-json\/wp\/v2\/comments?post=1506"}],"version-history":[{"count":1,"href":"https:\/\/elcontemporaneo.mx\/index.php\/wp-json\/wp\/v2\/posts\/1506\/revisions"}],"predecessor-version":[{"id":1508,"href":"https:\/\/elcontemporaneo.mx\/index.php\/wp-json\/wp\/v2\/posts\/1506\/revisions\/1508"}],"wp:attachment":[{"href":"https:\/\/elcontemporaneo.mx\/index.php\/wp-json\/wp\/v2\/media?parent=1506"}],"wp:term":[{"taxonomy":"category","embeddable":true,"href":"https:\/\/elcontemporaneo.mx\/index.php\/wp-json\/wp\/v2\/categories?post=1506"},{"taxonomy":"post_tag","embeddable":true,"href":"https:\/\/elcontemporaneo.mx\/index.php\/wp-json\/wp\/v2\/tags?post=1506"},{"taxonomy":"columnista","embeddable":true,"href":"https:\/\/elcontemporaneo.mx\/index.php\/wp-json\/wp\/v2\/columnista?post=1506"}],"curies":[{"name":"wp","href":"https:\/\/api.w.org\/{rel}","templated":true}]}}