{"id":1520,"date":"2026-06-10T19:48:26","date_gmt":"2026-06-11T01:48:26","guid":{"rendered":"https:\/\/elcontemporaneo.mx\/?p=1520"},"modified":"2026-06-10T19:54:06","modified_gmt":"2026-06-11T01:54:06","slug":"celebra-compania-de-danza-folclorica-xihuitzilli-decimo-aniversario","status":"publish","type":"post","link":"https:\/\/elcontemporaneo.mx\/index.php\/2026\/06\/10\/celebra-compania-de-danza-folclorica-xihuitzilli-decimo-aniversario\/","title":{"rendered":"Celebra Compa\u00f1\u00eda de Danza Folcl\u00f3rica Xihuitzilli d\u00e9cimo aniversario"},"content":{"rendered":"<p style=\"text-align: right;\"><strong><img loading=\"lazy\" decoding=\"async\" class=\"aligncenter wp-image-1521 size-large\" src=\"https:\/\/elcontemporaneo.mx\/wp-content\/uploads\/2026\/06\/WhatsApp-Image-2026-06-10-at-7.39.10-PM-_1_-1024x768.webp\" alt=\"\" width=\"1024\" height=\"768\" srcset=\"https:\/\/elcontemporaneo.mx\/wp-content\/uploads\/2026\/06\/WhatsApp-Image-2026-06-10-at-7.39.10-PM-_1_-1024x768.webp 1024w, https:\/\/elcontemporaneo.mx\/wp-content\/uploads\/2026\/06\/WhatsApp-Image-2026-06-10-at-7.39.10-PM-_1_-300x225.webp 300w, https:\/\/elcontemporaneo.mx\/wp-content\/uploads\/2026\/06\/WhatsApp-Image-2026-06-10-at-7.39.10-PM-_1_-768x576.webp 768w, https:\/\/elcontemporaneo.mx\/wp-content\/uploads\/2026\/06\/WhatsApp-Image-2026-06-10-at-7.39.10-PM-_1_-1536x1152.webp 1536w, https:\/\/elcontemporaneo.mx\/wp-content\/uploads\/2026\/06\/WhatsApp-Image-2026-06-10-at-7.39.10-PM-_1_.webp 1600w\" sizes=\"auto, (max-width: 1024px) 100vw, 1024px\" \/><\/strong><\/p>\n<p style=\"text-align: right;\"><strong>F<\/strong><strong>oto y nota: Anahi M. Elias<\/strong><\/p>\n<p><span style=\"font-weight: 400;\">El 7 de junio, el Teatro Zaragoza en Atizap\u00e1n de Zaragoza (Edomex), se visti\u00f3 de gala con la celebraci\u00f3n del d\u00e9cimo aniversario de la Compa\u00f1\u00eda de Danza Folcl\u00f3rica Xihuitzilli, de la Ciudad de M\u00e9xico. Acompa\u00f1ados por la Orquesta de C\u00e1mara de la Ciudad de M\u00e9xico y el mariachi Nuevo Tenochtitl\u00e1n, quienes cubrieron la sala con m\u00fasica, color y alegr\u00eda.\u00a0<\/span><\/p>\n<p><span style=\"font-weight: 400;\">Los presentes fueron deleitados por la participaci\u00f3n de los artistas, quienes demostraron su capacidad para transmitir la riqueza cultural de nuestro pa\u00eds. La fusi\u00f3n entre la m\u00fasica y la danza logr\u00f3 crear una atm\u00f3sfera envolvente y vibrante que termin\u00f3 por cautivar a cada uno de los asistentes.<\/span><\/p>\n<p><span style=\"font-weight: 400;\">Al ritmo de <\/span><i><span style=\"font-weight: 400;\">El Son de la Negra, Guadalajara, El Sinaloense, Serenata Huasteca, La Llorona, Dios Nunca Muere, La Feria de San Marcos, La Bamba<\/span><\/i><span style=\"font-weight: 400;\"> y <\/span><i><span style=\"font-weight: 400;\">Huapango (Moncayo)<\/span><\/i><span style=\"font-weight: 400;\">, los bailarines presentaron un mosaico de identidad mexicana al ejecutar bailes t\u00edpicos de Jalisco, Sinaloa, Oaxaca, Veracruz, Aguascalientes, Michoac\u00e1n, Sonora y la regi\u00f3n Huasteca.\u00a0<\/span><\/p>\n<p><span style=\"font-weight: 400;\">El entusiasmo y compromiso mostrado en cada baile fue realzado con la belleza y colorido de los trajes t\u00edpicos: el movimiento suave y coordinado de la telas, los intrincados bordados y las texturas parecieron cobrar vida al comp\u00e1s de la m\u00fasica y el en\u00e9rgico zapateado, lo que evoc\u00f3 el orgullo de pertenecer a esta tierra mestiza.\u00a0<\/span><\/p>\n<p><img loading=\"lazy\" decoding=\"async\" class=\"aligncenter wp-image-1522 size-large\" src=\"https:\/\/elcontemporaneo.mx\/wp-content\/uploads\/2026\/06\/WhatsApp-Image-2026-06-10-at-7.39.10-PM-_2_-1024x768.webp\" alt=\"\" width=\"1024\" height=\"768\" srcset=\"https:\/\/elcontemporaneo.mx\/wp-content\/uploads\/2026\/06\/WhatsApp-Image-2026-06-10-at-7.39.10-PM-_2_-1024x768.webp 1024w, https:\/\/elcontemporaneo.mx\/wp-content\/uploads\/2026\/06\/WhatsApp-Image-2026-06-10-at-7.39.10-PM-_2_-300x225.webp 300w, https:\/\/elcontemporaneo.mx\/wp-content\/uploads\/2026\/06\/WhatsApp-Image-2026-06-10-at-7.39.10-PM-_2_-768x576.webp 768w, https:\/\/elcontemporaneo.mx\/wp-content\/uploads\/2026\/06\/WhatsApp-Image-2026-06-10-at-7.39.10-PM-_2_-1536x1152.webp 1536w, https:\/\/elcontemporaneo.mx\/wp-content\/uploads\/2026\/06\/WhatsApp-Image-2026-06-10-at-7.39.10-PM-_2_.webp 1600w\" sizes=\"auto, (max-width: 1024px) 100vw, 1024px\" \/><\/p>\n<p><span style=\"font-weight: 400;\">La orquesta de c\u00e1mara y el mariachi complacieron al p\u00fablico con canciones inolvidables como <\/span><i><span style=\"font-weight: 400;\">Si nos dejan, Besame mucho, Deja que salga la luna<\/span><\/i><span style=\"font-weight: 400;\"> y <\/span><i><span style=\"font-weight: 400;\">Mi ciudad<\/span><\/i><span style=\"font-weight: 400;\">. La emoci\u00f3n alcanz\u00f3 su punto culminante al escuchar los primeros acordes de <\/span><i><span style=\"font-weight: 400;\">Cielito lindo, <\/span><\/i><span style=\"font-weight: 400;\">considerado\u00a0 el segundo himno nacional. Al instante, la algarab\u00eda se apoder\u00f3 del recinto y numerosas voces se unieron para corear el famoso <\/span><i><span style=\"font-weight: 400;\">\u201c<\/span><\/i><i><span style=\"font-weight: 400;\">Ay, ay, ay, ay. Canta y no llores. Porque cantando se alegran, cielito lindo, los corazones\u201d<\/span><\/i><i><span style=\"font-weight: 400;\">.<\/span><\/i><span style=\"font-weight: 400;\"> Un momento de comuni\u00f3n y j\u00fabilo.\u00a0<\/span><\/p>\n<p><span style=\"font-weight: 400;\">La presentaci\u00f3n culmin\u00f3 con una invitaci\u00f3n al p\u00fablico para subir al escenario y unirse al festejo. Diez a\u00f1os de disciplina, compromiso y un arduo trabajo;\u00a0 diez a\u00f1os de lucha por mantener vivas nuestras tradiciones; diez a\u00f1os de celebrar nuestras ra\u00edces.\u00a0<\/span><\/p>\n<p><span style=\"font-weight: 400;\">Enhorabuena por esta primera d\u00e9cada.<\/span><\/p>\n<p><span style=\"font-weight: 400;\">Auguramos una larga carrera llena de \u00e9xitos para la Compa\u00f1\u00eda de Danza Folcl\u00f3rica Xihuitzilli.\u00a0<\/span><\/p>\n<p><span style=\"font-weight: 400;\">\u00a1Muchas felicidades!<\/span><\/p>\n<p><img loading=\"lazy\" decoding=\"async\" class=\"aligncenter wp-image-1523 size-large\" src=\"https:\/\/elcontemporaneo.mx\/wp-content\/uploads\/2026\/06\/WhatsApp-Image-2026-06-10-at-7.39.11-PM-1024x768.webp\" alt=\"\" width=\"1024\" height=\"768\" srcset=\"https:\/\/elcontemporaneo.mx\/wp-content\/uploads\/2026\/06\/WhatsApp-Image-2026-06-10-at-7.39.11-PM-1024x768.webp 1024w, https:\/\/elcontemporaneo.mx\/wp-content\/uploads\/2026\/06\/WhatsApp-Image-2026-06-10-at-7.39.11-PM-300x225.webp 300w, https:\/\/elcontemporaneo.mx\/wp-content\/uploads\/2026\/06\/WhatsApp-Image-2026-06-10-at-7.39.11-PM-768x576.webp 768w, https:\/\/elcontemporaneo.mx\/wp-content\/uploads\/2026\/06\/WhatsApp-Image-2026-06-10-at-7.39.11-PM-1536x1152.webp 1536w, https:\/\/elcontemporaneo.mx\/wp-content\/uploads\/2026\/06\/WhatsApp-Image-2026-06-10-at-7.39.11-PM.webp 1600w\" sizes=\"auto, (max-width: 1024px) 100vw, 1024px\" \/><\/p>\n","protected":false},"excerpt":{"rendered":"<p>Foto y nota: Anahi M. Elias El 7 de junio, el Teatro Zaragoza en Atizap\u00e1n de Zaragoza (Edomex), se visti\u00f3 de gala con la celebraci\u00f3n del d\u00e9cimo aniversario de la Compa\u00f1\u00eda de Danza Folcl\u00f3rica Xihuitzilli, de la Ciudad de M\u00e9xico. Acompa\u00f1ados por la Orquesta de C\u00e1mara de la Ciudad de M\u00e9xico y el mariachi Nuevo [&hellip;]<\/p>\n","protected":false},"author":2,"featured_media":0,"comment_status":"open","ping_status":"open","sticky":false,"template":"","format":"standard","meta":{"site-sidebar-layout":"default","site-content-layout":"","ast-site-content-layout":"default","site-content-style":"default","site-sidebar-style":"default","ast-global-header-display":"","ast-banner-title-visibility":"","ast-main-header-display":"","ast-hfb-above-header-display":"","ast-hfb-below-header-display":"","ast-hfb-mobile-header-display":"","site-post-title":"","ast-breadcrumbs-content":"","ast-featured-img":"","footer-sml-layout":"","ast-disable-related-posts":"","theme-transparent-header-meta":"default","adv-header-id-meta":"","stick-header-meta":"","header-above-stick-meta":"","header-main-stick-meta":"","header-below-stick-meta":"","astra-migrate-meta-layouts":"set","ast-page-background-enabled":"default","ast-page-background-meta":{"desktop":{"background-color":"var(--ast-global-color-4)","background-image":"","background-repeat":"repeat","background-position":"center center","background-size":"auto","background-attachment":"scroll","background-type":"","background-media":"","overlay-type":"","overlay-color":"","overlay-opacity":"","overlay-gradient":""},"tablet":{"background-color":"","background-image":"","background-repeat":"repeat","background-position":"center center","background-size":"auto","background-attachment":"scroll","background-type":"","background-media":"","overlay-type":"","overlay-color":"","overlay-opacity":"","overlay-gradient":""},"mobile":{"background-color":"","background-image":"","background-repeat":"repeat","background-position":"center center","background-size":"auto","background-attachment":"scroll","background-type":"","background-media":"","overlay-type":"","overlay-color":"","overlay-opacity":"","overlay-gradient":""}},"ast-content-background-meta":{"desktop":{"background-color":"var(--ast-global-color-5)","background-image":"","background-repeat":"repeat","background-position":"center center","background-size":"auto","background-attachment":"scroll","background-type":"","background-media":"","overlay-type":"","overlay-color":"","overlay-opacity":"","overlay-gradient":""},"tablet":{"background-color":"var(--ast-global-color-5)","background-image":"","background-repeat":"repeat","background-position":"center center","background-size":"auto","background-attachment":"scroll","background-type":"","background-media":"","overlay-type":"","overlay-color":"","overlay-opacity":"","overlay-gradient":""},"mobile":{"background-color":"var(--ast-global-color-5)","background-image":"","background-repeat":"repeat","background-position":"center center","background-size":"auto","background-attachment":"scroll","background-type":"","background-media":"","overlay-type":"","overlay-color":"","overlay-opacity":"","overlay-gradient":""}},"footnotes":""},"categories":[6],"tags":[],"columnista":[],"class_list":["post-1520","post","type-post","status-publish","format-standard","hentry","category-estilo-de-vida"],"_links":{"self":[{"href":"https:\/\/elcontemporaneo.mx\/index.php\/wp-json\/wp\/v2\/posts\/1520","targetHints":{"allow":["GET"]}}],"collection":[{"href":"https:\/\/elcontemporaneo.mx\/index.php\/wp-json\/wp\/v2\/posts"}],"about":[{"href":"https:\/\/elcontemporaneo.mx\/index.php\/wp-json\/wp\/v2\/types\/post"}],"author":[{"embeddable":true,"href":"https:\/\/elcontemporaneo.mx\/index.php\/wp-json\/wp\/v2\/users\/2"}],"replies":[{"embeddable":true,"href":"https:\/\/elcontemporaneo.mx\/index.php\/wp-json\/wp\/v2\/comments?post=1520"}],"version-history":[{"count":2,"href":"https:\/\/elcontemporaneo.mx\/index.php\/wp-json\/wp\/v2\/posts\/1520\/revisions"}],"predecessor-version":[{"id":1525,"href":"https:\/\/elcontemporaneo.mx\/index.php\/wp-json\/wp\/v2\/posts\/1520\/revisions\/1525"}],"wp:attachment":[{"href":"https:\/\/elcontemporaneo.mx\/index.php\/wp-json\/wp\/v2\/media?parent=1520"}],"wp:term":[{"taxonomy":"category","embeddable":true,"href":"https:\/\/elcontemporaneo.mx\/index.php\/wp-json\/wp\/v2\/categories?post=1520"},{"taxonomy":"post_tag","embeddable":true,"href":"https:\/\/elcontemporaneo.mx\/index.php\/wp-json\/wp\/v2\/tags?post=1520"},{"taxonomy":"columnista","embeddable":true,"href":"https:\/\/elcontemporaneo.mx\/index.php\/wp-json\/wp\/v2\/columnista?post=1520"}],"curies":[{"name":"wp","href":"https:\/\/api.w.org\/{rel}","templated":true}]}}