{"id":1526,"date":"2026-06-10T21:59:23","date_gmt":"2026-06-11T03:59:23","guid":{"rendered":"https:\/\/elcontemporaneo.mx\/?p=1526"},"modified":"2026-06-10T21:59:23","modified_gmt":"2026-06-11T03:59:23","slug":"5-cintas-que-reviven-la-pasion-futbolera","status":"publish","type":"post","link":"https:\/\/elcontemporaneo.mx\/index.php\/2026\/06\/10\/5-cintas-que-reviven-la-pasion-futbolera\/","title":{"rendered":"5 cintas que reviven la pasi\u00f3n futbolera"},"content":{"rendered":"<p><img loading=\"lazy\" decoding=\"async\" class=\"aligncenter wp-image-1527 size-large\" src=\"https:\/\/elcontemporaneo.mx\/wp-content\/uploads\/2026\/06\/unnamed-_1_-1024x576.webp\" alt=\"\" width=\"1024\" height=\"576\" srcset=\"https:\/\/elcontemporaneo.mx\/wp-content\/uploads\/2026\/06\/unnamed-_1_-1024x576.webp 1024w, https:\/\/elcontemporaneo.mx\/wp-content\/uploads\/2026\/06\/unnamed-_1_-300x169.webp 300w, https:\/\/elcontemporaneo.mx\/wp-content\/uploads\/2026\/06\/unnamed-_1_-768x432.webp 768w, https:\/\/elcontemporaneo.mx\/wp-content\/uploads\/2026\/06\/unnamed-_1_.webp 1280w\" sizes=\"auto, (max-width: 1024px) 100vw, 1024px\" \/><\/p>\n<p><span style=\"font-weight: 400;\">Spoiler.mx llev\u00f3 a cabo un an\u00e1lisis de pel\u00edculas donde la familia, identidad y memoria mundialista se reviven en estas 5 cintas mexicanas.<\/span><\/p>\n<p><span style=\"font-weight: 400;\">Entre las pel\u00edculas incluidas est\u00e1 <\/span><b>Rudo y Cursi (2008), <\/b><span style=\"font-weight: 400;\">dirigida por Carlos Cuar\u00f3n y protagonizada por Diego Luna y Gael Garc\u00eda Bernal.<\/span><\/p>\n<p><span style=\"font-weight: 400;\">La cinta llev\u00f3 el f\u00fatbol a un terreno menos rom\u00e1ntico: el de la fama repentina, la presi\u00f3n medi\u00e1tica, el negocio deportivo y las decisiones personales que acompa\u00f1an el ascenso social. La pel\u00edcula alcanz\u00f3 11.16 millones de d\u00f3lares en taquilla mundial, con 8.35 millones de d\u00f3lares provenientes del mercado mexicano.<\/span><\/p>\n<p><span style=\"font-weight: 400;\">Adem\u00e1s, ubican su desempe\u00f1o local alrededor de 127 millones de pesos y 3.1 millones de espectadores, cifras que la colocaron entre las pel\u00edculas mexicanas m\u00e1s taquilleras de su momento.<\/span><\/p>\n<p><b>La cinta El Chanfle (1979),<\/b><span style=\"font-weight: 400;\"> protagonizada por Roberto G\u00f3mez Bola\u00f1os, convirti\u00f3 el entorno del Club Am\u00e9rica en una comedia familiar que conect\u00f3 con varias generaciones. Spoiler indic\u00f3 que se mantiene como una referencia de culto por su relaci\u00f3n con Chespirito, el f\u00fatbol televisivo y la cultura popular mexicana.<\/span><\/p>\n<p><img loading=\"lazy\" decoding=\"async\" class=\"aligncenter wp-image-1528 size-large\" src=\"https:\/\/elcontemporaneo.mx\/wp-content\/uploads\/2026\/06\/unnamed-1-1024x576.webp\" alt=\"\" width=\"1024\" height=\"576\" srcset=\"https:\/\/elcontemporaneo.mx\/wp-content\/uploads\/2026\/06\/unnamed-1-1024x576.webp 1024w, https:\/\/elcontemporaneo.mx\/wp-content\/uploads\/2026\/06\/unnamed-1-300x169.webp 300w, https:\/\/elcontemporaneo.mx\/wp-content\/uploads\/2026\/06\/unnamed-1-768x432.webp 768w, https:\/\/elcontemporaneo.mx\/wp-content\/uploads\/2026\/06\/unnamed-1.webp 1280w\" sizes=\"auto, (max-width: 1024px) 100vw, 1024px\" \/><\/p>\n<p><b>Atl\u00e9tico San Pancho (2001<\/b><span style=\"font-weight: 400;\">), dirigida por Gustavo Loza, representa el barrio, la infancia y la comunidad. Su valor est\u00e1 en recordar que para millones de personas el primer contacto con el f\u00fatbol no ocurre en un estadio profesional, sino en una cancha improvisada donde se aprende a ganar, perder y pertenecer.<\/span><\/p>\n<p><b>Ilusi\u00f3n Nacional (2014)<\/b><span style=\"font-weight: 400;\"> es un documental dirigido por Olallo Rubio, y reconstruye la relaci\u00f3n entre la Selecci\u00f3n Mexicana, los Mundiales y la identidad nacional a partir de material de archivo, testimonios y memoria deportiva.\u00a0<\/span><\/p>\n<p><span style=\"font-weight: 400;\">Mientras, <\/span><b>La l\u00ednea llega hasta M\u00e9xico 86 (2026),<\/b><span style=\"font-weight: 400;\"> es una pel\u00edcula de Netflix protagonizada por Diego Luna, Daniel Gim\u00e9nez Cacho y Karla Souza.\u00a0<\/span><\/p>\n<p><span style=\"font-weight: 400;\">En plena antesala del Mundial 2026, la pel\u00edcula aparece como un espejo entre dos momentos: el pa\u00eds que improvis\u00f3 una haza\u00f1a deportiva y el pa\u00eds que vuelve a recibir al mundo.<\/span><\/p>\n","protected":false},"excerpt":{"rendered":"<p>Spoiler.mx llev\u00f3 a cabo un an\u00e1lisis de pel\u00edculas donde la familia, identidad y memoria mundialista se reviven en estas 5 cintas mexicanas. Entre las pel\u00edculas incluidas est\u00e1 Rudo y Cursi (2008), dirigida por Carlos Cuar\u00f3n y protagonizada por Diego Luna y Gael Garc\u00eda Bernal. La cinta llev\u00f3 el f\u00fatbol a un terreno menos rom\u00e1ntico: el [&hellip;]<\/p>\n","protected":false},"author":2,"featured_media":0,"comment_status":"open","ping_status":"open","sticky":false,"template":"","format":"standard","meta":{"site-sidebar-layout":"default","site-content-layout":"","ast-site-content-layout":"default","site-content-style":"default","site-sidebar-style":"default","ast-global-header-display":"","ast-banner-title-visibility":"","ast-main-header-display":"","ast-hfb-above-header-display":"","ast-hfb-below-header-display":"","ast-hfb-mobile-header-display":"","site-post-title":"","ast-breadcrumbs-content":"","ast-featured-img":"","footer-sml-layout":"","ast-disable-related-posts":"","theme-transparent-header-meta":"default","adv-header-id-meta":"","stick-header-meta":"","header-above-stick-meta":"","header-main-stick-meta":"","header-below-stick-meta":"","astra-migrate-meta-layouts":"set","ast-page-background-enabled":"default","ast-page-background-meta":{"desktop":{"background-color":"var(--ast-global-color-4)","background-image":"","background-repeat":"repeat","background-position":"center center","background-size":"auto","background-attachment":"scroll","background-type":"","background-media":"","overlay-type":"","overlay-color":"","overlay-opacity":"","overlay-gradient":""},"tablet":{"background-color":"","background-image":"","background-repeat":"repeat","background-position":"center center","background-size":"auto","background-attachment":"scroll","background-type":"","background-media":"","overlay-type":"","overlay-color":"","overlay-opacity":"","overlay-gradient":""},"mobile":{"background-color":"","background-image":"","background-repeat":"repeat","background-position":"center center","background-size":"auto","background-attachment":"scroll","background-type":"","background-media":"","overlay-type":"","overlay-color":"","overlay-opacity":"","overlay-gradient":""}},"ast-content-background-meta":{"desktop":{"background-color":"var(--ast-global-color-5)","background-image":"","background-repeat":"repeat","background-position":"center center","background-size":"auto","background-attachment":"scroll","background-type":"","background-media":"","overlay-type":"","overlay-color":"","overlay-opacity":"","overlay-gradient":""},"tablet":{"background-color":"var(--ast-global-color-5)","background-image":"","background-repeat":"repeat","background-position":"center center","background-size":"auto","background-attachment":"scroll","background-type":"","background-media":"","overlay-type":"","overlay-color":"","overlay-opacity":"","overlay-gradient":""},"mobile":{"background-color":"var(--ast-global-color-5)","background-image":"","background-repeat":"repeat","background-position":"center center","background-size":"auto","background-attachment":"scroll","background-type":"","background-media":"","overlay-type":"","overlay-color":"","overlay-opacity":"","overlay-gradient":""}},"footnotes":""},"categories":[6],"tags":[],"columnista":[],"class_list":["post-1526","post","type-post","status-publish","format-standard","hentry","category-estilo-de-vida"],"_links":{"self":[{"href":"https:\/\/elcontemporaneo.mx\/index.php\/wp-json\/wp\/v2\/posts\/1526","targetHints":{"allow":["GET"]}}],"collection":[{"href":"https:\/\/elcontemporaneo.mx\/index.php\/wp-json\/wp\/v2\/posts"}],"about":[{"href":"https:\/\/elcontemporaneo.mx\/index.php\/wp-json\/wp\/v2\/types\/post"}],"author":[{"embeddable":true,"href":"https:\/\/elcontemporaneo.mx\/index.php\/wp-json\/wp\/v2\/users\/2"}],"replies":[{"embeddable":true,"href":"https:\/\/elcontemporaneo.mx\/index.php\/wp-json\/wp\/v2\/comments?post=1526"}],"version-history":[{"count":1,"href":"https:\/\/elcontemporaneo.mx\/index.php\/wp-json\/wp\/v2\/posts\/1526\/revisions"}],"predecessor-version":[{"id":1529,"href":"https:\/\/elcontemporaneo.mx\/index.php\/wp-json\/wp\/v2\/posts\/1526\/revisions\/1529"}],"wp:attachment":[{"href":"https:\/\/elcontemporaneo.mx\/index.php\/wp-json\/wp\/v2\/media?parent=1526"}],"wp:term":[{"taxonomy":"category","embeddable":true,"href":"https:\/\/elcontemporaneo.mx\/index.php\/wp-json\/wp\/v2\/categories?post=1526"},{"taxonomy":"post_tag","embeddable":true,"href":"https:\/\/elcontemporaneo.mx\/index.php\/wp-json\/wp\/v2\/tags?post=1526"},{"taxonomy":"columnista","embeddable":true,"href":"https:\/\/elcontemporaneo.mx\/index.php\/wp-json\/wp\/v2\/columnista?post=1526"}],"curies":[{"name":"wp","href":"https:\/\/api.w.org\/{rel}","templated":true}]}}