{"id":1530,"date":"2026-06-10T22:09:22","date_gmt":"2026-06-11T04:09:22","guid":{"rendered":"https:\/\/elcontemporaneo.mx\/?p=1530"},"modified":"2026-06-10T22:09:22","modified_gmt":"2026-06-11T04:09:22","slug":"nueva-etapa-de-muerdo-con-me-vas-a-ver-volar","status":"publish","type":"post","link":"https:\/\/elcontemporaneo.mx\/index.php\/2026\/06\/10\/nueva-etapa-de-muerdo-con-me-vas-a-ver-volar\/","title":{"rendered":"Nueva etapa de Muerdo con &#8220;Me vas a ver volar&#8221;"},"content":{"rendered":"<p><iframe loading=\"lazy\" title=\"YouTube video player\" src=\"https:\/\/www.youtube.com\/embed\/VrrCzynhrdM?si=RDrMs9AUwhxm9E53\" width=\"560\" height=\"315\" frameborder=\"0\" allowfullscreen=\"allowfullscreen\"><\/iframe><\/p>\n<p><span style=\"font-weight: 400;\">Muerdo regresa con \u201cMe vas a ver volar\u201d, su nuevo single junto a Los Rumberos que inaugura una nueva etapa art\u00edstica para el cantautor murciano.<\/span><\/p>\n<p><span style=\"font-weight: 400;\">Despu\u00e9s de m\u00e1s de una d\u00e9cada de carrera, seis discos publicados y giras por Espa\u00f1a y Latinoam\u00e9rica, Muerdo es una de las voces m\u00e1s personales de la canci\u00f3n mestiza en espa\u00f1ol.\u00a0<\/span><\/p>\n<p><span style=\"font-weight: 400;\">Su anterior \u00e1lbum, Sinverg\u00fcenza, marc\u00f3 un punto de inflexi\u00f3n en su trayectoria. El disco, en el que colabor\u00f3 la leyenda cubana El\u00edades Ochoa, fue reconocido con el Premio Cubadisco Internacional 2025 y lo llev\u00f3 a ser seleccionado para participar en la Latin Alternative Music Conference (LAMC) de Nueva York.<\/span><\/p>\n<p><span style=\"font-weight: 400;\">Ahora, present\u00f3 este nuevo sencillo, el cual es una rumba luminosa te\u00f1ida de sonidos latinos. Junto con Los Rumberos, el d\u00fao mexicano formado por Lito de la Isla y Paul Sefchovich, la canci\u00f3n es fresca y emotiva.\u00a0<\/span><\/p>\n<p><span style=\"font-weight: 400;\">Ahora, en esta nueva etapa, Muerdo abre una puerta de madurez art\u00edstica sin perder su esencia po\u00e9tica y emocional.<\/span><\/p>\n","protected":false},"excerpt":{"rendered":"<p>Muerdo regresa con \u201cMe vas a ver volar\u201d, su nuevo single junto a Los Rumberos que inaugura una nueva etapa art\u00edstica para el cantautor murciano. Despu\u00e9s de m\u00e1s de una d\u00e9cada de carrera, seis discos publicados y giras por Espa\u00f1a y Latinoam\u00e9rica, Muerdo es una de las voces m\u00e1s personales de la canci\u00f3n mestiza en [&hellip;]<\/p>\n","protected":false},"author":2,"featured_media":0,"comment_status":"open","ping_status":"open","sticky":false,"template":"","format":"standard","meta":{"site-sidebar-layout":"default","site-content-layout":"","ast-site-content-layout":"default","site-content-style":"default","site-sidebar-style":"default","ast-global-header-display":"","ast-banner-title-visibility":"","ast-main-header-display":"","ast-hfb-above-header-display":"","ast-hfb-below-header-display":"","ast-hfb-mobile-header-display":"","site-post-title":"","ast-breadcrumbs-content":"","ast-featured-img":"","footer-sml-layout":"","ast-disable-related-posts":"","theme-transparent-header-meta":"default","adv-header-id-meta":"","stick-header-meta":"","header-above-stick-meta":"","header-main-stick-meta":"","header-below-stick-meta":"","astra-migrate-meta-layouts":"set","ast-page-background-enabled":"default","ast-page-background-meta":{"desktop":{"background-color":"var(--ast-global-color-4)","background-image":"","background-repeat":"repeat","background-position":"center center","background-size":"auto","background-attachment":"scroll","background-type":"","background-media":"","overlay-type":"","overlay-color":"","overlay-opacity":"","overlay-gradient":""},"tablet":{"background-color":"","background-image":"","background-repeat":"repeat","background-position":"center center","background-size":"auto","background-attachment":"scroll","background-type":"","background-media":"","overlay-type":"","overlay-color":"","overlay-opacity":"","overlay-gradient":""},"mobile":{"background-color":"","background-image":"","background-repeat":"repeat","background-position":"center center","background-size":"auto","background-attachment":"scroll","background-type":"","background-media":"","overlay-type":"","overlay-color":"","overlay-opacity":"","overlay-gradient":""}},"ast-content-background-meta":{"desktop":{"background-color":"var(--ast-global-color-5)","background-image":"","background-repeat":"repeat","background-position":"center center","background-size":"auto","background-attachment":"scroll","background-type":"","background-media":"","overlay-type":"","overlay-color":"","overlay-opacity":"","overlay-gradient":""},"tablet":{"background-color":"var(--ast-global-color-5)","background-image":"","background-repeat":"repeat","background-position":"center center","background-size":"auto","background-attachment":"scroll","background-type":"","background-media":"","overlay-type":"","overlay-color":"","overlay-opacity":"","overlay-gradient":""},"mobile":{"background-color":"var(--ast-global-color-5)","background-image":"","background-repeat":"repeat","background-position":"center center","background-size":"auto","background-attachment":"scroll","background-type":"","background-media":"","overlay-type":"","overlay-color":"","overlay-opacity":"","overlay-gradient":""}},"footnotes":""},"categories":[6],"tags":[],"columnista":[],"class_list":["post-1530","post","type-post","status-publish","format-standard","hentry","category-estilo-de-vida"],"_links":{"self":[{"href":"https:\/\/elcontemporaneo.mx\/index.php\/wp-json\/wp\/v2\/posts\/1530","targetHints":{"allow":["GET"]}}],"collection":[{"href":"https:\/\/elcontemporaneo.mx\/index.php\/wp-json\/wp\/v2\/posts"}],"about":[{"href":"https:\/\/elcontemporaneo.mx\/index.php\/wp-json\/wp\/v2\/types\/post"}],"author":[{"embeddable":true,"href":"https:\/\/elcontemporaneo.mx\/index.php\/wp-json\/wp\/v2\/users\/2"}],"replies":[{"embeddable":true,"href":"https:\/\/elcontemporaneo.mx\/index.php\/wp-json\/wp\/v2\/comments?post=1530"}],"version-history":[{"count":1,"href":"https:\/\/elcontemporaneo.mx\/index.php\/wp-json\/wp\/v2\/posts\/1530\/revisions"}],"predecessor-version":[{"id":1531,"href":"https:\/\/elcontemporaneo.mx\/index.php\/wp-json\/wp\/v2\/posts\/1530\/revisions\/1531"}],"wp:attachment":[{"href":"https:\/\/elcontemporaneo.mx\/index.php\/wp-json\/wp\/v2\/media?parent=1530"}],"wp:term":[{"taxonomy":"category","embeddable":true,"href":"https:\/\/elcontemporaneo.mx\/index.php\/wp-json\/wp\/v2\/categories?post=1530"},{"taxonomy":"post_tag","embeddable":true,"href":"https:\/\/elcontemporaneo.mx\/index.php\/wp-json\/wp\/v2\/tags?post=1530"},{"taxonomy":"columnista","embeddable":true,"href":"https:\/\/elcontemporaneo.mx\/index.php\/wp-json\/wp\/v2\/columnista?post=1530"}],"curies":[{"name":"wp","href":"https:\/\/api.w.org\/{rel}","templated":true}]}}