{"id":1532,"date":"2026-06-10T22:44:30","date_gmt":"2026-06-11T04:44:30","guid":{"rendered":"https:\/\/elcontemporaneo.mx\/?p=1532"},"modified":"2026-06-10T22:46:22","modified_gmt":"2026-06-11T04:46:22","slug":"organizaciones-exigen-atender-crisis-al-gobierno","status":"publish","type":"post","link":"https:\/\/elcontemporaneo.mx\/index.php\/2026\/06\/10\/organizaciones-exigen-atender-crisis-al-gobierno\/","title":{"rendered":"Exigen organizaciones atender crisis de derechos humanos y ambientales al gobierno"},"content":{"rendered":"<p><img loading=\"lazy\" decoding=\"async\" class=\"aligncenter wp-image-1533 size-full\" src=\"https:\/\/elcontemporaneo.mx\/wp-content\/uploads\/2026\/06\/Exchange2.webp\" alt=\"\" width=\"700\" height=\"617\" srcset=\"https:\/\/elcontemporaneo.mx\/wp-content\/uploads\/2026\/06\/Exchange2.webp 700w, https:\/\/elcontemporaneo.mx\/wp-content\/uploads\/2026\/06\/Exchange2-300x264.webp 300w\" sizes=\"auto, (max-width: 700px) 100vw, 700px\" \/><\/p>\n<p><span style=\"font-weight: 400;\">M\u00e1s de cien organizaciones y redes de la sociedad civil de M\u00e9xico y Estados Unidos se unieron para enviar un llamado a la presidenta Claudia Sheinbaum, con el fin de atender las problem\u00e1ticas sociales y ambientales que aquejan al pa\u00eds, en lugar de concentrarse solo en el Mundial 2026.\u00a0<\/span><\/p>\n<p><span style=\"font-weight: 400;\">Con una manta de 21 metros de largo desplegada a 60 metros de altura en la Estela de Luz por activistas de Greenpeace M\u00e9xico, se denunci\u00f3 sobre los temas de migraci\u00f3n, desapariciones, violencia, despojo, desplazamientos forzados, as\u00ed como justicia ambiental bajo el lema \u201cEsto tambi\u00e9n est\u00e1 en juego. El mundo est\u00e1 viendo\u201d.<\/span><\/p>\n<p><span style=\"font-weight: 400;\">Los activistas alzaron la voz para se\u00f1alar su rechazo a la asignaci\u00f3n de recursos millonarios para la celebraci\u00f3n de la Copa del Mundo por parte del Gobierno de M\u00e9xico, y demandaron atenci\u00f3n a la grave crisis ambiental y de derechos humanos.<\/span><\/p>\n<p><span style=\"font-weight: 400;\">Las organizaciones convocantes fueron Amnist\u00eda Internacional, Greenpeace M\u00e9xico, Global Exchange, Centro Mexicano de Derecho Ambiental, A.C. (CEMDA), Project Worldcup Spotlight y redes binacionales como el Movimiento de los Pueblos por la Paz y la Justicia y la Asamblea de Incidencia por los Derechos Humanos en el T-MEC.<\/span><\/p>\n<p><span style=\"font-weight: 400;\">Mientras que el gobierno anunci\u00f3 inversiones por hasta 2 mil millones de pesos para infraestructura en movilidad en CDMX, Guadalajara y Monterrey; as\u00ed como el despliegue de 100,000 agentes de seguridad p\u00fablica, no existe consideraci\u00f3n a las necesidades urgentes de los mexicanos.\u00a0<\/span><\/p>\n<p><span style=\"font-weight: 400;\">Con m\u00e1s de 133,000 personas desaparecidas en M\u00e9xico, es urgente atender las desapariciones forzadas que aquejan al pa\u00eds. Asimismo, la protecci\u00f3n a las mujeres y madres buscadoras quienes realizan labores de riesgo bajo amenazas y violencia.\u00a0<\/span><\/p>\n<p><span style=\"font-weight: 400;\">Aunado a ello, las redadas del Instituto Nacional de Migraci\u00f3n en M\u00e9xico y la Agencia de Enforzamiento de Inmigraci\u00f3n (ICE) en Estados Unidos, donde atentan los derechos de cientos de personas deportadas.\u00a0<\/span><\/p>\n<p><span style=\"font-weight: 400;\">Tambi\u00e9n es urgente una pol\u00edtica de gobierno que priorice el medioambiente y los derechos humanos sobre las inversiones en proyectos extractivistas en ecosistemas marinos y terrestres.\u00a0<\/span><\/p>\n<p><span style=\"font-weight: 400;\">Greenpeace, mediante un comunicado de prensa, reiter\u00f3 que la justicia no solo es social o ambiental, sino es un derecho colectivo donde est\u00e1 en juego la vida, integridad y dignidad de las personas.<\/span><\/p>\n<p><em><strong>*Foto: Greenpeace M\u00e9xico: https:\/\/actua.greenpeace.org.mx\/global_exchange<\/strong><\/em><\/p>\n","protected":false},"excerpt":{"rendered":"<p>M\u00e1s de cien organizaciones y redes de la sociedad civil de M\u00e9xico y Estados Unidos se unieron para enviar un llamado a la presidenta Claudia Sheinbaum, con el fin de atender las problem\u00e1ticas sociales y ambientales que aquejan al pa\u00eds, en lugar de concentrarse solo en el Mundial 2026.\u00a0 Con una manta de 21 metros [&hellip;]<\/p>\n","protected":false},"author":2,"featured_media":0,"comment_status":"open","ping_status":"open","sticky":false,"template":"","format":"standard","meta":{"site-sidebar-layout":"default","site-content-layout":"","ast-site-content-layout":"default","site-content-style":"default","site-sidebar-style":"default","ast-global-header-display":"","ast-banner-title-visibility":"","ast-main-header-display":"","ast-hfb-above-header-display":"","ast-hfb-below-header-display":"","ast-hfb-mobile-header-display":"","site-post-title":"","ast-breadcrumbs-content":"","ast-featured-img":"","footer-sml-layout":"","ast-disable-related-posts":"","theme-transparent-header-meta":"default","adv-header-id-meta":"","stick-header-meta":"","header-above-stick-meta":"","header-main-stick-meta":"","header-below-stick-meta":"","astra-migrate-meta-layouts":"set","ast-page-background-enabled":"default","ast-page-background-meta":{"desktop":{"background-color":"var(--ast-global-color-4)","background-image":"","background-repeat":"repeat","background-position":"center center","background-size":"auto","background-attachment":"scroll","background-type":"","background-media":"","overlay-type":"","overlay-color":"","overlay-opacity":"","overlay-gradient":""},"tablet":{"background-color":"","background-image":"","background-repeat":"repeat","background-position":"center center","background-size":"auto","background-attachment":"scroll","background-type":"","background-media":"","overlay-type":"","overlay-color":"","overlay-opacity":"","overlay-gradient":""},"mobile":{"background-color":"","background-image":"","background-repeat":"repeat","background-position":"center center","background-size":"auto","background-attachment":"scroll","background-type":"","background-media":"","overlay-type":"","overlay-color":"","overlay-opacity":"","overlay-gradient":""}},"ast-content-background-meta":{"desktop":{"background-color":"var(--ast-global-color-5)","background-image":"","background-repeat":"repeat","background-position":"center center","background-size":"auto","background-attachment":"scroll","background-type":"","background-media":"","overlay-type":"","overlay-color":"","overlay-opacity":"","overlay-gradient":""},"tablet":{"background-color":"var(--ast-global-color-5)","background-image":"","background-repeat":"repeat","background-position":"center center","background-size":"auto","background-attachment":"scroll","background-type":"","background-media":"","overlay-type":"","overlay-color":"","overlay-opacity":"","overlay-gradient":""},"mobile":{"background-color":"var(--ast-global-color-5)","background-image":"","background-repeat":"repeat","background-position":"center center","background-size":"auto","background-attachment":"scroll","background-type":"","background-media":"","overlay-type":"","overlay-color":"","overlay-opacity":"","overlay-gradient":""}},"footnotes":""},"categories":[1],"tags":[],"columnista":[],"class_list":["post-1532","post","type-post","status-publish","format-standard","hentry","category-nacion"],"_links":{"self":[{"href":"https:\/\/elcontemporaneo.mx\/index.php\/wp-json\/wp\/v2\/posts\/1532","targetHints":{"allow":["GET"]}}],"collection":[{"href":"https:\/\/elcontemporaneo.mx\/index.php\/wp-json\/wp\/v2\/posts"}],"about":[{"href":"https:\/\/elcontemporaneo.mx\/index.php\/wp-json\/wp\/v2\/types\/post"}],"author":[{"embeddable":true,"href":"https:\/\/elcontemporaneo.mx\/index.php\/wp-json\/wp\/v2\/users\/2"}],"replies":[{"embeddable":true,"href":"https:\/\/elcontemporaneo.mx\/index.php\/wp-json\/wp\/v2\/comments?post=1532"}],"version-history":[{"count":2,"href":"https:\/\/elcontemporaneo.mx\/index.php\/wp-json\/wp\/v2\/posts\/1532\/revisions"}],"predecessor-version":[{"id":1535,"href":"https:\/\/elcontemporaneo.mx\/index.php\/wp-json\/wp\/v2\/posts\/1532\/revisions\/1535"}],"wp:attachment":[{"href":"https:\/\/elcontemporaneo.mx\/index.php\/wp-json\/wp\/v2\/media?parent=1532"}],"wp:term":[{"taxonomy":"category","embeddable":true,"href":"https:\/\/elcontemporaneo.mx\/index.php\/wp-json\/wp\/v2\/categories?post=1532"},{"taxonomy":"post_tag","embeddable":true,"href":"https:\/\/elcontemporaneo.mx\/index.php\/wp-json\/wp\/v2\/tags?post=1532"},{"taxonomy":"columnista","embeddable":true,"href":"https:\/\/elcontemporaneo.mx\/index.php\/wp-json\/wp\/v2\/columnista?post=1532"}],"curies":[{"name":"wp","href":"https:\/\/api.w.org\/{rel}","templated":true}]}}