{"id":1543,"date":"2026-06-11T16:05:46","date_gmt":"2026-06-11T22:05:46","guid":{"rendered":"https:\/\/elcontemporaneo.mx\/?p=1543"},"modified":"2026-06-11T16:05:46","modified_gmt":"2026-06-11T22:05:46","slug":"se-llena-azcapotzalco-de-la-emocion-pambolera","status":"publish","type":"post","link":"https:\/\/elcontemporaneo.mx\/index.php\/2026\/06\/11\/se-llena-azcapotzalco-de-la-emocion-pambolera\/","title":{"rendered":"Se llena Azcapotzalco de la emoci\u00f3n pambolera"},"content":{"rendered":"<p><img loading=\"lazy\" decoding=\"async\" class=\"aligncenter wp-image-1544 size-large\" src=\"https:\/\/elcontemporaneo.mx\/wp-content\/uploads\/2026\/06\/WhatsApp-Image-2026-06-11-at-12.26.14-PM-1024x576.webp\" alt=\"\" width=\"1024\" height=\"576\" srcset=\"https:\/\/elcontemporaneo.mx\/wp-content\/uploads\/2026\/06\/WhatsApp-Image-2026-06-11-at-12.26.14-PM-1024x576.webp 1024w, https:\/\/elcontemporaneo.mx\/wp-content\/uploads\/2026\/06\/WhatsApp-Image-2026-06-11-at-12.26.14-PM-300x169.webp 300w, https:\/\/elcontemporaneo.mx\/wp-content\/uploads\/2026\/06\/WhatsApp-Image-2026-06-11-at-12.26.14-PM-768x432.webp 768w, https:\/\/elcontemporaneo.mx\/wp-content\/uploads\/2026\/06\/WhatsApp-Image-2026-06-11-at-12.26.14-PM.webp 1280w\" sizes=\"auto, (max-width: 1024px) 100vw, 1024px\" \/><\/p>\n<p><span style=\"font-weight: 400;\">Se inaugur\u00f3 el Fan Fest en el Parque Tezoz\u00f3moc, en la alcald\u00eda Azcapotzalco, donde vecinos de zonas colindantes podr\u00e1n tener un espacio donde las familias podr\u00e1n ver los partidos de futbol, con el fin de que el Mundial llegue a todos los rincones de la capital.<\/span><\/p>\n<p><span style=\"font-weight: 400;\">En el lugar se instal\u00f3 un bazar internacional con oferta gastron\u00f3mica y mercantil de distintos pa\u00edses del mundo, as\u00ed como una feria de artesanos de Azcapotzalco y una serie de actividades deportivas y futbol\u00edsticas.<\/span><\/p>\n<p><span style=\"font-weight: 400;\">Luego de la rifa de \u00e1lbumes, playeras y balones, a la espera del inicio del partido inaugural, el lugar se llen\u00f3 de m\u00fasica y baile con la participaci\u00f3n de diversos artistas y estelarizado por la Internacional y Explosiva Sonora Dinamita.<\/span><\/p>\n","protected":false},"excerpt":{"rendered":"<p>Se inaugur\u00f3 el Fan Fest en el Parque Tezoz\u00f3moc, en la alcald\u00eda Azcapotzalco, donde vecinos de zonas colindantes podr\u00e1n tener un espacio donde las familias podr\u00e1n ver los partidos de futbol, con el fin de que el Mundial llegue a todos los rincones de la capital. En el lugar se instal\u00f3 un bazar internacional con [&hellip;]<\/p>\n","protected":false},"author":2,"featured_media":0,"comment_status":"open","ping_status":"open","sticky":false,"template":"","format":"standard","meta":{"site-sidebar-layout":"default","site-content-layout":"","ast-site-content-layout":"default","site-content-style":"default","site-sidebar-style":"default","ast-global-header-display":"","ast-banner-title-visibility":"","ast-main-header-display":"","ast-hfb-above-header-display":"","ast-hfb-below-header-display":"","ast-hfb-mobile-header-display":"","site-post-title":"","ast-breadcrumbs-content":"","ast-featured-img":"","footer-sml-layout":"","ast-disable-related-posts":"","theme-transparent-header-meta":"default","adv-header-id-meta":"","stick-header-meta":"","header-above-stick-meta":"","header-main-stick-meta":"","header-below-stick-meta":"","astra-migrate-meta-layouts":"set","ast-page-background-enabled":"default","ast-page-background-meta":{"desktop":{"background-color":"var(--ast-global-color-4)","background-image":"","background-repeat":"repeat","background-position":"center center","background-size":"auto","background-attachment":"scroll","background-type":"","background-media":"","overlay-type":"","overlay-color":"","overlay-opacity":"","overlay-gradient":""},"tablet":{"background-color":"","background-image":"","background-repeat":"repeat","background-position":"center center","background-size":"auto","background-attachment":"scroll","background-type":"","background-media":"","overlay-type":"","overlay-color":"","overlay-opacity":"","overlay-gradient":""},"mobile":{"background-color":"","background-image":"","background-repeat":"repeat","background-position":"center center","background-size":"auto","background-attachment":"scroll","background-type":"","background-media":"","overlay-type":"","overlay-color":"","overlay-opacity":"","overlay-gradient":""}},"ast-content-background-meta":{"desktop":{"background-color":"var(--ast-global-color-5)","background-image":"","background-repeat":"repeat","background-position":"center center","background-size":"auto","background-attachment":"scroll","background-type":"","background-media":"","overlay-type":"","overlay-color":"","overlay-opacity":"","overlay-gradient":""},"tablet":{"background-color":"var(--ast-global-color-5)","background-image":"","background-repeat":"repeat","background-position":"center center","background-size":"auto","background-attachment":"scroll","background-type":"","background-media":"","overlay-type":"","overlay-color":"","overlay-opacity":"","overlay-gradient":""},"mobile":{"background-color":"var(--ast-global-color-5)","background-image":"","background-repeat":"repeat","background-position":"center center","background-size":"auto","background-attachment":"scroll","background-type":"","background-media":"","overlay-type":"","overlay-color":"","overlay-opacity":"","overlay-gradient":""}},"footnotes":""},"categories":[6],"tags":[],"columnista":[],"class_list":["post-1543","post","type-post","status-publish","format-standard","hentry","category-estilo-de-vida"],"_links":{"self":[{"href":"https:\/\/elcontemporaneo.mx\/index.php\/wp-json\/wp\/v2\/posts\/1543","targetHints":{"allow":["GET"]}}],"collection":[{"href":"https:\/\/elcontemporaneo.mx\/index.php\/wp-json\/wp\/v2\/posts"}],"about":[{"href":"https:\/\/elcontemporaneo.mx\/index.php\/wp-json\/wp\/v2\/types\/post"}],"author":[{"embeddable":true,"href":"https:\/\/elcontemporaneo.mx\/index.php\/wp-json\/wp\/v2\/users\/2"}],"replies":[{"embeddable":true,"href":"https:\/\/elcontemporaneo.mx\/index.php\/wp-json\/wp\/v2\/comments?post=1543"}],"version-history":[{"count":1,"href":"https:\/\/elcontemporaneo.mx\/index.php\/wp-json\/wp\/v2\/posts\/1543\/revisions"}],"predecessor-version":[{"id":1547,"href":"https:\/\/elcontemporaneo.mx\/index.php\/wp-json\/wp\/v2\/posts\/1543\/revisions\/1547"}],"wp:attachment":[{"href":"https:\/\/elcontemporaneo.mx\/index.php\/wp-json\/wp\/v2\/media?parent=1543"}],"wp:term":[{"taxonomy":"category","embeddable":true,"href":"https:\/\/elcontemporaneo.mx\/index.php\/wp-json\/wp\/v2\/categories?post=1543"},{"taxonomy":"post_tag","embeddable":true,"href":"https:\/\/elcontemporaneo.mx\/index.php\/wp-json\/wp\/v2\/tags?post=1543"},{"taxonomy":"columnista","embeddable":true,"href":"https:\/\/elcontemporaneo.mx\/index.php\/wp-json\/wp\/v2\/columnista?post=1543"}],"curies":[{"name":"wp","href":"https:\/\/api.w.org\/{rel}","templated":true}]}}