{"id":1649,"date":"2026-07-01T14:44:19","date_gmt":"2026-07-01T20:44:19","guid":{"rendered":"https:\/\/elcontemporaneo.mx\/?p=1649"},"modified":"2026-07-01T14:44:19","modified_gmt":"2026-07-01T20:44:19","slug":"se-estrena-erupcja-el-3-de-julio-en-cines-mexicanos","status":"publish","type":"post","link":"https:\/\/elcontemporaneo.mx\/index.php\/2026\/07\/01\/se-estrena-erupcja-el-3-de-julio-en-cines-mexicanos\/","title":{"rendered":"Se estrena \u201cErupcja\u201d el 3 de julio en cines mexicanos"},"content":{"rendered":"<p><img loading=\"lazy\" decoding=\"async\" class=\"aligncenter wp-image-1650 size-full\" src=\"https:\/\/elcontemporaneo.mx\/wp-content\/uploads\/2026\/07\/unnamed-_1_.webp\" alt=\"\" width=\"886\" height=\"652\" srcset=\"https:\/\/elcontemporaneo.mx\/wp-content\/uploads\/2026\/07\/unnamed-_1_.webp 886w, https:\/\/elcontemporaneo.mx\/wp-content\/uploads\/2026\/07\/unnamed-_1_-300x221.webp 300w, https:\/\/elcontemporaneo.mx\/wp-content\/uploads\/2026\/07\/unnamed-_1_-768x565.webp 768w\" sizes=\"auto, (max-width: 886px) 100vw, 886px\" \/><\/p>\n<p><span style=\"font-weight: 400;\">La cantante brit\u00e1nica Charli XCX expande sus horizontes art\u00edsticos hacia la industria cinematogr\u00e1fica con \u201cErupcja\u201d, un largometraje donde asume el rol protag\u00f3nico y es coguionista.<\/span><\/p>\n<p><span style=\"font-weight: 400;\">Bajo la direcci\u00f3n de Pete Ohs, la pel\u00edcula llega a salas de cine mexicanas el 3 de julio, tras un recorrido por cert\u00e1menes internacionales como: Festivales de Cine de Toronto, S\u00e3o Paulo, Torino y South by Southwest.<\/span><\/p>\n<p><span style=\"font-weight: 400;\">Actualmente, el filme ostenta 83% de aceptaci\u00f3n en Rotten Tomatoes y el Certificado de Frescura.<\/span><\/p>\n<p><span style=\"font-weight: 400;\">La trama se centra en Bethany (Charli XCX) y su novio, quienes quedan varados en Varsovia, Polonia, durante unas vacaciones rom\u00e1nticas que no salen de acuerdo con lo planeado a causa de una erupci\u00f3n volc\u00e1nica que no solo sacude la tierra, sino tambi\u00e9n las emociones.<\/span><\/p>\n<p><span style=\"font-weight: 400;\">\u201cErupcja\u201d es un drama realista sobre las relaciones humanas y el impacto que tienen en nuestras vidas. Centrada en un grupo de j\u00f3venes que intentan encontrar su camino en la continua transici\u00f3n a la adultez, la cinta explora las ilusiones de esta etapa y la complejidad de crecer.<\/span><\/p>\n<p><img loading=\"lazy\" decoding=\"async\" class=\"aligncenter wp-image-1651 size-full\" src=\"https:\/\/elcontemporaneo.mx\/wp-content\/uploads\/2026\/07\/unnamed.webp\" alt=\"\" width=\"888\" height=\"640\" srcset=\"https:\/\/elcontemporaneo.mx\/wp-content\/uploads\/2026\/07\/unnamed.webp 888w, https:\/\/elcontemporaneo.mx\/wp-content\/uploads\/2026\/07\/unnamed-300x216.webp 300w, https:\/\/elcontemporaneo.mx\/wp-content\/uploads\/2026\/07\/unnamed-768x554.webp 768w\" sizes=\"auto, (max-width: 888px) 100vw, 888px\" \/><\/p>\n<p><span style=\"font-weight: 400;\">\u201cErupcja\u201d estar\u00e1 disponible bajo la distribuci\u00f3n de Lool Films en:<\/span><\/p>\n<p><span style=\"font-weight: 400;\">Ciudad de M\u00e9xico: Cineteca Nacional de las Artes, La Casa del Cine MX, Cine Tonal\u00e1, Cinemat\u00f3grafo del Chopo, Cineman\u00eda y la Sala Julio Bracho del CCU (UNAM)<\/span><\/p>\n<p><span style=\"font-weight: 400;\">Estado de M\u00e9xico: Film Club Caf\u00e9 y Centro Audiovisual Toluca<\/span><\/p>\n<p><span style=\"font-weight: 400;\">Guadalajara: Cineforo y Cineteca FICG<\/span><\/p>\n<p><span style=\"font-weight: 400;\">Monterrey: Cineteca CONARTE Nuevo Le\u00f3n<\/span><\/p>\n<p><span style=\"font-weight: 400;\">Puebla: Interestela Cinema y Cine Inminente<\/span><\/p>\n<p><span style=\"font-weight: 400;\">San Luis Potos\u00ed: Cineteca Alameda<\/span><\/p>\n<p><span style=\"font-weight: 400;\">Chiapas: Kinoki Foro Cultural (San Crist\u00f3bal de las Casas)<\/span><\/p>\n<p><span style=\"font-weight: 400;\">Aguascalientes: Sala Alternativa<\/span><\/p>\n<p><span style=\"font-weight: 400;\">Sinaloa: El Beso del B\u00faho (Culiac\u00e1n)<\/span><\/p>\n<p><span style=\"font-weight: 400;\">Quintana Roo: Cineclub Playa del Carmen<\/span><\/p>\n","protected":false},"excerpt":{"rendered":"<p>La cantante brit\u00e1nica Charli XCX expande sus horizontes art\u00edsticos hacia la industria cinematogr\u00e1fica con \u201cErupcja\u201d, un largometraje donde asume el rol protag\u00f3nico y es coguionista. Bajo la direcci\u00f3n de Pete Ohs, la pel\u00edcula llega a salas de cine mexicanas el 3 de julio, tras un recorrido por cert\u00e1menes internacionales como: Festivales de Cine de Toronto, [&hellip;]<\/p>\n","protected":false},"author":2,"featured_media":0,"comment_status":"open","ping_status":"open","sticky":false,"template":"","format":"standard","meta":{"site-sidebar-layout":"default","site-content-layout":"","ast-site-content-layout":"default","site-content-style":"default","site-sidebar-style":"default","ast-global-header-display":"","ast-banner-title-visibility":"","ast-main-header-display":"","ast-hfb-above-header-display":"","ast-hfb-below-header-display":"","ast-hfb-mobile-header-display":"","site-post-title":"","ast-breadcrumbs-content":"","ast-featured-img":"","footer-sml-layout":"","ast-disable-related-posts":"","theme-transparent-header-meta":"default","adv-header-id-meta":"","stick-header-meta":"","header-above-stick-meta":"","header-main-stick-meta":"","header-below-stick-meta":"","astra-migrate-meta-layouts":"set","ast-page-background-enabled":"default","ast-page-background-meta":{"desktop":{"background-color":"var(--ast-global-color-4)","background-image":"","background-repeat":"repeat","background-position":"center center","background-size":"auto","background-attachment":"scroll","background-type":"","background-media":"","overlay-type":"","overlay-color":"","overlay-opacity":"","overlay-gradient":""},"tablet":{"background-color":"","background-image":"","background-repeat":"repeat","background-position":"center center","background-size":"auto","background-attachment":"scroll","background-type":"","background-media":"","overlay-type":"","overlay-color":"","overlay-opacity":"","overlay-gradient":""},"mobile":{"background-color":"","background-image":"","background-repeat":"repeat","background-position":"center center","background-size":"auto","background-attachment":"scroll","background-type":"","background-media":"","overlay-type":"","overlay-color":"","overlay-opacity":"","overlay-gradient":""}},"ast-content-background-meta":{"desktop":{"background-color":"var(--ast-global-color-5)","background-image":"","background-repeat":"repeat","background-position":"center center","background-size":"auto","background-attachment":"scroll","background-type":"","background-media":"","overlay-type":"","overlay-color":"","overlay-opacity":"","overlay-gradient":""},"tablet":{"background-color":"var(--ast-global-color-5)","background-image":"","background-repeat":"repeat","background-position":"center center","background-size":"auto","background-attachment":"scroll","background-type":"","background-media":"","overlay-type":"","overlay-color":"","overlay-opacity":"","overlay-gradient":""},"mobile":{"background-color":"var(--ast-global-color-5)","background-image":"","background-repeat":"repeat","background-position":"center center","background-size":"auto","background-attachment":"scroll","background-type":"","background-media":"","overlay-type":"","overlay-color":"","overlay-opacity":"","overlay-gradient":""}},"footnotes":""},"categories":[6],"tags":[],"columnista":[],"class_list":["post-1649","post","type-post","status-publish","format-standard","hentry","category-estilo-de-vida"],"_links":{"self":[{"href":"https:\/\/elcontemporaneo.mx\/index.php\/wp-json\/wp\/v2\/posts\/1649","targetHints":{"allow":["GET"]}}],"collection":[{"href":"https:\/\/elcontemporaneo.mx\/index.php\/wp-json\/wp\/v2\/posts"}],"about":[{"href":"https:\/\/elcontemporaneo.mx\/index.php\/wp-json\/wp\/v2\/types\/post"}],"author":[{"embeddable":true,"href":"https:\/\/elcontemporaneo.mx\/index.php\/wp-json\/wp\/v2\/users\/2"}],"replies":[{"embeddable":true,"href":"https:\/\/elcontemporaneo.mx\/index.php\/wp-json\/wp\/v2\/comments?post=1649"}],"version-history":[{"count":2,"href":"https:\/\/elcontemporaneo.mx\/index.php\/wp-json\/wp\/v2\/posts\/1649\/revisions"}],"predecessor-version":[{"id":1653,"href":"https:\/\/elcontemporaneo.mx\/index.php\/wp-json\/wp\/v2\/posts\/1649\/revisions\/1653"}],"wp:attachment":[{"href":"https:\/\/elcontemporaneo.mx\/index.php\/wp-json\/wp\/v2\/media?parent=1649"}],"wp:term":[{"taxonomy":"category","embeddable":true,"href":"https:\/\/elcontemporaneo.mx\/index.php\/wp-json\/wp\/v2\/categories?post=1649"},{"taxonomy":"post_tag","embeddable":true,"href":"https:\/\/elcontemporaneo.mx\/index.php\/wp-json\/wp\/v2\/tags?post=1649"},{"taxonomy":"columnista","embeddable":true,"href":"https:\/\/elcontemporaneo.mx\/index.php\/wp-json\/wp\/v2\/columnista?post=1649"}],"curies":[{"name":"wp","href":"https:\/\/api.w.org\/{rel}","templated":true}]}}