{"id":1660,"date":"2026-07-05T21:22:57","date_gmt":"2026-07-06T03:22:57","guid":{"rendered":"https:\/\/elcontemporaneo.mx\/?p=1660"},"modified":"2026-07-05T21:22:57","modified_gmt":"2026-07-06T03:22:57","slug":"se-queda-mexico-muy-cerca-del-pase","status":"publish","type":"post","link":"https:\/\/elcontemporaneo.mx\/index.php\/2026\/07\/05\/se-queda-mexico-muy-cerca-del-pase\/","title":{"rendered":"Se queda M\u00e9xico muy cerca del pase"},"content":{"rendered":"<p>El Tri qued\u00f3 eliminado de la Copa Mundial de la FIFA 2026 tras perder 3-2 frente a Inglaterra en los octavos de final, en un intenso encuentro disputado este domingo en el Estadio Azteca (Estadio Ciudad de M\u00e9xico). Con este resultado, el conjunto ingl\u00e9s avanz\u00f3 a los cuartos de final, donde enfrentar\u00e1 a Noruega.<\/p>\n<p>Jude Bellingham marc\u00f3 a los minutos 36 y 38 para cambiar el rumbo del partido luego de un inicio en el que M\u00e9xico hab\u00eda mostrado mayor iniciativa. Juli\u00e1n Qui\u00f1ones descont\u00f3 para el conjunto dirigido por Javier Aguirre al convertir un tiro libre, dejando el marcador 2-1.<\/p>\n<p>En la segunda mitad, el encuentro dio un giro cuando el defensor ingl\u00e9s Jarell Quansah fue expulsado al minuto 54 por una fuerte entrada, dejando a su selecci\u00f3n con diez jugadores. Sin embargo, Harry Kane ampli\u00f3 la ventaja desde el punto penal al minuto 60 para poner el 3-1.<\/p>\n<p>M\u00e9xico volvi\u00f3 a acercarse en el marcador gracias a un penal cobrado por Ra\u00fal Jim\u00e9nez al minuto 69. A partir de ese momento, el equipo mexicano se volc\u00f3 al ataque en busca del empate, pero el arquero Jordan Pickford realiz\u00f3 intervenciones brutales para evitar cambios en el marcador.<\/p>\n<p>El resultado puso fin al sue\u00f1o del Tri\u00a0 y, con la victoria, Inglaterra sell\u00f3 su pase donde se medir\u00e1 ante Noruega, selecci\u00f3n que previamente dio la sorpresa al eliminar 2-1 a Brasil.<\/p>\n","protected":false},"excerpt":{"rendered":"<p>El Tri qued\u00f3 eliminado de la Copa Mundial de la FIFA 2026 tras perder 3-2 frente a Inglaterra en los octavos de final, en un intenso encuentro disputado este domingo en el Estadio Azteca (Estadio Ciudad de M\u00e9xico). Con este resultado, el conjunto ingl\u00e9s avanz\u00f3 a los cuartos de final, donde enfrentar\u00e1 a Noruega. Jude [&hellip;]<\/p>\n","protected":false},"author":2,"featured_media":0,"comment_status":"open","ping_status":"open","sticky":false,"template":"","format":"standard","meta":{"site-sidebar-layout":"default","site-content-layout":"","ast-site-content-layout":"default","site-content-style":"default","site-sidebar-style":"default","ast-global-header-display":"","ast-banner-title-visibility":"","ast-main-header-display":"","ast-hfb-above-header-display":"","ast-hfb-below-header-display":"","ast-hfb-mobile-header-display":"","site-post-title":"","ast-breadcrumbs-content":"","ast-featured-img":"","footer-sml-layout":"","ast-disable-related-posts":"","theme-transparent-header-meta":"default","adv-header-id-meta":"","stick-header-meta":"","header-above-stick-meta":"","header-main-stick-meta":"","header-below-stick-meta":"","astra-migrate-meta-layouts":"set","ast-page-background-enabled":"default","ast-page-background-meta":{"desktop":{"background-color":"var(--ast-global-color-4)","background-image":"","background-repeat":"repeat","background-position":"center center","background-size":"auto","background-attachment":"scroll","background-type":"","background-media":"","overlay-type":"","overlay-color":"","overlay-opacity":"","overlay-gradient":""},"tablet":{"background-color":"","background-image":"","background-repeat":"repeat","background-position":"center center","background-size":"auto","background-attachment":"scroll","background-type":"","background-media":"","overlay-type":"","overlay-color":"","overlay-opacity":"","overlay-gradient":""},"mobile":{"background-color":"","background-image":"","background-repeat":"repeat","background-position":"center center","background-size":"auto","background-attachment":"scroll","background-type":"","background-media":"","overlay-type":"","overlay-color":"","overlay-opacity":"","overlay-gradient":""}},"ast-content-background-meta":{"desktop":{"background-color":"var(--ast-global-color-5)","background-image":"","background-repeat":"repeat","background-position":"center center","background-size":"auto","background-attachment":"scroll","background-type":"","background-media":"","overlay-type":"","overlay-color":"","overlay-opacity":"","overlay-gradient":""},"tablet":{"background-color":"var(--ast-global-color-5)","background-image":"","background-repeat":"repeat","background-position":"center center","background-size":"auto","background-attachment":"scroll","background-type":"","background-media":"","overlay-type":"","overlay-color":"","overlay-opacity":"","overlay-gradient":""},"mobile":{"background-color":"var(--ast-global-color-5)","background-image":"","background-repeat":"repeat","background-position":"center center","background-size":"auto","background-attachment":"scroll","background-type":"","background-media":"","overlay-type":"","overlay-color":"","overlay-opacity":"","overlay-gradient":""}},"footnotes":""},"categories":[6],"tags":[],"columnista":[],"class_list":["post-1660","post","type-post","status-publish","format-standard","hentry","category-estilo-de-vida"],"_links":{"self":[{"href":"https:\/\/elcontemporaneo.mx\/index.php\/wp-json\/wp\/v2\/posts\/1660","targetHints":{"allow":["GET"]}}],"collection":[{"href":"https:\/\/elcontemporaneo.mx\/index.php\/wp-json\/wp\/v2\/posts"}],"about":[{"href":"https:\/\/elcontemporaneo.mx\/index.php\/wp-json\/wp\/v2\/types\/post"}],"author":[{"embeddable":true,"href":"https:\/\/elcontemporaneo.mx\/index.php\/wp-json\/wp\/v2\/users\/2"}],"replies":[{"embeddable":true,"href":"https:\/\/elcontemporaneo.mx\/index.php\/wp-json\/wp\/v2\/comments?post=1660"}],"version-history":[{"count":1,"href":"https:\/\/elcontemporaneo.mx\/index.php\/wp-json\/wp\/v2\/posts\/1660\/revisions"}],"predecessor-version":[{"id":1661,"href":"https:\/\/elcontemporaneo.mx\/index.php\/wp-json\/wp\/v2\/posts\/1660\/revisions\/1661"}],"wp:attachment":[{"href":"https:\/\/elcontemporaneo.mx\/index.php\/wp-json\/wp\/v2\/media?parent=1660"}],"wp:term":[{"taxonomy":"category","embeddable":true,"href":"https:\/\/elcontemporaneo.mx\/index.php\/wp-json\/wp\/v2\/categories?post=1660"},{"taxonomy":"post_tag","embeddable":true,"href":"https:\/\/elcontemporaneo.mx\/index.php\/wp-json\/wp\/v2\/tags?post=1660"},{"taxonomy":"columnista","embeddable":true,"href":"https:\/\/elcontemporaneo.mx\/index.php\/wp-json\/wp\/v2\/columnista?post=1660"}],"curies":[{"name":"wp","href":"https:\/\/api.w.org\/{rel}","templated":true}]}}