{"id":1667,"date":"2026-07-06T14:39:59","date_gmt":"2026-07-06T20:39:59","guid":{"rendered":"https:\/\/elcontemporaneo.mx\/?p=1667"},"modified":"2026-07-06T14:47:24","modified_gmt":"2026-07-06T20:47:24","slug":"la-pantalla-magica","status":"publish","type":"post","link":"https:\/\/elcontemporaneo.mx\/index.php\/2026\/07\/06\/la-pantalla-magica\/","title":{"rendered":"La pantalla m\u00e1gica"},"content":{"rendered":"<p><img loading=\"lazy\" decoding=\"async\" class=\"aligncenter wp-image-1670 size-large\" src=\"https:\/\/elcontemporaneo.mx\/wp-content\/uploads\/2026\/07\/ChatGPT-Image-6-jul-2026-14_44_10-1024x683.png\" alt=\"\" width=\"1024\" height=\"683\" srcset=\"https:\/\/elcontemporaneo.mx\/wp-content\/uploads\/2026\/07\/ChatGPT-Image-6-jul-2026-14_44_10-1024x683.png 1024w, https:\/\/elcontemporaneo.mx\/wp-content\/uploads\/2026\/07\/ChatGPT-Image-6-jul-2026-14_44_10-300x200.png 300w, https:\/\/elcontemporaneo.mx\/wp-content\/uploads\/2026\/07\/ChatGPT-Image-6-jul-2026-14_44_10-768x512.png 768w, https:\/\/elcontemporaneo.mx\/wp-content\/uploads\/2026\/07\/ChatGPT-Image-6-jul-2026-14_44_10.png 1536w\" sizes=\"auto, (max-width: 1024px) 100vw, 1024px\" \/><\/p>\n<p style=\"text-align: right;\"><strong><em>by Anahi M. Elias Quevedo<\/em><\/strong><\/p>\n<p><span style=\"font-weight: 400;\">Repunte de discursos radicales, extremismo religioso, rumores de una guerra inminente, rechazo ante los avances cient\u00edficos, apoyo a pr\u00e1cticas totalitarias y fascistas, nacionalismo creciente, fanatismo desbordado&#8230; pareciera la lista de temas tratados d\u00eda con d\u00eda en cualquier noticiero. Sin embargo, no pocos se sorprender\u00e1n si les dijera que hablo de un libro escrito hace 100 a\u00f1os.<\/span><\/p>\n<p><span style=\"font-weight: 400;\">\u00a0<\/span><span style=\"font-weight: 400;\">En el libro de <\/span><b>\u201cLa Monta\u00f1a M\u00e1gica\u201d<\/b><span style=\"font-weight: 400;\"> de Thomas Mann, un abismo temporal nos separa de lo que fue y lo que es, no obstante las mismas ideas parecen atravesar las fronteras invisibles del tiempo. Ideas que siguen en las mentes de quienes apenas comienzan a formarse un pensamiento cr\u00edtico, porque en cierto sentido todos hemos sido, somos o seremos <\/span><i><span style=\"font-weight: 400;\">Hans Castorp<\/span><\/i><span style=\"font-weight: 400;\">.<\/span><\/p>\n<p><span style=\"font-weight: 400;\">Debemos empezar diciendo que el joven Castorp, un ingeniero naval reci\u00e9n graduado, acude\u00a0 a visitar a su primo al sanatorio <\/span><i><span style=\"font-weight: 400;\">internacional Berghof, en los Alpes Suizos<\/span><\/i><i><span style=\"font-weight: 400;\">. <\/span><\/i><span style=\"font-weight: 400;\">Un espacio de retiro para el tratamiento y recuperaci\u00f3n de enfermos de tuberculosis.\u00a0<\/span><\/p>\n<p><span style=\"font-weight: 400;\">El confinamiento ofrece un sistema cerrado donde las ideas se contagian, infectan y amplifican mientras permanecen ajenas al mundo exterior. Un ambiente de apat\u00eda por el mundo real donde la enfermedad termina convirti\u00e9ndose en un pretexto para su cruzada nihilista. Bajo este contexto, en el presente, comparo este aislamiento y la rumiaci\u00f3n de ideas con las redes sociales.\u00a0<\/span><\/p>\n<p><span style=\"font-weight: 400;\">Las redes sociales se presentan como un entorno para aislarse del mundo con la promesa de recuperarse despu\u00e9s de una estancia temporal. No obstante, como Hans, se puede quedar atrapado dentro de las din\u00e1micas y normas propias del ambiente.\u00a0<\/span><\/p>\n<p><span style=\"font-weight: 400;\">En este caso no son las c\u00f3modas tumbonas ni las deliciosas comidas lo que encanta, son los videos, las fotos, las vidas de ensue\u00f1o. Podr\u00edamos escuchar una y otra vez que nos alejemos, pero es poco probable que hagamos caso una vez embebidos en esta atm\u00f3sfera.<\/span><\/p>\n<p><span style=\"font-weight: 400;\">En el libro, Hans escucha las ideas que se transmiten, aunque en ning\u00fan caso resultan\u00a0 neutrales. Las conversaciones est\u00e1n cargadas de prejuicios, ideolog\u00edas y convicciones personales, \u00e9tnicas y grupales, porque no es lo mismo sentarse con los rusos comunes, los rusos distinguidos, los pacientes m\u00e1s antiguos o los moribundos. Las opciones existen, pero los lugares no son ocupados de forma libre, su distribuci\u00f3n corresponde a una mezcla de jerarqu\u00edas, nacionalidades e ideolog\u00edas.\u00a0<\/span><\/p>\n<p><span style=\"font-weight: 400;\">En alg\u00fan punto resulta inevitable la contraposici\u00f3n de posturas ideol\u00f3gicas cuyos planteamientos terminamos aceptando. Podr\u00edamos pensar que la gran mayor\u00eda de nosotros reconocer\u00eda y censurar\u00eda enfoques racistas, autoritarios, fascistas o radicales, pero no siempre resulta as\u00ed.\u00a0<\/span><\/p>\n<p><span style=\"font-weight: 400;\">En el sanatorio, figuras como Settembrini, Naphta y Peeperkorn presentan visiones r\u00edgidas del mundo buscando controlar la narrativa dominante. En las redes sociales, al igual que Castor, nos bombardean las diferentes interpretaciones del mundo. En un inicio podemos discrepar de las m\u00e1s radicales, pero la exposici\u00f3n repetida, el carisma de los <\/span><i><span style=\"font-weight: 400;\">influencers<\/span><\/i><span style=\"font-weight: 400;\">, y un\u00a0 ambiente confinado pueden terminar por convencernos.\u00a0\u00a0<\/span><\/p>\n<p><span style=\"font-weight: 400;\">Al final de la novela Hans Castor decide volver al mundo real, aunque su mente se ha visto transformada despu\u00e9s de su estancia en el sanatorio. Su reencuentro con la realidad resulta un tanto dolorosa y chocante.\u00a0<\/span><\/p>\n<p><span style=\"font-weight: 400;\">En el presente, al volver de las redes sociales, nuestra percepci\u00f3n del mundo se modifica. Salir de la burbuja no es una decisi\u00f3n f\u00e1cil, sino un ejercicio de constante resistencia frente a entornos repetitivos sobre reflexivos.<\/span><\/p>\n<p><span style=\"font-weight: 400;\">Tom\u00e9monos el tiempo de descubrir diferentes formas de pensar y experimentar el mundo. No dejen de leer esta obra cumbre de la literatura universal, una novela imprescindible en estos tiempos.<\/span><\/p>\n<p><em><strong>*Ilustraci\u00f3n generada con inteligencia artificial (DALL\u00b7E\/OpenAI) a partir de un concepto editorial basado en el texto La Pantalla M\u00e1gica de El Contempor\u00e1neo.<\/strong><\/em><\/p>\n","protected":false},"excerpt":{"rendered":"<p>by Anahi M. Elias Quevedo Repunte de discursos radicales, extremismo religioso, rumores de una guerra inminente, rechazo ante los avances cient\u00edficos, apoyo a pr\u00e1cticas totalitarias y fascistas, nacionalismo creciente, fanatismo desbordado&#8230; pareciera la lista de temas tratados d\u00eda con d\u00eda en cualquier noticiero. Sin embargo, no pocos se sorprender\u00e1n si les dijera que hablo de [&hellip;]<\/p>\n","protected":false},"author":2,"featured_media":1670,"comment_status":"open","ping_status":"open","sticky":false,"template":"","format":"standard","meta":{"site-sidebar-layout":"default","site-content-layout":"","ast-site-content-layout":"default","site-content-style":"default","site-sidebar-style":"default","ast-global-header-display":"","ast-banner-title-visibility":"","ast-main-header-display":"","ast-hfb-above-header-display":"","ast-hfb-below-header-display":"","ast-hfb-mobile-header-display":"","site-post-title":"","ast-breadcrumbs-content":"","ast-featured-img":"","footer-sml-layout":"","ast-disable-related-posts":"","theme-transparent-header-meta":"default","adv-header-id-meta":"","stick-header-meta":"","header-above-stick-meta":"","header-main-stick-meta":"","header-below-stick-meta":"","astra-migrate-meta-layouts":"set","ast-page-background-enabled":"default","ast-page-background-meta":{"desktop":{"background-color":"var(--ast-global-color-4)","background-image":"","background-repeat":"repeat","background-position":"center center","background-size":"auto","background-attachment":"scroll","background-type":"","background-media":"","overlay-type":"","overlay-color":"","overlay-opacity":"","overlay-gradient":""},"tablet":{"background-color":"","background-image":"","background-repeat":"repeat","background-position":"center center","background-size":"auto","background-attachment":"scroll","background-type":"","background-media":"","overlay-type":"","overlay-color":"","overlay-opacity":"","overlay-gradient":""},"mobile":{"background-color":"","background-image":"","background-repeat":"repeat","background-position":"center center","background-size":"auto","background-attachment":"scroll","background-type":"","background-media":"","overlay-type":"","overlay-color":"","overlay-opacity":"","overlay-gradient":""}},"ast-content-background-meta":{"desktop":{"background-color":"var(--ast-global-color-5)","background-image":"","background-repeat":"repeat","background-position":"center center","background-size":"auto","background-attachment":"scroll","background-type":"","background-media":"","overlay-type":"","overlay-color":"","overlay-opacity":"","overlay-gradient":""},"tablet":{"background-color":"var(--ast-global-color-5)","background-image":"","background-repeat":"repeat","background-position":"center center","background-size":"auto","background-attachment":"scroll","background-type":"","background-media":"","overlay-type":"","overlay-color":"","overlay-opacity":"","overlay-gradient":""},"mobile":{"background-color":"var(--ast-global-color-5)","background-image":"","background-repeat":"repeat","background-position":"center center","background-size":"auto","background-attachment":"scroll","background-type":"","background-media":"","overlay-type":"","overlay-color":"","overlay-opacity":"","overlay-gradient":""}},"footnotes":""},"categories":[12,6],"tags":[],"columnista":[],"class_list":["post-1667","post","type-post","status-publish","format-standard","has-post-thumbnail","hentry","category-especiales","category-estilo-de-vida"],"_links":{"self":[{"href":"https:\/\/elcontemporaneo.mx\/index.php\/wp-json\/wp\/v2\/posts\/1667","targetHints":{"allow":["GET"]}}],"collection":[{"href":"https:\/\/elcontemporaneo.mx\/index.php\/wp-json\/wp\/v2\/posts"}],"about":[{"href":"https:\/\/elcontemporaneo.mx\/index.php\/wp-json\/wp\/v2\/types\/post"}],"author":[{"embeddable":true,"href":"https:\/\/elcontemporaneo.mx\/index.php\/wp-json\/wp\/v2\/users\/2"}],"replies":[{"embeddable":true,"href":"https:\/\/elcontemporaneo.mx\/index.php\/wp-json\/wp\/v2\/comments?post=1667"}],"version-history":[{"count":4,"href":"https:\/\/elcontemporaneo.mx\/index.php\/wp-json\/wp\/v2\/posts\/1667\/revisions"}],"predecessor-version":[{"id":1672,"href":"https:\/\/elcontemporaneo.mx\/index.php\/wp-json\/wp\/v2\/posts\/1667\/revisions\/1672"}],"wp:featuredmedia":[{"embeddable":true,"href":"https:\/\/elcontemporaneo.mx\/index.php\/wp-json\/wp\/v2\/media\/1670"}],"wp:attachment":[{"href":"https:\/\/elcontemporaneo.mx\/index.php\/wp-json\/wp\/v2\/media?parent=1667"}],"wp:term":[{"taxonomy":"category","embeddable":true,"href":"https:\/\/elcontemporaneo.mx\/index.php\/wp-json\/wp\/v2\/categories?post=1667"},{"taxonomy":"post_tag","embeddable":true,"href":"https:\/\/elcontemporaneo.mx\/index.php\/wp-json\/wp\/v2\/tags?post=1667"},{"taxonomy":"columnista","embeddable":true,"href":"https:\/\/elcontemporaneo.mx\/index.php\/wp-json\/wp\/v2\/columnista?post=1667"}],"curies":[{"name":"wp","href":"https:\/\/api.w.org\/{rel}","templated":true}]}}