{"id":1681,"date":"2026-07-07T22:13:59","date_gmt":"2026-07-08T04:13:59","guid":{"rendered":"https:\/\/elcontemporaneo.mx\/?p=1681"},"modified":"2026-07-07T22:13:59","modified_gmt":"2026-07-08T04:13:59","slug":"regresa-elton-john-a-ciudad-de-mexico","status":"publish","type":"post","link":"https:\/\/elcontemporaneo.mx\/index.php\/2026\/07\/07\/regresa-elton-john-a-ciudad-de-mexico\/","title":{"rendered":"Regresa Elton John a Ciudad de M\u00e9xico"},"content":{"rendered":"<p><img loading=\"lazy\" decoding=\"async\" class=\"aligncenter wp-image-1682 size-large\" src=\"https:\/\/elcontemporaneo.mx\/wp-content\/uploads\/2026\/07\/WhatsApp-Image-2026-07-07-at-2.14.00-PM-768x1024.webp\" alt=\"\" width=\"768\" height=\"1024\" srcset=\"https:\/\/elcontemporaneo.mx\/wp-content\/uploads\/2026\/07\/WhatsApp-Image-2026-07-07-at-2.14.00-PM-768x1024.webp 768w, https:\/\/elcontemporaneo.mx\/wp-content\/uploads\/2026\/07\/WhatsApp-Image-2026-07-07-at-2.14.00-PM-225x300.webp 225w, https:\/\/elcontemporaneo.mx\/wp-content\/uploads\/2026\/07\/WhatsApp-Image-2026-07-07-at-2.14.00-PM.webp 960w\" sizes=\"auto, (max-width: 768px) 100vw, 768px\" \/><\/p>\n<p><span style=\"font-weight: 400;\">Despu\u00e9s de catorce a\u00f1os de espera, Elton John regresa a Ciudad de M\u00e9xico para dos conciertos: el viernes 2 y el s\u00e1bado 3 de octubre, en el Estadio Banorte marcando un hito cultural para sus seguidores y para despedirse como es debido de esta ciudad.<\/span><\/p>\n<p><span style=\"font-weight: 400;\">Con una trayectoria de m\u00e1s de 50 a\u00f1os, Elton John es uno de los artistas m\u00e1s c\u00e9lebres e influyentes de todos los tiempos.\u00a0<\/span><\/p>\n<p><span style=\"font-weight: 400;\">Hace 34 a\u00f1os, ofreci\u00f3 dos conciertos en el Estadio Azteca como parte de la gira The One. Sus presentaciones m\u00e1s recientes en la Ciudad de M\u00e9xico fueron dos conciertos especiales de \u201cElton &amp; Ray Cooper\u201d en el Auditorio Nacional en 2012. Ahora, Elton John regresa para una presentaci\u00f3n \u00fanica en la Ciudad de M\u00e9xico.<\/span><\/p>\n<p><span style=\"font-weight: 400;\">La velada est\u00e1 concebida como una emotiva celebraci\u00f3n en honor tanto al artista y como a una ciudad que ha conservado su memoria y celebrado su m\u00fasica durante a\u00f1os.<\/span><\/p>\n<p><span style=\"font-weight: 400;\">\u201cLa Ciudad de M\u00e9xico siempre ha ocupado un lugar especial en mi coraz\u00f3n\u201d, comparti\u00f3 Elton. \u201cMe decepcion\u00f3 mucho que la pandemia me impidiera hacer una gira por Latinoam\u00e9rica durante mi gira de despedida, lo que hace que este regreso sea especialmente significativo. Estoy emocionado de finalmente poder compartir este momento tan especial con mis fans despu\u00e9s de tantos a\u00f1os\u2026\u201d.\u00a0\u00a0<\/span><\/p>\n<p><span style=\"font-weight: 400;\">Los titulares de tarjetas del Banco Banorte podr\u00e1n adquirir boletos antes que el p\u00fablico general a partir del lunes 13 de julio a las 12:00 p. m. hora local de la Ciudad de M\u00e9xico hasta el martes 14 de julio a las 11:59 p. m. hora local de la Ciudad de M\u00e9xico.<\/span><\/p>\n<p><span style=\"font-weight: 400;\">Los miembros del Rocket Club pueden registrarse ahora para obtener acceso anticipado en EltonJohn.com. La preventa para artistas comienza el mi\u00e9rcoles 15 de julio a las 12:00 p. m., hora local de la Ciudad de M\u00e9xico.<\/span><\/p>\n<p><span style=\"font-weight: 400;\">La venta de boletos para el p\u00fablico en general ser\u00e1 el Jueves 16 de julio a las 12 pm hora local de la Ciudad de M\u00e9xico.\u00a0\u00a0<\/span><\/p>\n<p><span style=\"font-weight: 400;\">Preventa del Banco Banorte: Lunes 13 de julio a las 12:00 p. m. (hora local de la Ciudad de M\u00e9xico) hasta el martes 14 de julio a las 11:59 p. m. (hora local de la Ciudad de M\u00e9xico).<\/span><\/p>\n<ul>\n<li><span style=\"font-weight: 400;\"> Preventa para artistas del Rocket Club: Mi\u00e9rcoles 15 de julio a las 12:00 p. m. (hora local de la Ciudad de M\u00e9xico) hasta las 11:59 p. m. (hora local de la Ciudad de M\u00e9xico).<\/span><\/li>\n<li><span style=\"font-weight: 400;\"> Venta general: Jueves 16 de julio a las 12:00 p. m. (hora local de la Ciudad de M\u00e9xico).<\/span><\/li>\n<li><span style=\"font-weight: 400;\"> Los precios de los boletos var\u00edan entre $990 MXN y $16,000 MXN, m\u00e1s cargos por servicio.<\/span><\/li>\n<\/ul>\n","protected":false},"excerpt":{"rendered":"<p>Despu\u00e9s de catorce a\u00f1os de espera, Elton John regresa a Ciudad de M\u00e9xico para dos conciertos: el viernes 2 y el s\u00e1bado 3 de octubre, en el Estadio Banorte marcando un hito cultural para sus seguidores y para despedirse como es debido de esta ciudad. Con una trayectoria de m\u00e1s de 50 a\u00f1os, Elton John [&hellip;]<\/p>\n","protected":false},"author":2,"featured_media":0,"comment_status":"open","ping_status":"open","sticky":false,"template":"","format":"standard","meta":{"site-sidebar-layout":"default","site-content-layout":"","ast-site-content-layout":"default","site-content-style":"default","site-sidebar-style":"default","ast-global-header-display":"","ast-banner-title-visibility":"","ast-main-header-display":"","ast-hfb-above-header-display":"","ast-hfb-below-header-display":"","ast-hfb-mobile-header-display":"","site-post-title":"","ast-breadcrumbs-content":"","ast-featured-img":"","footer-sml-layout":"","ast-disable-related-posts":"","theme-transparent-header-meta":"default","adv-header-id-meta":"","stick-header-meta":"","header-above-stick-meta":"","header-main-stick-meta":"","header-below-stick-meta":"","astra-migrate-meta-layouts":"set","ast-page-background-enabled":"default","ast-page-background-meta":{"desktop":{"background-color":"var(--ast-global-color-4)","background-image":"","background-repeat":"repeat","background-position":"center center","background-size":"auto","background-attachment":"scroll","background-type":"","background-media":"","overlay-type":"","overlay-color":"","overlay-opacity":"","overlay-gradient":""},"tablet":{"background-color":"","background-image":"","background-repeat":"repeat","background-position":"center center","background-size":"auto","background-attachment":"scroll","background-type":"","background-media":"","overlay-type":"","overlay-color":"","overlay-opacity":"","overlay-gradient":""},"mobile":{"background-color":"","background-image":"","background-repeat":"repeat","background-position":"center center","background-size":"auto","background-attachment":"scroll","background-type":"","background-media":"","overlay-type":"","overlay-color":"","overlay-opacity":"","overlay-gradient":""}},"ast-content-background-meta":{"desktop":{"background-color":"var(--ast-global-color-5)","background-image":"","background-repeat":"repeat","background-position":"center center","background-size":"auto","background-attachment":"scroll","background-type":"","background-media":"","overlay-type":"","overlay-color":"","overlay-opacity":"","overlay-gradient":""},"tablet":{"background-color":"var(--ast-global-color-5)","background-image":"","background-repeat":"repeat","background-position":"center center","background-size":"auto","background-attachment":"scroll","background-type":"","background-media":"","overlay-type":"","overlay-color":"","overlay-opacity":"","overlay-gradient":""},"mobile":{"background-color":"var(--ast-global-color-5)","background-image":"","background-repeat":"repeat","background-position":"center center","background-size":"auto","background-attachment":"scroll","background-type":"","background-media":"","overlay-type":"","overlay-color":"","overlay-opacity":"","overlay-gradient":""}},"footnotes":""},"categories":[6],"tags":[],"columnista":[],"class_list":["post-1681","post","type-post","status-publish","format-standard","hentry","category-estilo-de-vida"],"_links":{"self":[{"href":"https:\/\/elcontemporaneo.mx\/index.php\/wp-json\/wp\/v2\/posts\/1681","targetHints":{"allow":["GET"]}}],"collection":[{"href":"https:\/\/elcontemporaneo.mx\/index.php\/wp-json\/wp\/v2\/posts"}],"about":[{"href":"https:\/\/elcontemporaneo.mx\/index.php\/wp-json\/wp\/v2\/types\/post"}],"author":[{"embeddable":true,"href":"https:\/\/elcontemporaneo.mx\/index.php\/wp-json\/wp\/v2\/users\/2"}],"replies":[{"embeddable":true,"href":"https:\/\/elcontemporaneo.mx\/index.php\/wp-json\/wp\/v2\/comments?post=1681"}],"version-history":[{"count":1,"href":"https:\/\/elcontemporaneo.mx\/index.php\/wp-json\/wp\/v2\/posts\/1681\/revisions"}],"predecessor-version":[{"id":1683,"href":"https:\/\/elcontemporaneo.mx\/index.php\/wp-json\/wp\/v2\/posts\/1681\/revisions\/1683"}],"wp:attachment":[{"href":"https:\/\/elcontemporaneo.mx\/index.php\/wp-json\/wp\/v2\/media?parent=1681"}],"wp:term":[{"taxonomy":"category","embeddable":true,"href":"https:\/\/elcontemporaneo.mx\/index.php\/wp-json\/wp\/v2\/categories?post=1681"},{"taxonomy":"post_tag","embeddable":true,"href":"https:\/\/elcontemporaneo.mx\/index.php\/wp-json\/wp\/v2\/tags?post=1681"},{"taxonomy":"columnista","embeddable":true,"href":"https:\/\/elcontemporaneo.mx\/index.php\/wp-json\/wp\/v2\/columnista?post=1681"}],"curies":[{"name":"wp","href":"https:\/\/api.w.org\/{rel}","templated":true}]}}