{"id":1684,"date":"2026-07-08T16:43:20","date_gmt":"2026-07-08T22:43:20","guid":{"rendered":"https:\/\/elcontemporaneo.mx\/?p=1684"},"modified":"2026-07-08T16:43:20","modified_gmt":"2026-07-08T22:43:20","slug":"lanza-u2-su-sencillo-street-of-dreams","status":"publish","type":"post","link":"https:\/\/elcontemporaneo.mx\/index.php\/2026\/07\/08\/lanza-u2-su-sencillo-street-of-dreams\/","title":{"rendered":"Lanza U2 su sencillo &#8220;Street of dreams&#8221;"},"content":{"rendered":"<p><iframe loading=\"lazy\" title=\"YouTube video player\" src=\"https:\/\/www.youtube.com\/embed\/hRnS0Wf64Is?si=22nidDOSHZlGgXH0\" width=\"560\" height=\"315\" frameborder=\"0\" allowfullscreen=\"allowfullscreen\"><\/iframe><\/p>\n<p><span style=\"font-weight: 400;\">U2 lanz\u00f3 su nuevo sencillo titulado \u201cStreet of Dreams\u201d; es el primer adelanto del nuevo \u00e1lbum de estudio de la banda, el primero en nueve a\u00f1os, cuyo lanzamiento est\u00e1 previsto para finales de este a\u00f1o.<\/span><\/p>\n<p><span style=\"font-weight: 400;\">El video musical fue filmado en mayo en la Ciudad de M\u00e9xico, donde la banda tambi\u00e9n asisti\u00f3 a la Final de la Street Child World Cup 2026, celebrada en el Parque Ecol\u00f3gico Lago de Texcoco.\u00a0<\/span><\/p>\n<p><span style=\"font-weight: 400;\">La filmaci\u00f3n, realizada en las inmediaciones de la Plaza Santo Domingo, reuni\u00f3 a una multitud de fans. Una tormenta provoc\u00f3 una falla en uno de los generadores, lo que llev\u00f3 a una familia de la zona a recibir a los integrantes de U2 en su departamento para continuar la grabaci\u00f3n desde el balc\u00f3n.<\/span><\/p>\n<p><span style=\"font-weight: 400;\">Producida por Jacknife Lee, \u201cStreet of Dreams\u201d presenta el sonido de U2, creado por Bono, The Edge, Adam Clayton y Larry Mullen Jr.\u00a0<\/span><\/p>\n<p><span style=\"font-weight: 400;\">En septiembre, la banda celebrar\u00e1 50 a\u00f1os desde su formaci\u00f3n.<\/span><\/p>\n","protected":false},"excerpt":{"rendered":"<p>U2 lanz\u00f3 su nuevo sencillo titulado \u201cStreet of Dreams\u201d; es el primer adelanto del nuevo \u00e1lbum de estudio de la banda, el primero en nueve a\u00f1os, cuyo lanzamiento est\u00e1 previsto para finales de este a\u00f1o. El video musical fue filmado en mayo en la Ciudad de M\u00e9xico, donde la banda tambi\u00e9n asisti\u00f3 a la Final [&hellip;]<\/p>\n","protected":false},"author":2,"featured_media":0,"comment_status":"open","ping_status":"open","sticky":false,"template":"","format":"standard","meta":{"site-sidebar-layout":"default","site-content-layout":"","ast-site-content-layout":"default","site-content-style":"default","site-sidebar-style":"default","ast-global-header-display":"","ast-banner-title-visibility":"","ast-main-header-display":"","ast-hfb-above-header-display":"","ast-hfb-below-header-display":"","ast-hfb-mobile-header-display":"","site-post-title":"","ast-breadcrumbs-content":"","ast-featured-img":"","footer-sml-layout":"","ast-disable-related-posts":"","theme-transparent-header-meta":"default","adv-header-id-meta":"","stick-header-meta":"","header-above-stick-meta":"","header-main-stick-meta":"","header-below-stick-meta":"","astra-migrate-meta-layouts":"set","ast-page-background-enabled":"default","ast-page-background-meta":{"desktop":{"background-color":"var(--ast-global-color-4)","background-image":"","background-repeat":"repeat","background-position":"center center","background-size":"auto","background-attachment":"scroll","background-type":"","background-media":"","overlay-type":"","overlay-color":"","overlay-opacity":"","overlay-gradient":""},"tablet":{"background-color":"","background-image":"","background-repeat":"repeat","background-position":"center center","background-size":"auto","background-attachment":"scroll","background-type":"","background-media":"","overlay-type":"","overlay-color":"","overlay-opacity":"","overlay-gradient":""},"mobile":{"background-color":"","background-image":"","background-repeat":"repeat","background-position":"center center","background-size":"auto","background-attachment":"scroll","background-type":"","background-media":"","overlay-type":"","overlay-color":"","overlay-opacity":"","overlay-gradient":""}},"ast-content-background-meta":{"desktop":{"background-color":"var(--ast-global-color-5)","background-image":"","background-repeat":"repeat","background-position":"center center","background-size":"auto","background-attachment":"scroll","background-type":"","background-media":"","overlay-type":"","overlay-color":"","overlay-opacity":"","overlay-gradient":""},"tablet":{"background-color":"var(--ast-global-color-5)","background-image":"","background-repeat":"repeat","background-position":"center center","background-size":"auto","background-attachment":"scroll","background-type":"","background-media":"","overlay-type":"","overlay-color":"","overlay-opacity":"","overlay-gradient":""},"mobile":{"background-color":"var(--ast-global-color-5)","background-image":"","background-repeat":"repeat","background-position":"center center","background-size":"auto","background-attachment":"scroll","background-type":"","background-media":"","overlay-type":"","overlay-color":"","overlay-opacity":"","overlay-gradient":""}},"footnotes":""},"categories":[6],"tags":[],"columnista":[],"class_list":["post-1684","post","type-post","status-publish","format-standard","hentry","category-estilo-de-vida"],"_links":{"self":[{"href":"https:\/\/elcontemporaneo.mx\/index.php\/wp-json\/wp\/v2\/posts\/1684","targetHints":{"allow":["GET"]}}],"collection":[{"href":"https:\/\/elcontemporaneo.mx\/index.php\/wp-json\/wp\/v2\/posts"}],"about":[{"href":"https:\/\/elcontemporaneo.mx\/index.php\/wp-json\/wp\/v2\/types\/post"}],"author":[{"embeddable":true,"href":"https:\/\/elcontemporaneo.mx\/index.php\/wp-json\/wp\/v2\/users\/2"}],"replies":[{"embeddable":true,"href":"https:\/\/elcontemporaneo.mx\/index.php\/wp-json\/wp\/v2\/comments?post=1684"}],"version-history":[{"count":1,"href":"https:\/\/elcontemporaneo.mx\/index.php\/wp-json\/wp\/v2\/posts\/1684\/revisions"}],"predecessor-version":[{"id":1685,"href":"https:\/\/elcontemporaneo.mx\/index.php\/wp-json\/wp\/v2\/posts\/1684\/revisions\/1685"}],"wp:attachment":[{"href":"https:\/\/elcontemporaneo.mx\/index.php\/wp-json\/wp\/v2\/media?parent=1684"}],"wp:term":[{"taxonomy":"category","embeddable":true,"href":"https:\/\/elcontemporaneo.mx\/index.php\/wp-json\/wp\/v2\/categories?post=1684"},{"taxonomy":"post_tag","embeddable":true,"href":"https:\/\/elcontemporaneo.mx\/index.php\/wp-json\/wp\/v2\/tags?post=1684"},{"taxonomy":"columnista","embeddable":true,"href":"https:\/\/elcontemporaneo.mx\/index.php\/wp-json\/wp\/v2\/columnista?post=1684"}],"curies":[{"name":"wp","href":"https:\/\/api.w.org\/{rel}","templated":true}]}}