{"id":1754,"date":"2026-07-29T12:13:58","date_gmt":"2026-07-29T18:13:58","guid":{"rendered":"https:\/\/elcontemporaneo.mx\/?p=1754"},"modified":"2026-07-29T12:31:31","modified_gmt":"2026-07-29T18:31:31","slug":"2026-el-campo-por-fin-nombra-a-quienes-lo-sostienen","status":"publish","type":"post","link":"https:\/\/elcontemporaneo.mx\/index.php\/2026\/07\/29\/2026-el-campo-por-fin-nombra-a-quienes-lo-sostienen\/","title":{"rendered":"2026: el a\u00f1o en que el campo por fin nombra a quienes lo sostienen"},"content":{"rendered":"<ul>\n<li style=\"font-weight: 400;\" aria-level=\"1\"><i><span style=\"font-weight: 400;\">La ONU declar\u00f3 2026 A\u00f1o Internacional de la Agricultora. Aqu\u00ed, por qu\u00e9 esa etiqueta le queda grande al campo mexicano y, al mismo tiempo, por qu\u00e9 le hac\u00eda tanta falta.<\/span><\/i><\/li>\n<\/ul>\n<p><span style=\"font-weight: 400;\">Hay una imagen que se repite en cualquier pueblo del pa\u00eds: una mujer que sale antes del amanecer a orde\u00f1ar, a deshierbar la milpa, a cargar agua, a vender en el tianguis lo que la tierra dio esa semana. <\/span><b>Nadie la fotograf\u00eda para los reportes oficiales<\/b><span style=\"font-weight: 400;\">. <\/span><b>Nadie la cuenta, en el sentido m\u00e1s literal de la palabra, como lo que es: una agricultora<\/b><span style=\"font-weight: 400;\">. Ese silencio estad\u00edstico y simb\u00f3lico es exactamente lo que 2026 se propone romper.<\/span><\/p>\n<p><span style=\"font-weight: 400;\">La Asamblea General de las Naciones Unidas proclam\u00f3 <\/span><b>2026 como el A\u00f1o Internacional de la Agricultora<\/b><span style=\"font-weight: 400;\">, mediante una resoluci\u00f3n aprobada en mayo de 2024 y encabezada por la Organizaci\u00f3n de las Naciones Unidas para la Alimentaci\u00f3n y la Agricultura (FAO) junto con el Fondo Internacional de Desarrollo Agr\u00edcola y el Programa Mundial de Alimentos. El prop\u00f3sito, dicho sin adornos, es <\/span><b>poner en el centro de la pol\u00edtica p\u00fablica el papel esencial que las mujeres desempe\u00f1an en los sistemas agroalimentarios<\/b><span style=\"font-weight: 400;\"> \u2014desde la siembra hasta el comercio\u2014 y que, <\/span><b>pese a sostener buena parte de la producci\u00f3n de alimentos del planeta, sigue sin traducirse en reconocimiento, en tierra propia ni en cr\u00e9dito<\/b><span style=\"font-weight: 400;\">.<\/span><\/p>\n<p><span style=\"font-weight: 400;\">Pese a lo anterior, las cifras globales que ha divulgado la FAO son contundentes: <\/span><b>alrededor de una cuarta parte de la poblaci\u00f3n mundial trabaja como agricultora, jornalera o empresaria dentro del sector agroalimentario<\/b><span style=\"font-weight: 400;\">. Contar con El A\u00f1o Internacional de la Agricultora, no solo habla de &#8220;agricultoras&#8221; en sentido estrecho, sino de un universo mucho m\u00e1s amplio: <\/span><b>productoras, campesinas, pescadoras, apicultoras, pastoras y guardianas de saberes tradicionales<\/b><span style=\"font-weight: 400;\"> que durante generaciones han decidido qu\u00e9 se siembra, c\u00f3mo se cuida y cu\u00e1ndo se cosecha.<\/span><\/p>\n<p><span style=\"font-weight: 400;\">La ONU tiene claro los <\/span><b>obst\u00e1culos<\/b><span style=\"font-weight: 400;\"> a los que las mujeres del sector primario se enfrentan: <\/span><b>acceso desigual a la tierra, al agua, al cr\u00e9dito, a la tecnolog\u00eda y a la capacitaci\u00f3n t\u00e9cnica<\/b><span style=\"font-weight: 400;\">, \u00e9stos no distan mucho de las necesidades y problem\u00e1ticas que aquejan al sector en su generalidad, es decir, sin ponerle g\u00e9nero las personas que trabajan el campo, sin embargo, cuando hacemos zoom a la situaci\u00f3n y circunstancias a las que ellas, las mujeres agricultoras, se enfrentan no son detalles menores. Son, literalmente, las herramientas que determinan si una parcela produce lo suficiente para vivir o apenas para sobrevivir. Y por d\u00e9cadas solo han sobrevivido.<\/span><\/p>\n<p>&nbsp;<\/p>\n<p><b><i>M\u00e9xico: casi una de cada cinco unidades de producci\u00f3n, en manos de mujeres<\/i><\/b><\/p>\n<p><span style=\"font-weight: 400;\">Cuando bajamos esa fotograf\u00eda global a la escala mexicana, los n\u00fameros del Censo Agropecuario 2022 del Inegi (las cifras m\u00e1s recientes) confirman el patr\u00f3n. <\/span><b>De los 4.6 millones de unidades de producci\u00f3n agropecuaria del pa\u00eds, solo 876 mil \u2014apenas 19 por ciento, menos de una quinta parte\u2014 estaban bajo la responsabilidad de una mujer.<\/b><span style=\"font-weight: 400;\"> Y esa brecha no es solo de cantidad, tambi\u00e9n de calidad: <\/span><b>las unidades encabezadas por mujeres tienen en promedio 8.8 hect\u00e1reas, casi seis hect\u00e1reas menos que las dirigidas por hombres, que promedian 14.7<\/b><span style=\"font-weight: 400;\">.<\/span><\/p>\n<p><span style=\"font-weight: 400;\">La desigualdad se repite en los recursos productivos. <\/span><b>Entre las unidades a cargo de mujeres, 28.9 por ciento ten\u00eda ganado bovino, frente a 43.2 por ciento entre las de hombres<\/b><span style=\"font-weight: 400;\">. En <\/span><b>acceso a tractor<\/b><span style=\"font-weight: 400;\">, la brecha tambi\u00e9n es clara: <\/span><b>37.2 por ciento de las unidades femeninas pudo usar uno, contra 41.6 por ciento de las masculinas<\/b><span style=\"font-weight: 400;\">; y cuando se trata de tener <\/span><b>un tractor propio<\/b><span style=\"font-weight: 400;\">, la diferencia se agranda \u2014apenas <\/span><b>3.4 por ciento de las mujeres frente a 8.7 por ciento de los hombres<\/b><span style=\"font-weight: 400;\">\u2014.<\/span><\/p>\n<p><span style=\"font-weight: 400;\">En cuanto a la mano de obra total del campo mexicano, el mismo censo contabiliz\u00f3 cerca de <\/span><b>27 millones de personas trabajando en actividades agropecuarias, de las cuales alrededor de 16 por ciento eran mujeres<\/b><span style=\"font-weight: 400;\">. El dato invita a una reflexi\u00f3n inc\u00f3moda: en el censo de 2007 esa participaci\u00f3n femenina se hab\u00eda registrado en 19.7 por ciento, lo que sugiere que el avance no ha sido lineal ni garantizado. <\/span><b>Las mujeres en cualquier terreno<\/b><span style=\"font-weight: 400;\">, pero m\u00e1s en el agropecuario, <\/span><b>no podemos dar nada por sentado porque estamos a una ley de que nos quedemos nuevamente sin derechos y sin libertades <\/b><span style=\"font-weight: 400;\">(esto pensando que en el campo existe el respeto a las leyes existentes que buscan la igualdad y la garant\u00eda de los derechos y libertades).\u00a0<\/span><\/p>\n<p><span style=\"font-weight: 400;\">A esas cifras se suman el acceso a la tierra, para las mujeres en M\u00e9xico -mediante el compromiso 53 de la presidenta Claudia Sheinbaum- se establece que se trabajar\u00e1 en su gobierno para <\/span><b>reconocer y otorgar derechos agrarios a m\u00e1s de 150 mil mujeres<\/b><span style=\"font-weight: 400;\"> en todo el pa\u00eds, la meta se ha actualizado -a casi dos a\u00f1os de gobierno- y se instituy\u00f3 a que fueran <\/span><b>250,000<\/b><span style=\"font-weight: 400;\"> documentos totales en su sexenio. En avance a lo anterior, la Secretar\u00eda de Desarrollo Agrario, Territorial y Urbano, report\u00f3 que <\/span><b>en el a\u00f1o 2025 m\u00e1s de 27 mil mujeres rurales lograron ser titulares de sus tierras, <\/b><span style=\"font-weight: 400;\">asimismo,<\/span><b> a mayo 2026 se han entregado 40,000 nuevos t\u00edtulos agrarios, <\/b><span style=\"font-weight: 400;\">lo que quiere decir que <\/span><b>llevan de avance del 26.8 %<\/b><span style=\"font-weight: 400;\"> de la meta final del compromiso presidencial. Adicionalmente, es importante retomar el dato que arroja la Encuesta Nacional Agropecuaria del Inegi, que establece que <\/span><b>de cada 100 personas productoras responsables de la toma de decisiones en una unidad de producci\u00f3n, 17 son mujeres.<\/b><\/p>\n<p><span style=\"font-weight: 400;\">\u00bfPor qu\u00e9 es importante seguir de cerca el acatamiento del compromiso 53? Sencillo: <\/span><b>Sin t\u00edtulo de propiedad no hay garant\u00eda para un pr\u00e9stamo, y sin cr\u00e9dito no hay semilla mejorada, ni riego, ni maquinaria; de la misma manera el t\u00edtulo de propiedad facilita el acceso a los programas sociales (<\/b><span style=\"font-weight: 400;\">aunque desde el sexenio de Andr\u00e9s Manuel L\u00f3pez Obrador cambiaron las Reglas de Operaci\u00f3n de los programas sociales dirigidos al campo para favorecer a las mujeres cuando no son due\u00f1as de la tierra). <\/span><b>Ser due\u00f1as de la tierra les permite ser sujetas legales a muchos beneficios.\u00a0<\/b><\/p>\n<p><span style=\"font-weight: 400;\">Por su parte, los pocos datos que la Secretar\u00eda de Agricultura y Desarrollo Rural ofrecen sobre su pol\u00edtica de que m\u00e1s mujeres sean beneficiadas con los programas sociales resulta que entre octubre de 2024 y junio de 2025, <\/span><b>las mujeres representaron solo 27.4 por ciento de las personas productoras de ma\u00edz blanco beneficiadas y 29.6 por ciento de las de frijol<\/b><span style=\"font-weight: 400;\">, cultivos donde su participaci\u00f3n como responsables de parcela ha ido creciendo de forma sostenida, aunque todav\u00eda lejos de la paridad, adem\u00e1s de que son esos cultivos hacia donde se dirige la mayor parte del presupuesto de la entidad.\u00a0<\/span><\/p>\n<p><span style=\"font-weight: 400;\">Por otro lado, cuando se cuantifica el trabajo de las mujeres mexicanas dedicadas al sector primario suelen tener presencia en la agricultura de autoconsumo y de traspatio \u2014hortalizas, aves de corral, huertos familiares\u2014 y en cultivos b\u00e1sicos como el ma\u00edz y el frijol, columna vertebral de la dieta y la econom\u00eda campesina. \u00bfD\u00f3nde est\u00e1n las mujeres en la agricultura de gran escala? \u00bfNo hay? \u00bfSe nos permite llegar? \u00bfTenemos acceso a cr\u00e9ditos y financiamientos de igual manera que los hombres?\u00a0<\/span><\/p>\n<p><span style=\"font-weight: 400;\">Finalmente,<\/span><b> declarar un a\u00f1o internacional no siembra una sola hect\u00e1rea ni abre una sola l\u00ednea de cr\u00e9dito por s\u00ed mismo<\/b><span style=\"font-weight: 400;\">. Pero s\u00ed hace algo que no debe subestimarse: <\/span><b>obliga a los gobiernos, a las instituciones financieras y a los medios \u2014este espacio incluido\u2014 a preguntarse por qu\u00e9 la mujer que sostiene la milpa familiar sigue apareciendo, estad\u00edstica y socialmente, como una excepci\u00f3n y no como la regla que en realidad es.<\/b><\/p>\n<p><span style=\"font-weight: 400;\">2026 deber\u00eda ser el a\u00f1o en que dejemos de hablar de <\/span><b>las agricultoras<\/b><span style=\"font-weight: 400;\"> como una categor\u00eda entra\u00f1able y empecemos a tratarlas como lo que <\/span><b>son: la mitad de la fuerza que decide qu\u00e9 comemos. Nombrarlas es apenas el primer surco. Falta, todav\u00eda, sembrar la igualdad<\/b><span style=\"font-weight: 400;\">.<\/span><\/p>\n<p><em><strong>S\u00edgueme en X por: @Mafer_odi<\/strong><\/em><\/p>\n","protected":false},"excerpt":{"rendered":"<p>La ONU declar\u00f3 2026 A\u00f1o Internacional de la Agricultora. Aqu\u00ed, por qu\u00e9 esa etiqueta le queda grande al campo mexicano y, al mismo tiempo, por qu\u00e9 le hac\u00eda tanta falta. Hay una imagen que se repite en cualquier pueblo del pa\u00eds: una mujer que sale antes del amanecer a orde\u00f1ar, a deshierbar la milpa, a [&hellip;]<\/p>\n","protected":false},"author":2,"featured_media":0,"comment_status":"open","ping_status":"open","sticky":false,"template":"","format":"standard","meta":{"site-sidebar-layout":"default","site-content-layout":"","ast-site-content-layout":"default","site-content-style":"default","site-sidebar-style":"default","ast-global-header-display":"","ast-banner-title-visibility":"","ast-main-header-display":"","ast-hfb-above-header-display":"","ast-hfb-below-header-display":"","ast-hfb-mobile-header-display":"","site-post-title":"","ast-breadcrumbs-content":"","ast-featured-img":"","footer-sml-layout":"","ast-disable-related-posts":"","theme-transparent-header-meta":"default","adv-header-id-meta":"","stick-header-meta":"","header-above-stick-meta":"","header-main-stick-meta":"","header-below-stick-meta":"","astra-migrate-meta-layouts":"set","ast-page-background-enabled":"default","ast-page-background-meta":{"desktop":{"background-color":"var(--ast-global-color-4)","background-image":"","background-repeat":"repeat","background-position":"center center","background-size":"auto","background-attachment":"scroll","background-type":"","background-media":"","overlay-type":"","overlay-color":"","overlay-opacity":"","overlay-gradient":""},"tablet":{"background-color":"","background-image":"","background-repeat":"repeat","background-position":"center center","background-size":"auto","background-attachment":"scroll","background-type":"","background-media":"","overlay-type":"","overlay-color":"","overlay-opacity":"","overlay-gradient":""},"mobile":{"background-color":"","background-image":"","background-repeat":"repeat","background-position":"center center","background-size":"auto","background-attachment":"scroll","background-type":"","background-media":"","overlay-type":"","overlay-color":"","overlay-opacity":"","overlay-gradient":""}},"ast-content-background-meta":{"desktop":{"background-color":"var(--ast-global-color-5)","background-image":"","background-repeat":"repeat","background-position":"center center","background-size":"auto","background-attachment":"scroll","background-type":"","background-media":"","overlay-type":"","overlay-color":"","overlay-opacity":"","overlay-gradient":""},"tablet":{"background-color":"var(--ast-global-color-5)","background-image":"","background-repeat":"repeat","background-position":"center center","background-size":"auto","background-attachment":"scroll","background-type":"","background-media":"","overlay-type":"","overlay-color":"","overlay-opacity":"","overlay-gradient":""},"mobile":{"background-color":"var(--ast-global-color-5)","background-image":"","background-repeat":"repeat","background-position":"center center","background-size":"auto","background-attachment":"scroll","background-type":"","background-media":"","overlay-type":"","overlay-color":"","overlay-opacity":"","overlay-gradient":""}},"footnotes":""},"categories":[13],"tags":[],"columnista":[74],"class_list":["post-1754","post","type-post","status-publish","format-standard","hentry","category-columnas","columnista-surcos-violetas"],"_links":{"self":[{"href":"https:\/\/elcontemporaneo.mx\/index.php\/wp-json\/wp\/v2\/posts\/1754","targetHints":{"allow":["GET"]}}],"collection":[{"href":"https:\/\/elcontemporaneo.mx\/index.php\/wp-json\/wp\/v2\/posts"}],"about":[{"href":"https:\/\/elcontemporaneo.mx\/index.php\/wp-json\/wp\/v2\/types\/post"}],"author":[{"embeddable":true,"href":"https:\/\/elcontemporaneo.mx\/index.php\/wp-json\/wp\/v2\/users\/2"}],"replies":[{"embeddable":true,"href":"https:\/\/elcontemporaneo.mx\/index.php\/wp-json\/wp\/v2\/comments?post=1754"}],"version-history":[{"count":1,"href":"https:\/\/elcontemporaneo.mx\/index.php\/wp-json\/wp\/v2\/posts\/1754\/revisions"}],"predecessor-version":[{"id":1755,"href":"https:\/\/elcontemporaneo.mx\/index.php\/wp-json\/wp\/v2\/posts\/1754\/revisions\/1755"}],"wp:attachment":[{"href":"https:\/\/elcontemporaneo.mx\/index.php\/wp-json\/wp\/v2\/media?parent=1754"}],"wp:term":[{"taxonomy":"category","embeddable":true,"href":"https:\/\/elcontemporaneo.mx\/index.php\/wp-json\/wp\/v2\/categories?post=1754"},{"taxonomy":"post_tag","embeddable":true,"href":"https:\/\/elcontemporaneo.mx\/index.php\/wp-json\/wp\/v2\/tags?post=1754"},{"taxonomy":"columnista","embeddable":true,"href":"https:\/\/elcontemporaneo.mx\/index.php\/wp-json\/wp\/v2\/columnista?post=1754"}],"curies":[{"name":"wp","href":"https:\/\/api.w.org\/{rel}","templated":true}]}}