{"id":1759,"date":"2026-07-30T01:06:35","date_gmt":"2026-07-30T07:06:35","guid":{"rendered":"https:\/\/elcontemporaneo.mx\/?p=1759"},"modified":"2026-07-30T01:06:35","modified_gmt":"2026-07-30T07:06:35","slug":"se-unen-nutrisa-y-pixar-con-recetas-exclusivas","status":"publish","type":"post","link":"https:\/\/elcontemporaneo.mx\/index.php\/2026\/07\/30\/se-unen-nutrisa-y-pixar-con-recetas-exclusivas\/","title":{"rendered":"Se unen Nutrisa y Pixar con recetas exclusivas"},"content":{"rendered":"<p><img loading=\"lazy\" decoding=\"async\" class=\"aligncenter wp-image-1760 size-large\" src=\"https:\/\/elcontemporaneo.mx\/wp-content\/uploads\/2026\/07\/unnamed-5-1024x579.webp\" alt=\"\" width=\"1024\" height=\"579\" srcset=\"https:\/\/elcontemporaneo.mx\/wp-content\/uploads\/2026\/07\/unnamed-5-1024x579.webp 1024w, https:\/\/elcontemporaneo.mx\/wp-content\/uploads\/2026\/07\/unnamed-5-300x170.webp 300w, https:\/\/elcontemporaneo.mx\/wp-content\/uploads\/2026\/07\/unnamed-5-768x434.webp 768w, https:\/\/elcontemporaneo.mx\/wp-content\/uploads\/2026\/07\/unnamed-5.webp 1146w\" sizes=\"auto, (max-width: 1024px) 100vw, 1024px\" \/><\/p>\n<p><span style=\"font-weight: 400;\">Nutrisa y Pixar Animation Studios se unen para crear recetas exclusivas y toppings que despiertan la curiosidad desde el primer vistazo y sorprenden en cada cucharada, y que recuerdan las pel\u00edculas m\u00e1s emblem\u00e1ticas de Pixar.\u00a0<\/span><\/p>\n<p><span style=\"font-weight: 400;\">Adem\u00e1s, present\u00f3 su nuevo sabor Mandarina, una propuesta fresca y c\u00edtrica que se suma al men\u00fa para este verano.<\/span><\/p>\n<p><span style=\"font-weight: 400;\">Asimismo, Nutrisa tambi\u00e9n tiene una colecci\u00f3n de tres vasos coleccionables inspirados en el universo Pixar, con un costo de $55 dise\u00f1ados para que cada visita tenga un recuerdo digno de cualquier fan.<\/span><\/p>\n<p><span style=\"font-weight: 400;\">La colaboraci\u00f3n continuar\u00e1 durante la temporada de D\u00eda de Muertos con una edici\u00f3n especial inspirada en Coco, que incorporar\u00e1 un topping exclusivo para rendir homenaje a las tradiciones mexicanas.<\/span><\/p>\n<p><span style=\"font-weight: 400;\">Las tiendas Nutrisa se vestir\u00e1n con elementos inspirados en el universo Pixar, transform\u00e1ndose en espacios donde la imaginaci\u00f3n cobra vida y donde cada visita se convierte en una experiencia para descubrir, compartir y disfrutar.<\/span><\/p>\n<p><span style=\"font-weight: 400;\">Los helados inspirados en Pixar estar\u00e1n disponibles hasta el 8 de noviembre.<\/span><\/p>\n","protected":false},"excerpt":{"rendered":"<p>Nutrisa y Pixar Animation Studios se unen para crear recetas exclusivas y toppings que despiertan la curiosidad desde el primer vistazo y sorprenden en cada cucharada, y que recuerdan las pel\u00edculas m\u00e1s emblem\u00e1ticas de Pixar.\u00a0 Adem\u00e1s, present\u00f3 su nuevo sabor Mandarina, una propuesta fresca y c\u00edtrica que se suma al men\u00fa para este verano. Asimismo, [&hellip;]<\/p>\n","protected":false},"author":2,"featured_media":0,"comment_status":"open","ping_status":"open","sticky":false,"template":"","format":"standard","meta":{"site-sidebar-layout":"default","site-content-layout":"","ast-site-content-layout":"default","site-content-style":"default","site-sidebar-style":"default","ast-global-header-display":"","ast-banner-title-visibility":"","ast-main-header-display":"","ast-hfb-above-header-display":"","ast-hfb-below-header-display":"","ast-hfb-mobile-header-display":"","site-post-title":"","ast-breadcrumbs-content":"","ast-featured-img":"","footer-sml-layout":"","ast-disable-related-posts":"","theme-transparent-header-meta":"default","adv-header-id-meta":"","stick-header-meta":"","header-above-stick-meta":"","header-main-stick-meta":"","header-below-stick-meta":"","astra-migrate-meta-layouts":"set","ast-page-background-enabled":"default","ast-page-background-meta":{"desktop":{"background-color":"var(--ast-global-color-4)","background-image":"","background-repeat":"repeat","background-position":"center center","background-size":"auto","background-attachment":"scroll","background-type":"","background-media":"","overlay-type":"","overlay-color":"","overlay-opacity":"","overlay-gradient":""},"tablet":{"background-color":"","background-image":"","background-repeat":"repeat","background-position":"center center","background-size":"auto","background-attachment":"scroll","background-type":"","background-media":"","overlay-type":"","overlay-color":"","overlay-opacity":"","overlay-gradient":""},"mobile":{"background-color":"","background-image":"","background-repeat":"repeat","background-position":"center center","background-size":"auto","background-attachment":"scroll","background-type":"","background-media":"","overlay-type":"","overlay-color":"","overlay-opacity":"","overlay-gradient":""}},"ast-content-background-meta":{"desktop":{"background-color":"var(--ast-global-color-5)","background-image":"","background-repeat":"repeat","background-position":"center center","background-size":"auto","background-attachment":"scroll","background-type":"","background-media":"","overlay-type":"","overlay-color":"","overlay-opacity":"","overlay-gradient":""},"tablet":{"background-color":"var(--ast-global-color-5)","background-image":"","background-repeat":"repeat","background-position":"center center","background-size":"auto","background-attachment":"scroll","background-type":"","background-media":"","overlay-type":"","overlay-color":"","overlay-opacity":"","overlay-gradient":""},"mobile":{"background-color":"var(--ast-global-color-5)","background-image":"","background-repeat":"repeat","background-position":"center center","background-size":"auto","background-attachment":"scroll","background-type":"","background-media":"","overlay-type":"","overlay-color":"","overlay-opacity":"","overlay-gradient":""}},"footnotes":""},"categories":[1],"tags":[],"columnista":[],"class_list":["post-1759","post","type-post","status-publish","format-standard","hentry","category-nacion"],"_links":{"self":[{"href":"https:\/\/elcontemporaneo.mx\/index.php\/wp-json\/wp\/v2\/posts\/1759","targetHints":{"allow":["GET"]}}],"collection":[{"href":"https:\/\/elcontemporaneo.mx\/index.php\/wp-json\/wp\/v2\/posts"}],"about":[{"href":"https:\/\/elcontemporaneo.mx\/index.php\/wp-json\/wp\/v2\/types\/post"}],"author":[{"embeddable":true,"href":"https:\/\/elcontemporaneo.mx\/index.php\/wp-json\/wp\/v2\/users\/2"}],"replies":[{"embeddable":true,"href":"https:\/\/elcontemporaneo.mx\/index.php\/wp-json\/wp\/v2\/comments?post=1759"}],"version-history":[{"count":2,"href":"https:\/\/elcontemporaneo.mx\/index.php\/wp-json\/wp\/v2\/posts\/1759\/revisions"}],"predecessor-version":[{"id":1762,"href":"https:\/\/elcontemporaneo.mx\/index.php\/wp-json\/wp\/v2\/posts\/1759\/revisions\/1762"}],"wp:attachment":[{"href":"https:\/\/elcontemporaneo.mx\/index.php\/wp-json\/wp\/v2\/media?parent=1759"}],"wp:term":[{"taxonomy":"category","embeddable":true,"href":"https:\/\/elcontemporaneo.mx\/index.php\/wp-json\/wp\/v2\/categories?post=1759"},{"taxonomy":"post_tag","embeddable":true,"href":"https:\/\/elcontemporaneo.mx\/index.php\/wp-json\/wp\/v2\/tags?post=1759"},{"taxonomy":"columnista","embeddable":true,"href":"https:\/\/elcontemporaneo.mx\/index.php\/wp-json\/wp\/v2\/columnista?post=1759"}],"curies":[{"name":"wp","href":"https:\/\/api.w.org\/{rel}","templated":true}]}}