{"id":1772,"date":"2026-07-30T17:54:13","date_gmt":"2026-07-30T23:54:13","guid":{"rendered":"https:\/\/elcontemporaneo.mx\/?p=1772"},"modified":"2026-07-30T17:54:57","modified_gmt":"2026-07-30T23:54:57","slug":"arranca-giff-en-san-miguel-allende","status":"publish","type":"post","link":"https:\/\/elcontemporaneo.mx\/index.php\/2026\/07\/30\/arranca-giff-en-san-miguel-allende\/","title":{"rendered":"Arranca GIFF en San Miguel Allende"},"content":{"rendered":"<p><img loading=\"lazy\" decoding=\"async\" class=\"aligncenter wp-image-1773 size-large\" src=\"https:\/\/elcontemporaneo.mx\/wp-content\/uploads\/2026\/07\/pexels-mark-flying-551780646-16787102-819x1024.webp\" alt=\"\" width=\"819\" height=\"1024\" srcset=\"https:\/\/elcontemporaneo.mx\/wp-content\/uploads\/2026\/07\/pexels-mark-flying-551780646-16787102-819x1024.webp 819w, https:\/\/elcontemporaneo.mx\/wp-content\/uploads\/2026\/07\/pexels-mark-flying-551780646-16787102-240x300.webp 240w, https:\/\/elcontemporaneo.mx\/wp-content\/uploads\/2026\/07\/pexels-mark-flying-551780646-16787102-768x960.webp 768w, https:\/\/elcontemporaneo.mx\/wp-content\/uploads\/2026\/07\/pexels-mark-flying-551780646-16787102-1229x1536.webp 1229w, https:\/\/elcontemporaneo.mx\/wp-content\/uploads\/2026\/07\/pexels-mark-flying-551780646-16787102-1638x2048.webp 1638w, https:\/\/elcontemporaneo.mx\/wp-content\/uploads\/2026\/07\/pexels-mark-flying-551780646-16787102-scaled.webp 2048w\" sizes=\"auto, (max-width: 819px) 100vw, 819px\" \/><\/p>\n<p><span style=\"font-weight: 400;\">Del 29 de julio al 2 de agosto, San Miguel de Allende se convirti\u00f3 en el coraz\u00f3n del Festival Internacional de Cine Guanajuato.<\/span><\/p>\n<p><span style=\"font-weight: 400;\">Durante estos d\u00edas se transformar\u00e1 en el punto de encuentro para cineastas, creadores y amantes del s\u00e9ptimo arte.<\/span><\/p>\n<p><span style=\"font-weight: 400;\">En esta edici\u00f3n se celebrar\u00e1 la visi\u00f3n, la pasi\u00f3n y la trayectoria de dos grandes referentes de la industria audiovisual:<\/span><\/p>\n<p><span style=\"font-weight: 400;\">Inna Pay\u00e1n: productora galardonada por su aportaci\u00f3n a la industria y su liderazgo.<\/span><\/p>\n<p><span style=\"font-weight: 400;\">Marina de Tavira: actriz de cine y teatro contempor\u00e1neo, reconocida por su potencia interpretativa.<\/span><\/p>\n<p><span style=\"font-weight: 400;\">Adem\u00e1s, habr\u00e1 una selecci\u00f3n de proyecciones y estrenos de cine nacional e internacional, homenajes a grandes mujeres del cine, adem\u00e1s de conversatorios y conferencias donde cineastas, actores y expertos compartir\u00e1n sus experiencias, procesos creativos y visi\u00f3n de la industria cinematogr\u00e1fica.<\/span><\/p>\n<p>Programaci\u00f3n: <a href=\"https:\/\/vp.eventival.com\/guanajuato\/giff-2026\/film-schedule\">https:\/\/vp.eventival.com\/guanajuato\/giff-2026\/film-schedule<\/a><\/p>\n<p><strong><em>*Foto: Mark Flying, v\u00eda Pexels<\/em><\/strong><\/p>\n","protected":false},"excerpt":{"rendered":"<p>Del 29 de julio al 2 de agosto, San Miguel de Allende se convirti\u00f3 en el coraz\u00f3n del Festival Internacional de Cine Guanajuato. Durante estos d\u00edas se transformar\u00e1 en el punto de encuentro para cineastas, creadores y amantes del s\u00e9ptimo arte. En esta edici\u00f3n se celebrar\u00e1 la visi\u00f3n, la pasi\u00f3n y la trayectoria de dos [&hellip;]<\/p>\n","protected":false},"author":2,"featured_media":0,"comment_status":"open","ping_status":"open","sticky":false,"template":"","format":"standard","meta":{"site-sidebar-layout":"default","site-content-layout":"","ast-site-content-layout":"default","site-content-style":"default","site-sidebar-style":"default","ast-global-header-display":"","ast-banner-title-visibility":"","ast-main-header-display":"","ast-hfb-above-header-display":"","ast-hfb-below-header-display":"","ast-hfb-mobile-header-display":"","site-post-title":"","ast-breadcrumbs-content":"","ast-featured-img":"","footer-sml-layout":"","ast-disable-related-posts":"","theme-transparent-header-meta":"default","adv-header-id-meta":"","stick-header-meta":"","header-above-stick-meta":"","header-main-stick-meta":"","header-below-stick-meta":"","astra-migrate-meta-layouts":"set","ast-page-background-enabled":"default","ast-page-background-meta":{"desktop":{"background-color":"var(--ast-global-color-4)","background-image":"","background-repeat":"repeat","background-position":"center center","background-size":"auto","background-attachment":"scroll","background-type":"","background-media":"","overlay-type":"","overlay-color":"","overlay-opacity":"","overlay-gradient":""},"tablet":{"background-color":"","background-image":"","background-repeat":"repeat","background-position":"center center","background-size":"auto","background-attachment":"scroll","background-type":"","background-media":"","overlay-type":"","overlay-color":"","overlay-opacity":"","overlay-gradient":""},"mobile":{"background-color":"","background-image":"","background-repeat":"repeat","background-position":"center center","background-size":"auto","background-attachment":"scroll","background-type":"","background-media":"","overlay-type":"","overlay-color":"","overlay-opacity":"","overlay-gradient":""}},"ast-content-background-meta":{"desktop":{"background-color":"var(--ast-global-color-5)","background-image":"","background-repeat":"repeat","background-position":"center center","background-size":"auto","background-attachment":"scroll","background-type":"","background-media":"","overlay-type":"","overlay-color":"","overlay-opacity":"","overlay-gradient":""},"tablet":{"background-color":"var(--ast-global-color-5)","background-image":"","background-repeat":"repeat","background-position":"center center","background-size":"auto","background-attachment":"scroll","background-type":"","background-media":"","overlay-type":"","overlay-color":"","overlay-opacity":"","overlay-gradient":""},"mobile":{"background-color":"var(--ast-global-color-5)","background-image":"","background-repeat":"repeat","background-position":"center center","background-size":"auto","background-attachment":"scroll","background-type":"","background-media":"","overlay-type":"","overlay-color":"","overlay-opacity":"","overlay-gradient":""}},"footnotes":""},"categories":[6],"tags":[],"columnista":[],"class_list":["post-1772","post","type-post","status-publish","format-standard","hentry","category-estilo-de-vida"],"_links":{"self":[{"href":"https:\/\/elcontemporaneo.mx\/index.php\/wp-json\/wp\/v2\/posts\/1772","targetHints":{"allow":["GET"]}}],"collection":[{"href":"https:\/\/elcontemporaneo.mx\/index.php\/wp-json\/wp\/v2\/posts"}],"about":[{"href":"https:\/\/elcontemporaneo.mx\/index.php\/wp-json\/wp\/v2\/types\/post"}],"author":[{"embeddable":true,"href":"https:\/\/elcontemporaneo.mx\/index.php\/wp-json\/wp\/v2\/users\/2"}],"replies":[{"embeddable":true,"href":"https:\/\/elcontemporaneo.mx\/index.php\/wp-json\/wp\/v2\/comments?post=1772"}],"version-history":[{"count":2,"href":"https:\/\/elcontemporaneo.mx\/index.php\/wp-json\/wp\/v2\/posts\/1772\/revisions"}],"predecessor-version":[{"id":1775,"href":"https:\/\/elcontemporaneo.mx\/index.php\/wp-json\/wp\/v2\/posts\/1772\/revisions\/1775"}],"wp:attachment":[{"href":"https:\/\/elcontemporaneo.mx\/index.php\/wp-json\/wp\/v2\/media?parent=1772"}],"wp:term":[{"taxonomy":"category","embeddable":true,"href":"https:\/\/elcontemporaneo.mx\/index.php\/wp-json\/wp\/v2\/categories?post=1772"},{"taxonomy":"post_tag","embeddable":true,"href":"https:\/\/elcontemporaneo.mx\/index.php\/wp-json\/wp\/v2\/tags?post=1772"},{"taxonomy":"columnista","embeddable":true,"href":"https:\/\/elcontemporaneo.mx\/index.php\/wp-json\/wp\/v2\/columnista?post=1772"}],"curies":[{"name":"wp","href":"https:\/\/api.w.org\/{rel}","templated":true}]}}