{"id":1853,"date":"2026-08-20T22:41:03","date_gmt":"2026-08-21T04:41:03","guid":{"rendered":"https:\/\/elcontemporaneo.mx\/?p=1853"},"modified":"2026-08-20T22:41:03","modified_gmt":"2026-08-21T04:41:03","slug":"presentan-los-vaguens-quien-gano","status":"publish","type":"post","link":"https:\/\/elcontemporaneo.mx\/index.php\/2026\/08\/20\/presentan-los-vaguens-quien-gano\/","title":{"rendered":"Presentan Los Vaguens &#8220;\u00bfQui\u00e9n gan\u00f3?&#8221;"},"content":{"rendered":"<p><iframe loading=\"lazy\" width=\"560\" height=\"315\" src=\"https:\/\/www.youtube.com\/embed\/60jdLPjVLvE?si=vmloOgCPvXe4_GCp\" title=\"YouTube video player\" frameborder=\"0\" allow=\"accelerometer; autoplay; clipboard-write; encrypted-media; gyroscope; picture-in-picture; web-share\" referrerpolicy=\"strict-origin-when-cross-origin\" allowfullscreen><\/iframe>&nbsp;<\/p>\n<p><span style=\"font-weight: 400;\">Los Vaguens llegan con \u201c\u00bfQui\u00e9n Gan\u00f3?\u201d, una balada rock que explora el lado m\u00e1s doloroso de un tri\u00e1ngulo amoroso: ese momento en el que hay que decidir entre aferrarse a alguien que ya est\u00e1 interesado en otra persona o aceptar que es momento de dejarlo ir.<\/span><\/p>\n<p><span style=\"font-weight: 400;\">El sencillo plantea una pregunta tan sencilla como dif\u00edcil de responder: \u00bfPerder a alguien que amas, pero que no te ama, es realmente una derrota?\u00a0 Est\u00e1 canci\u00f3n es un alivio al duelo que se vive cuando un tercero en discordia llega a una relaci\u00f3n.<\/span><\/p>\n<p><span style=\"font-weight: 400;\">Con influencias de las grandes baladas de los a\u00f1os ochenta, Los Vaguens apuestan por una canci\u00f3n de corte cl\u00e1sico que mantiene su identidad y conecta con quienes encuentran en la m\u00fasica un espacio para hablar de nostalgia y desamor.<\/span><\/p>\n<p><span style=\"font-weight: 400;\">El lanzamiento llega mientras la banda celebra una d\u00e9cada de trayectoria con uno de sus conciertos m\u00e1s importantes: el pr\u00f3ximo 13 de septiembre se presentar\u00e1 en el Lunario del Auditorio Nacional.\u00a0<\/span><\/p>\n<p><span style=\"font-weight: 400;\">Durante la presentaci\u00f3n, el cuarteto tambi\u00e9n mostrar\u00e1 la edici\u00f3n Deluxe de su \u00e1lbum Club de Oro, ahora ampliado con cuatro nuevas canciones.<\/span><\/p>\n","protected":false},"excerpt":{"rendered":"<p>&nbsp; Los Vaguens llegan con \u201c\u00bfQui\u00e9n Gan\u00f3?\u201d, una balada rock que explora el lado m\u00e1s doloroso de un tri\u00e1ngulo amoroso: ese momento en el que hay que decidir entre aferrarse a alguien que ya est\u00e1 interesado en otra persona o aceptar que es momento de dejarlo ir. El sencillo plantea una pregunta tan sencilla como [&hellip;]<\/p>\n","protected":false},"author":2,"featured_media":0,"comment_status":"open","ping_status":"open","sticky":false,"template":"","format":"standard","meta":{"site-sidebar-layout":"default","site-content-layout":"","ast-site-content-layout":"default","site-content-style":"default","site-sidebar-style":"default","ast-global-header-display":"","ast-banner-title-visibility":"","ast-main-header-display":"","ast-hfb-above-header-display":"","ast-hfb-below-header-display":"","ast-hfb-mobile-header-display":"","site-post-title":"","ast-breadcrumbs-content":"","ast-featured-img":"","footer-sml-layout":"","ast-disable-related-posts":"","theme-transparent-header-meta":"default","adv-header-id-meta":"","stick-header-meta":"","header-above-stick-meta":"","header-main-stick-meta":"","header-below-stick-meta":"","astra-migrate-meta-layouts":"set","ast-page-background-enabled":"default","ast-page-background-meta":{"desktop":{"background-color":"var(--ast-global-color-4)","background-image":"","background-repeat":"repeat","background-position":"center center","background-size":"auto","background-attachment":"scroll","background-type":"","background-media":"","overlay-type":"","overlay-color":"","overlay-opacity":"","overlay-gradient":""},"tablet":{"background-color":"","background-image":"","background-repeat":"repeat","background-position":"center center","background-size":"auto","background-attachment":"scroll","background-type":"","background-media":"","overlay-type":"","overlay-color":"","overlay-opacity":"","overlay-gradient":""},"mobile":{"background-color":"","background-image":"","background-repeat":"repeat","background-position":"center center","background-size":"auto","background-attachment":"scroll","background-type":"","background-media":"","overlay-type":"","overlay-color":"","overlay-opacity":"","overlay-gradient":""}},"ast-content-background-meta":{"desktop":{"background-color":"var(--ast-global-color-5)","background-image":"","background-repeat":"repeat","background-position":"center center","background-size":"auto","background-attachment":"scroll","background-type":"","background-media":"","overlay-type":"","overlay-color":"","overlay-opacity":"","overlay-gradient":""},"tablet":{"background-color":"var(--ast-global-color-5)","background-image":"","background-repeat":"repeat","background-position":"center center","background-size":"auto","background-attachment":"scroll","background-type":"","background-media":"","overlay-type":"","overlay-color":"","overlay-opacity":"","overlay-gradient":""},"mobile":{"background-color":"var(--ast-global-color-5)","background-image":"","background-repeat":"repeat","background-position":"center center","background-size":"auto","background-attachment":"scroll","background-type":"","background-media":"","overlay-type":"","overlay-color":"","overlay-opacity":"","overlay-gradient":""}},"footnotes":""},"categories":[6],"tags":[],"columnista":[],"class_list":["post-1853","post","type-post","status-publish","format-standard","hentry","category-estilo-de-vida"],"_links":{"self":[{"href":"https:\/\/elcontemporaneo.mx\/index.php\/wp-json\/wp\/v2\/posts\/1853","targetHints":{"allow":["GET"]}}],"collection":[{"href":"https:\/\/elcontemporaneo.mx\/index.php\/wp-json\/wp\/v2\/posts"}],"about":[{"href":"https:\/\/elcontemporaneo.mx\/index.php\/wp-json\/wp\/v2\/types\/post"}],"author":[{"embeddable":true,"href":"https:\/\/elcontemporaneo.mx\/index.php\/wp-json\/wp\/v2\/users\/2"}],"replies":[{"embeddable":true,"href":"https:\/\/elcontemporaneo.mx\/index.php\/wp-json\/wp\/v2\/comments?post=1853"}],"version-history":[{"count":1,"href":"https:\/\/elcontemporaneo.mx\/index.php\/wp-json\/wp\/v2\/posts\/1853\/revisions"}],"predecessor-version":[{"id":1854,"href":"https:\/\/elcontemporaneo.mx\/index.php\/wp-json\/wp\/v2\/posts\/1853\/revisions\/1854"}],"wp:attachment":[{"href":"https:\/\/elcontemporaneo.mx\/index.php\/wp-json\/wp\/v2\/media?parent=1853"}],"wp:term":[{"taxonomy":"category","embeddable":true,"href":"https:\/\/elcontemporaneo.mx\/index.php\/wp-json\/wp\/v2\/categories?post=1853"},{"taxonomy":"post_tag","embeddable":true,"href":"https:\/\/elcontemporaneo.mx\/index.php\/wp-json\/wp\/v2\/tags?post=1853"},{"taxonomy":"columnista","embeddable":true,"href":"https:\/\/elcontemporaneo.mx\/index.php\/wp-json\/wp\/v2\/columnista?post=1853"}],"curies":[{"name":"wp","href":"https:\/\/api.w.org\/{rel}","templated":true}]}}