{"id":351,"date":"2025-09-30T23:12:52","date_gmt":"2025-10-01T05:12:52","guid":{"rendered":"https:\/\/elcontemporaneo.mx\/?p=351"},"modified":"2025-09-30T23:14:36","modified_gmt":"2025-10-01T05:14:36","slug":"impulsan-incmty-y-daikin-innovacion-en-airtech-challenge-2025","status":"publish","type":"post","link":"https:\/\/elcontemporaneo.mx\/index.php\/2025\/09\/30\/impulsan-incmty-y-daikin-innovacion-en-airtech-challenge-2025\/","title":{"rendered":"incMTY y Daikin, a favor del progreso"},"content":{"rendered":"<p><img loading=\"lazy\" decoding=\"async\" class=\"size-medium wp-image-352 aligncenter\" src=\"https:\/\/elcontemporaneo.mx\/wp-content\/uploads\/2025\/09\/Diseno-sin-titulo-_4_-300x300.webp\" alt=\"\" width=\"300\" height=\"300\" srcset=\"https:\/\/elcontemporaneo.mx\/wp-content\/uploads\/2025\/09\/Diseno-sin-titulo-_4_-300x300.webp 300w, https:\/\/elcontemporaneo.mx\/wp-content\/uploads\/2025\/09\/Diseno-sin-titulo-_4_-1024x1024.webp 1024w, https:\/\/elcontemporaneo.mx\/wp-content\/uploads\/2025\/09\/Diseno-sin-titulo-_4_-150x150.webp 150w, https:\/\/elcontemporaneo.mx\/wp-content\/uploads\/2025\/09\/Diseno-sin-titulo-_4_-768x768.webp 768w, https:\/\/elcontemporaneo.mx\/wp-content\/uploads\/2025\/09\/Diseno-sin-titulo-_4_.webp 1080w\" sizes=\"auto, (max-width: 300px) 100vw, 300px\" \/><\/p>\n<p><span style=\"font-weight: 400;\">El Tec de Monterrey,\u00a0 a trav\u00e9s de la plataforma incMTY Innovaci\u00f3n Corporativa, y la empresa Daikin impulsaron la innovaci\u00f3n en la industria de la climatizaci\u00f3n en la cuarta edici\u00f3n del <\/span><i><span style=\"font-weight: 400;\">Airtech Challenge<\/span><\/i><span style=\"font-weight: 400;\">, iniciativa dise\u00f1ada para detectar y potenciar soluciones disruptivas en el sector HVAC (calefacci\u00f3n, ventilaci\u00f3n y aire acondicionado) en Latinoam\u00e9rica.<\/span><\/p>\n<p><span style=\"font-weight: 400;\">\u00a0<\/span><i><span style=\"font-weight: 400;\">Airtech Challenge<\/span><\/i><span style=\"font-weight: 400;\"> busca transformar la industria de la climatizaci\u00f3n a trav\u00e9s de la tecnolog\u00eda, la sustentabilidad y la eficiencia. La iniciativa conect\u00f3 con emprendedores para promover la sostenibilidad.\u00a0<\/span><\/p>\n<p><span style=\"font-weight: 400;\">El reto, que atrajo a m\u00e1s de 50 startups, culmin\u00f3 en una final celebrada en el marco de la AHR Expo M\u00e9xico 2025. Las propuestas finalistas, enfocadas en Fintech aplicada al HVAC y Servicios Inteligentes\/Experiencia de Usuario, reflejaron la sinergia de esta colaboraci\u00f3n: impulsar la sostenibilidad energ\u00e9tica y la accesibilidad tecnol\u00f3gica en mercados desatendidos.<\/span><\/p>\n<p><span style=\"font-weight: 400;\">\u00a0<\/span><span style=\"font-weight: 400;\">Un panel de jueces de alto nivel evalu\u00f3 aspectos como el impacto de las soluciones, su escalabilidad, la sostenibilidad de los modelos de negocio; su capacidad para transformar la experiencia de los usuarios y su alineaci\u00f3n con los Objetivos de Desarrollo Sostenible (ODS) de la ONU. El primer lugar fue otorgado a AORA, startup de tecnolog\u00eda propia e innovadora que conecta a las personas con servicios confiables para el hogar, la oficina o el negocio en toda Latinoam\u00e9rica. Gracias a su tecnolog\u00eda, todo se puede pedir de forma r\u00e1pida, sencilla, sin complicaciones y segura.\u00a0\u00a0<\/span><\/p>\n<p><span style=\"font-weight: 400;\">\u00a0<\/span><span style=\"font-weight: 400;\">AORA fue acreedor a un viaje al Centro de Tecnolog\u00eda e Innovaci\u00f3n de Daikin en Jap\u00f3n, y un financiamiento de $20,000 d\u00f3lares para un POC (Prueba de Concepto), con el apoyo directo de los expertos de Daikin.<\/span><\/p>\n<p><span style=\"font-weight: 400;\">\u00a0<\/span><span style=\"font-weight: 400;\">El segundo lugar fue para Finsphera, compa\u00f1\u00eda de FinTech e Inteligencia Artificial. El tercer lugar lo obtuvo Conceitos Criativos, empresa que mejora la vida al monitorear la calidad del aire y ajustar los sistemas HVAC y de ventilaci\u00f3n. Las compa\u00f1\u00edas se llevaron $10,000 USD y $5,000 USD, respectivamente para POC, adem\u00e1s de sesiones de colaboraci\u00f3n con el equipo de innovaci\u00f3n de Daikin.<\/span><\/p>\n<p><span style=\"font-weight: 400;\">\u00a0<\/span><span style=\"font-weight: 400;\">La colaboraci\u00f3n con Daikin destaca el rol fundamental de incMTY como catalizador del talento innovador, la inversi\u00f3n y emprendimiento en M\u00e9xico y Am\u00e9rica Latina, para acelerar el desarrollo econ\u00f3mico de la regi\u00f3n.\u00a0<\/span><\/p>\n<p><span style=\"font-weight: 400;\">&#8220;Nuestra misi\u00f3n es activar el ecosistema de la innovaci\u00f3n y conectar a quienes tienen una visi\u00f3n con las herramientas y el apoyo necesarios para convertirla en realidad. La alianza con un l\u00edder global como Daikin para crear una nueva industria \u201cel Airtech\u201d con su challenge es un ejemplo perfecto de c\u00f3mo el sector corporativo y el ecosistema emprendedor pueden colaborar para resolver desaf\u00edos globales\u201d, explic\u00f3 Josu\u00e9 Delgado, Cofundador y CIO del hub.\u00a0<\/span><\/p>\n<p><span style=\"font-weight: 400;\">En tanto,\u00a0 George Calienes, CEO de Daikin Applied Latin America, indic\u00f3: \u201cCada edici\u00f3n del Airtech Challenge nos recuerda el gran talento y la creatividad que existen en Am\u00e9rica Latina. Las propuestas de este a\u00f1o no solo destacaron por su innovaci\u00f3n, sino tambi\u00e9n por su compromiso genuino con la sostenibilidad y la mejora de la calidad de vida\u201d.<\/span><\/p>\n<p><span style=\"font-weight: 400;\">\u201cDurante cuatro a\u00f1os, incMTY ha sido el socio fundamental para el \u00e9xito de <\/span><i><span style=\"font-weight: 400;\">Airtech Challenge<\/span><\/i><span style=\"font-weight: 400;\">, proporcionando una plataforma robusta y la experiencia necesaria. Hemos capitalizado sus vastas capacidades acad\u00e9micas y su red de conexi\u00f3n con emprendedores en Latinoam\u00e9rica. Gracias a esta colaboraci\u00f3n, m\u00e1s de 500 startups han sido descubiertas a trav\u00e9s de la vertical Airtech Challenge en la regi\u00f3n. En Monterrey existen grandes talentos y gran potencial de innovaci\u00f3n, desde aqu\u00ed se exporta y se consolida la innovaci\u00f3n en Latinoam\u00e9rica\u201d, comparti\u00f3 Ricardo Rodr\u00edguez de Daikin.<\/span><\/p>\n","protected":false},"excerpt":{"rendered":"<p>El Tec de Monterrey,\u00a0 a trav\u00e9s de la plataforma incMTY Innovaci\u00f3n Corporativa, y la empresa Daikin impulsaron la innovaci\u00f3n en la industria de la climatizaci\u00f3n en la cuarta edici\u00f3n del Airtech Challenge, iniciativa dise\u00f1ada para detectar y potenciar soluciones disruptivas en el sector HVAC (calefacci\u00f3n, ventilaci\u00f3n y aire acondicionado) en Latinoam\u00e9rica. \u00a0Airtech Challenge busca transformar [&hellip;]<\/p>\n","protected":false},"author":2,"featured_media":0,"comment_status":"open","ping_status":"open","sticky":false,"template":"","format":"standard","meta":{"site-sidebar-layout":"default","site-content-layout":"","ast-site-content-layout":"default","site-content-style":"default","site-sidebar-style":"default","ast-global-header-display":"","ast-banner-title-visibility":"","ast-main-header-display":"","ast-hfb-above-header-display":"","ast-hfb-below-header-display":"","ast-hfb-mobile-header-display":"","site-post-title":"","ast-breadcrumbs-content":"","ast-featured-img":"","footer-sml-layout":"","ast-disable-related-posts":"","theme-transparent-header-meta":"default","adv-header-id-meta":"","stick-header-meta":"","header-above-stick-meta":"","header-main-stick-meta":"","header-below-stick-meta":"","astra-migrate-meta-layouts":"set","ast-page-background-enabled":"default","ast-page-background-meta":{"desktop":{"background-color":"var(--ast-global-color-4)","background-image":"","background-repeat":"repeat","background-position":"center center","background-size":"auto","background-attachment":"scroll","background-type":"","background-media":"","overlay-type":"","overlay-color":"","overlay-opacity":"","overlay-gradient":""},"tablet":{"background-color":"","background-image":"","background-repeat":"repeat","background-position":"center center","background-size":"auto","background-attachment":"scroll","background-type":"","background-media":"","overlay-type":"","overlay-color":"","overlay-opacity":"","overlay-gradient":""},"mobile":{"background-color":"","background-image":"","background-repeat":"repeat","background-position":"center center","background-size":"auto","background-attachment":"scroll","background-type":"","background-media":"","overlay-type":"","overlay-color":"","overlay-opacity":"","overlay-gradient":""}},"ast-content-background-meta":{"desktop":{"background-color":"var(--ast-global-color-5)","background-image":"","background-repeat":"repeat","background-position":"center center","background-size":"auto","background-attachment":"scroll","background-type":"","background-media":"","overlay-type":"","overlay-color":"","overlay-opacity":"","overlay-gradient":""},"tablet":{"background-color":"var(--ast-global-color-5)","background-image":"","background-repeat":"repeat","background-position":"center center","background-size":"auto","background-attachment":"scroll","background-type":"","background-media":"","overlay-type":"","overlay-color":"","overlay-opacity":"","overlay-gradient":""},"mobile":{"background-color":"var(--ast-global-color-5)","background-image":"","background-repeat":"repeat","background-position":"center center","background-size":"auto","background-attachment":"scroll","background-type":"","background-media":"","overlay-type":"","overlay-color":"","overlay-opacity":"","overlay-gradient":""}},"footnotes":""},"categories":[1],"tags":[],"columnista":[],"class_list":["post-351","post","type-post","status-publish","format-standard","hentry","category-nacion"],"_links":{"self":[{"href":"https:\/\/elcontemporaneo.mx\/index.php\/wp-json\/wp\/v2\/posts\/351","targetHints":{"allow":["GET"]}}],"collection":[{"href":"https:\/\/elcontemporaneo.mx\/index.php\/wp-json\/wp\/v2\/posts"}],"about":[{"href":"https:\/\/elcontemporaneo.mx\/index.php\/wp-json\/wp\/v2\/types\/post"}],"author":[{"embeddable":true,"href":"https:\/\/elcontemporaneo.mx\/index.php\/wp-json\/wp\/v2\/users\/2"}],"replies":[{"embeddable":true,"href":"https:\/\/elcontemporaneo.mx\/index.php\/wp-json\/wp\/v2\/comments?post=351"}],"version-history":[{"count":3,"href":"https:\/\/elcontemporaneo.mx\/index.php\/wp-json\/wp\/v2\/posts\/351\/revisions"}],"predecessor-version":[{"id":355,"href":"https:\/\/elcontemporaneo.mx\/index.php\/wp-json\/wp\/v2\/posts\/351\/revisions\/355"}],"wp:attachment":[{"href":"https:\/\/elcontemporaneo.mx\/index.php\/wp-json\/wp\/v2\/media?parent=351"}],"wp:term":[{"taxonomy":"category","embeddable":true,"href":"https:\/\/elcontemporaneo.mx\/index.php\/wp-json\/wp\/v2\/categories?post=351"},{"taxonomy":"post_tag","embeddable":true,"href":"https:\/\/elcontemporaneo.mx\/index.php\/wp-json\/wp\/v2\/tags?post=351"},{"taxonomy":"columnista","embeddable":true,"href":"https:\/\/elcontemporaneo.mx\/index.php\/wp-json\/wp\/v2\/columnista?post=351"}],"curies":[{"name":"wp","href":"https:\/\/api.w.org\/{rel}","templated":true}]}}