{"id":378,"date":"2025-10-01T23:14:45","date_gmt":"2025-10-02T05:14:45","guid":{"rendered":"https:\/\/elcontemporaneo.mx\/?p=378"},"modified":"2025-10-01T23:16:44","modified_gmt":"2025-10-02T05:16:44","slug":"mexico-en-pie-de-lucha","status":"publish","type":"post","link":"https:\/\/elcontemporaneo.mx\/index.php\/2025\/10\/01\/mexico-en-pie-de-lucha\/","title":{"rendered":"M\u00e9xico, en pie de lucha"},"content":{"rendered":"<p><i><span style=\"font-weight: 400;\">2 de octubre no se olvida. <\/span><\/i><span style=\"font-weight: 400;\">Una fecha, un suceso, un sentimiento.<\/span><\/p>\n<p><span style=\"font-weight: 400;\">Este d\u00eda marca un antes y un despu\u00e9s en la historia mexicana. Cincuenta y siete a\u00f1os han pasado desde que la Plaza de las Tres Culturas se ti\u00f1\u00f3 de sangre &#8230;.sangre inocente de estudiantes y personas que buscaban un progreso.\u00a0<\/span><\/p>\n<p><span style=\"font-weight: 400;\">\u00a1PUM! Cesado. La represi\u00f3n en su m\u00e1xima expresi\u00f3n, y la diversificaci\u00f3n de ideas aniquilada.<\/span><\/p>\n<p><span style=\"font-weight: 400;\">Sin embargo, pese a esto, la lucha contin\u00faa y hoy, a manera de homenaje, nace <\/span><b>El Contempor\u00e1neo<\/b><span style=\"font-weight: 400;\">, un medio donde construimos un espacio que incita a la reflexi\u00f3n y el an\u00e1lisis.<\/span><\/p>\n<p><span style=\"font-weight: 400;\">En <\/span><b>El Contempor\u00e1neo<\/b><span style=\"font-weight: 400;\"> ponemos en alto el nombre de M\u00e9xico, nuestra naci\u00f3n; y fortalecemos el pensamiento cr\u00edtico donde las causas sociales, la ciencia, el arte y la cultura representan nuestra forma de ver la vida.\u00a0<\/span><\/p>\n<p><span style=\"font-weight: 400;\">Sean bienvenidos a este espacio, y busquemos que el an\u00e1lisis profundo de la informaci\u00f3n nos permita trascender m\u00e1s all\u00e1 del cosmos. Y recuerden que \u00a1<\/span><i><span style=\"font-weight: 400;\">2 de octubre, no se olvida!<\/span><\/i><\/p>\n","protected":false},"excerpt":{"rendered":"<p>2 de octubre no se olvida. Una fecha, un suceso, un sentimiento. Este d\u00eda marca un antes y un despu\u00e9s en la historia mexicana. Cincuenta y siete a\u00f1os han pasado desde que la Plaza de las Tres Culturas se ti\u00f1\u00f3 de sangre &#8230;.sangre inocente de estudiantes y personas que buscaban un progreso.\u00a0 \u00a1PUM! Cesado. La [&hellip;]<\/p>\n","protected":false},"author":2,"featured_media":0,"comment_status":"open","ping_status":"open","sticky":false,"template":"","format":"standard","meta":{"site-sidebar-layout":"default","site-content-layout":"","ast-site-content-layout":"default","site-content-style":"default","site-sidebar-style":"default","ast-global-header-display":"","ast-banner-title-visibility":"","ast-main-header-display":"","ast-hfb-above-header-display":"","ast-hfb-below-header-display":"","ast-hfb-mobile-header-display":"","site-post-title":"","ast-breadcrumbs-content":"","ast-featured-img":"","footer-sml-layout":"","ast-disable-related-posts":"","theme-transparent-header-meta":"default","adv-header-id-meta":"","stick-header-meta":"","header-above-stick-meta":"","header-main-stick-meta":"","header-below-stick-meta":"","astra-migrate-meta-layouts":"set","ast-page-background-enabled":"default","ast-page-background-meta":{"desktop":{"background-color":"var(--ast-global-color-4)","background-image":"","background-repeat":"repeat","background-position":"center center","background-size":"auto","background-attachment":"scroll","background-type":"","background-media":"","overlay-type":"","overlay-color":"","overlay-opacity":"","overlay-gradient":""},"tablet":{"background-color":"","background-image":"","background-repeat":"repeat","background-position":"center center","background-size":"auto","background-attachment":"scroll","background-type":"","background-media":"","overlay-type":"","overlay-color":"","overlay-opacity":"","overlay-gradient":""},"mobile":{"background-color":"","background-image":"","background-repeat":"repeat","background-position":"center center","background-size":"auto","background-attachment":"scroll","background-type":"","background-media":"","overlay-type":"","overlay-color":"","overlay-opacity":"","overlay-gradient":""}},"ast-content-background-meta":{"desktop":{"background-color":"var(--ast-global-color-5)","background-image":"","background-repeat":"repeat","background-position":"center center","background-size":"auto","background-attachment":"scroll","background-type":"","background-media":"","overlay-type":"","overlay-color":"","overlay-opacity":"","overlay-gradient":""},"tablet":{"background-color":"var(--ast-global-color-5)","background-image":"","background-repeat":"repeat","background-position":"center center","background-size":"auto","background-attachment":"scroll","background-type":"","background-media":"","overlay-type":"","overlay-color":"","overlay-opacity":"","overlay-gradient":""},"mobile":{"background-color":"var(--ast-global-color-5)","background-image":"","background-repeat":"repeat","background-position":"center center","background-size":"auto","background-attachment":"scroll","background-type":"","background-media":"","overlay-type":"","overlay-color":"","overlay-opacity":"","overlay-gradient":""}},"footnotes":""},"categories":[13],"tags":[],"columnista":[34],"class_list":["post-378","post","type-post","status-publish","format-standard","hentry","category-columnas","columnista-sintropia"],"_links":{"self":[{"href":"https:\/\/elcontemporaneo.mx\/index.php\/wp-json\/wp\/v2\/posts\/378","targetHints":{"allow":["GET"]}}],"collection":[{"href":"https:\/\/elcontemporaneo.mx\/index.php\/wp-json\/wp\/v2\/posts"}],"about":[{"href":"https:\/\/elcontemporaneo.mx\/index.php\/wp-json\/wp\/v2\/types\/post"}],"author":[{"embeddable":true,"href":"https:\/\/elcontemporaneo.mx\/index.php\/wp-json\/wp\/v2\/users\/2"}],"replies":[{"embeddable":true,"href":"https:\/\/elcontemporaneo.mx\/index.php\/wp-json\/wp\/v2\/comments?post=378"}],"version-history":[{"count":1,"href":"https:\/\/elcontemporaneo.mx\/index.php\/wp-json\/wp\/v2\/posts\/378\/revisions"}],"predecessor-version":[{"id":379,"href":"https:\/\/elcontemporaneo.mx\/index.php\/wp-json\/wp\/v2\/posts\/378\/revisions\/379"}],"wp:attachment":[{"href":"https:\/\/elcontemporaneo.mx\/index.php\/wp-json\/wp\/v2\/media?parent=378"}],"wp:term":[{"taxonomy":"category","embeddable":true,"href":"https:\/\/elcontemporaneo.mx\/index.php\/wp-json\/wp\/v2\/categories?post=378"},{"taxonomy":"post_tag","embeddable":true,"href":"https:\/\/elcontemporaneo.mx\/index.php\/wp-json\/wp\/v2\/tags?post=378"},{"taxonomy":"columnista","embeddable":true,"href":"https:\/\/elcontemporaneo.mx\/index.php\/wp-json\/wp\/v2\/columnista?post=378"}],"curies":[{"name":"wp","href":"https:\/\/api.w.org\/{rel}","templated":true}]}}