{"id":544,"date":"2025-10-17T00:26:30","date_gmt":"2025-10-17T06:26:30","guid":{"rendered":"https:\/\/elcontemporaneo.mx\/?p=544"},"modified":"2025-10-17T00:28:06","modified_gmt":"2025-10-17T06:28:06","slug":"adios-a-la-venta-de-animales-en-el-mercado-de-sonora","status":"publish","type":"post","link":"https:\/\/elcontemporaneo.mx\/index.php\/2025\/10\/17\/adios-a-la-venta-de-animales-en-el-mercado-de-sonora\/","title":{"rendered":"Adi\u00f3s a la venta de animales en Mercado de Sonora"},"content":{"rendered":"<p><span style=\"font-weight: 400;\">Evelyn Parra Alv\u00e1rez, alcaldesa de la delegaci\u00f3n Venustiano Carranza,en Ciudad de M\u00e9xico, afirm\u00f3 que a partir de enero 2026 se prohibir\u00e1 la venta de animales en el Mercado de Sonora.<\/span><\/p>\n<p><span style=\"font-weight: 400;\">En estos meses que quedan de 2025, los locatarios deben de modificar su actividad comercial, sino ser\u00e1n clausurados y perder\u00e1n sus derechos. Se estima que 80 locales se dedican a esta actividad, y 10 ya cambiaron de giro.\u00a0<\/span><\/p>\n<p><span style=\"font-weight: 400;\">Esta medida responde al fallo judicial, emitido hace medio a\u00f1o por el Tribunal de Justicia Administrativa Local, a favor de las organizaciones que se oponen a la venta de animales en este mercado.<\/span><\/p>\n<p><b>Protegen animale por divorcio en Sonora\u00a0<\/b><\/p>\n<p><span style=\"font-weight: 400;\">El diputado Ren\u00e9 Edmundo Garc\u00eda Rojo present\u00f3 en el Congreso de Sonora la iniciativa de priorizar la protecci\u00f3n y bienestar de los animales durante el divorcio.\u00a0<\/span><\/p>\n<p><span style=\"font-weight: 400;\">Garc\u00eda Rojo pretende adicionar disposiciones en el C\u00f3digo de la Familia como a la Ley de Protecci\u00f3n de los Animales en Sonora, para dejar de considerarlos como bienes patrimoniales, y reconocerlos como seres que sienten, ya que generan lazos afectivos con sus cuidadores.\u00a0<\/span><\/p>\n<p><span style=\"font-weight: 400;\">La propuesta busca adicionar un nuevo art\u00edculo al C\u00f3digo de la Familia del Estado de Sonora, donde en caso de divorcio, se establezcan cuidados, custodia, convivencia y manutenci\u00f3n de los animales.<\/span><\/p>\n","protected":false},"excerpt":{"rendered":"<p>Evelyn Parra Alv\u00e1rez, alcaldesa de la delegaci\u00f3n Venustiano Carranza,en Ciudad de M\u00e9xico, afirm\u00f3 que a partir de enero 2026 se prohibir\u00e1 la venta de animales en el Mercado de Sonora. En estos meses que quedan de 2025, los locatarios deben de modificar su actividad comercial, sino ser\u00e1n clausurados y perder\u00e1n sus derechos. Se estima que [&hellip;]<\/p>\n","protected":false},"author":2,"featured_media":0,"comment_status":"open","ping_status":"open","sticky":false,"template":"","format":"standard","meta":{"site-sidebar-layout":"default","site-content-layout":"","ast-site-content-layout":"default","site-content-style":"default","site-sidebar-style":"default","ast-global-header-display":"","ast-banner-title-visibility":"","ast-main-header-display":"","ast-hfb-above-header-display":"","ast-hfb-below-header-display":"","ast-hfb-mobile-header-display":"","site-post-title":"","ast-breadcrumbs-content":"","ast-featured-img":"","footer-sml-layout":"","ast-disable-related-posts":"","theme-transparent-header-meta":"default","adv-header-id-meta":"","stick-header-meta":"","header-above-stick-meta":"","header-main-stick-meta":"","header-below-stick-meta":"","astra-migrate-meta-layouts":"set","ast-page-background-enabled":"default","ast-page-background-meta":{"desktop":{"background-color":"var(--ast-global-color-4)","background-image":"","background-repeat":"repeat","background-position":"center center","background-size":"auto","background-attachment":"scroll","background-type":"","background-media":"","overlay-type":"","overlay-color":"","overlay-opacity":"","overlay-gradient":""},"tablet":{"background-color":"","background-image":"","background-repeat":"repeat","background-position":"center center","background-size":"auto","background-attachment":"scroll","background-type":"","background-media":"","overlay-type":"","overlay-color":"","overlay-opacity":"","overlay-gradient":""},"mobile":{"background-color":"","background-image":"","background-repeat":"repeat","background-position":"center center","background-size":"auto","background-attachment":"scroll","background-type":"","background-media":"","overlay-type":"","overlay-color":"","overlay-opacity":"","overlay-gradient":""}},"ast-content-background-meta":{"desktop":{"background-color":"var(--ast-global-color-5)","background-image":"","background-repeat":"repeat","background-position":"center center","background-size":"auto","background-attachment":"scroll","background-type":"","background-media":"","overlay-type":"","overlay-color":"","overlay-opacity":"","overlay-gradient":""},"tablet":{"background-color":"var(--ast-global-color-5)","background-image":"","background-repeat":"repeat","background-position":"center center","background-size":"auto","background-attachment":"scroll","background-type":"","background-media":"","overlay-type":"","overlay-color":"","overlay-opacity":"","overlay-gradient":""},"mobile":{"background-color":"var(--ast-global-color-5)","background-image":"","background-repeat":"repeat","background-position":"center center","background-size":"auto","background-attachment":"scroll","background-type":"","background-media":"","overlay-type":"","overlay-color":"","overlay-opacity":"","overlay-gradient":""}},"footnotes":""},"categories":[1],"tags":[],"columnista":[],"class_list":["post-544","post","type-post","status-publish","format-standard","hentry","category-nacion"],"_links":{"self":[{"href":"https:\/\/elcontemporaneo.mx\/index.php\/wp-json\/wp\/v2\/posts\/544","targetHints":{"allow":["GET"]}}],"collection":[{"href":"https:\/\/elcontemporaneo.mx\/index.php\/wp-json\/wp\/v2\/posts"}],"about":[{"href":"https:\/\/elcontemporaneo.mx\/index.php\/wp-json\/wp\/v2\/types\/post"}],"author":[{"embeddable":true,"href":"https:\/\/elcontemporaneo.mx\/index.php\/wp-json\/wp\/v2\/users\/2"}],"replies":[{"embeddable":true,"href":"https:\/\/elcontemporaneo.mx\/index.php\/wp-json\/wp\/v2\/comments?post=544"}],"version-history":[{"count":2,"href":"https:\/\/elcontemporaneo.mx\/index.php\/wp-json\/wp\/v2\/posts\/544\/revisions"}],"predecessor-version":[{"id":546,"href":"https:\/\/elcontemporaneo.mx\/index.php\/wp-json\/wp\/v2\/posts\/544\/revisions\/546"}],"wp:attachment":[{"href":"https:\/\/elcontemporaneo.mx\/index.php\/wp-json\/wp\/v2\/media?parent=544"}],"wp:term":[{"taxonomy":"category","embeddable":true,"href":"https:\/\/elcontemporaneo.mx\/index.php\/wp-json\/wp\/v2\/categories?post=544"},{"taxonomy":"post_tag","embeddable":true,"href":"https:\/\/elcontemporaneo.mx\/index.php\/wp-json\/wp\/v2\/tags?post=544"},{"taxonomy":"columnista","embeddable":true,"href":"https:\/\/elcontemporaneo.mx\/index.php\/wp-json\/wp\/v2\/columnista?post=544"}],"curies":[{"name":"wp","href":"https:\/\/api.w.org\/{rel}","templated":true}]}}