{"id":571,"date":"2025-10-20T23:58:39","date_gmt":"2025-10-21T05:58:39","guid":{"rendered":"https:\/\/elcontemporaneo.mx\/?p=571"},"modified":"2025-10-21T00:06:09","modified_gmt":"2025-10-21T06:06:09","slug":"estrena-silvana-estrada-vendran-suaves-lluvias","status":"publish","type":"post","link":"https:\/\/elcontemporaneo.mx\/index.php\/2025\/10\/20\/estrena-silvana-estrada-vendran-suaves-lluvias\/","title":{"rendered":"Estrena Silvana Estrada &#8220;Vendr\u00e1n Suaves Lluvias&#8221;"},"content":{"rendered":"<p><img loading=\"lazy\" decoding=\"async\" class=\"aligncenter wp-image-572 size-large\" src=\"https:\/\/elcontemporaneo.mx\/wp-content\/uploads\/2025\/10\/unnamed-4-1024x699.webp\" alt=\"\" width=\"1024\" height=\"699\" srcset=\"https:\/\/elcontemporaneo.mx\/wp-content\/uploads\/2025\/10\/unnamed-4-1024x699.webp 1024w, https:\/\/elcontemporaneo.mx\/wp-content\/uploads\/2025\/10\/unnamed-4-300x205.webp 300w, https:\/\/elcontemporaneo.mx\/wp-content\/uploads\/2025\/10\/unnamed-4-768x525.webp 768w, https:\/\/elcontemporaneo.mx\/wp-content\/uploads\/2025\/10\/unnamed-4.webp 1180w\" sizes=\"auto, (max-width: 1024px) 100vw, 1024px\" \/><\/p>\n<p><span style=\"font-weight: 400;\">La cantautora mexicana Silvana Estrada lanz\u00f3 su \u00e1lbum\u00a0 <em>Vendr\u00e1n Suaves Lluvias,<\/em> compilado de canciones escritas y producidas por ella que incluyen &#8220;Como un P\u00e1jaro&#8221;, tema por el cual est\u00e1 nominada al Latin Grammy como <\/span><i><span style=\"font-weight: 400;\">Mejor Canci\u00f3n de Cantautora<\/span><\/i><span style=\"font-weight: 400;\">.<\/span><\/p>\n<p><span style=\"font-weight: 400;\">Asimismo, se estren\u00f3 su Tiny Desk para NPR Music (serie de conciertos \u00edntimos), donde cont\u00f3 con una proyecci\u00f3n multitudinaria para fans y prensa en el Teatro Metrop\u00f3litan de la Ciudad de M\u00e9xico; es la primera vez que un Tiny se presenta en ese formato masivo.<\/span><\/p>\n<p><span style=\"font-weight: 400;\">&#8220;Vendr\u00e1n Suaves Lluvias&#8221; representa el proyecto m\u00e1s \u00edntimo y transformador de la artista veracruzana. Gestado durante los \u00faltimos tres a\u00f1os, el \u00e1lbum nace como un testimonio de resiliencia y renacimiento, donde la cantante documenta su b\u00fasqueda para reencontrarse y reconectar con su energ\u00eda vital.<\/span><\/p>\n<p><span style=\"font-weight: 400;\">&#8220;Este proyecto naci\u00f3 del intento de transformar el malestar en esperanza, de no dejar de mirar hacia la luz a pesar de la rabia&#8221; , explic\u00f3.\u00a0<\/span><\/p>\n<p><span style=\"font-weight: 400;\">El disco aborda temas universales como el desamor, la desconexi\u00f3n humana y la p\u00e9rdida, pero desde una perspectiva luminosa y esperanzadora. Las canciones, algunas concebidas durante la pandemia y otras en meses recientes, construyen un recorrido emocional que transita desde la introspecci\u00f3n m\u00e1s profunda hasta la celebraci\u00f3n de la vida.<\/span><\/p>\n<p><span style=\"font-weight: 400;\">El resultado es un collage musical acompa\u00f1ado de arpa, orquesta, pedal steel, trompeta, entre otros instrumentos que tejen una narrativa sonora.\u00a0<\/span><\/p>\n<p><span style=\"font-weight: 400;\">&#8220;La libertad de elegir los sonidos que deseaba al principio me aterraba\u201d, &#8220;pero cuando me permit\u00ed escuchar con atenci\u00f3n a mi intuici\u00f3n, poco a poco comenz\u00f3 a formarse un mundo sincero y transparente&#8221;, indic\u00f3.<\/span><\/p>\n<p><span style=\"font-weight: 400;\">El \u00e1lbum llega tras &#8220;Marchita&#8221; (2022), aclamado por The New York Times, Pitchfork, BBC Radio y Rolling Stone, y el EP &#8220;Abrazo&#8221;, que incluy\u00f3 el himno feminista &#8220;Si Me Matan&#8221;, declarado por la BBC como &#8220;un himno para los derechos de las mujeres\u201d.\u00a0<\/span><\/p>\n<p><span style=\"font-weight: 400;\">Con el arribo del \u00e1lbum, llega tambi\u00e9n el video oficial de\u00a0 &#8220;Flores&#8221; , uno de los 10 temas del disco. Como ocurri\u00f3 en los videos de\u00a0 &#8220;Dime&#8221;\u00a0 y\u00a0 &#8220;No te Vayas sin Saber&#8221; , fue codirigido por Silvana y Edwin Erazo y cont\u00f3 con la coreograf\u00eda de\u00a0 Carla Segovia. Fue grabado en el Parque Ecotur\u00edstico Corral de Piedra, en el Estado de M\u00e9xico.<\/span><\/p>\n<p><strong><em>*Foto: Jes\u00fas Soto Fuentes<\/em><\/strong><\/p>\n","protected":false},"excerpt":{"rendered":"<p>La cantautora mexicana Silvana Estrada lanz\u00f3 su \u00e1lbum\u00a0 Vendr\u00e1n Suaves Lluvias, compilado de canciones escritas y producidas por ella que incluyen &#8220;Como un P\u00e1jaro&#8221;, tema por el cual est\u00e1 nominada al Latin Grammy como Mejor Canci\u00f3n de Cantautora. Asimismo, se estren\u00f3 su Tiny Desk para NPR Music (serie de conciertos \u00edntimos), donde cont\u00f3 con una [&hellip;]<\/p>\n","protected":false},"author":2,"featured_media":0,"comment_status":"open","ping_status":"open","sticky":false,"template":"","format":"standard","meta":{"site-sidebar-layout":"default","site-content-layout":"","ast-site-content-layout":"default","site-content-style":"default","site-sidebar-style":"default","ast-global-header-display":"","ast-banner-title-visibility":"","ast-main-header-display":"","ast-hfb-above-header-display":"","ast-hfb-below-header-display":"","ast-hfb-mobile-header-display":"","site-post-title":"","ast-breadcrumbs-content":"","ast-featured-img":"","footer-sml-layout":"","ast-disable-related-posts":"","theme-transparent-header-meta":"default","adv-header-id-meta":"","stick-header-meta":"","header-above-stick-meta":"","header-main-stick-meta":"","header-below-stick-meta":"","astra-migrate-meta-layouts":"set","ast-page-background-enabled":"default","ast-page-background-meta":{"desktop":{"background-color":"var(--ast-global-color-4)","background-image":"","background-repeat":"repeat","background-position":"center center","background-size":"auto","background-attachment":"scroll","background-type":"","background-media":"","overlay-type":"","overlay-color":"","overlay-opacity":"","overlay-gradient":""},"tablet":{"background-color":"","background-image":"","background-repeat":"repeat","background-position":"center center","background-size":"auto","background-attachment":"scroll","background-type":"","background-media":"","overlay-type":"","overlay-color":"","overlay-opacity":"","overlay-gradient":""},"mobile":{"background-color":"","background-image":"","background-repeat":"repeat","background-position":"center center","background-size":"auto","background-attachment":"scroll","background-type":"","background-media":"","overlay-type":"","overlay-color":"","overlay-opacity":"","overlay-gradient":""}},"ast-content-background-meta":{"desktop":{"background-color":"var(--ast-global-color-5)","background-image":"","background-repeat":"repeat","background-position":"center center","background-size":"auto","background-attachment":"scroll","background-type":"","background-media":"","overlay-type":"","overlay-color":"","overlay-opacity":"","overlay-gradient":""},"tablet":{"background-color":"var(--ast-global-color-5)","background-image":"","background-repeat":"repeat","background-position":"center center","background-size":"auto","background-attachment":"scroll","background-type":"","background-media":"","overlay-type":"","overlay-color":"","overlay-opacity":"","overlay-gradient":""},"mobile":{"background-color":"var(--ast-global-color-5)","background-image":"","background-repeat":"repeat","background-position":"center center","background-size":"auto","background-attachment":"scroll","background-type":"","background-media":"","overlay-type":"","overlay-color":"","overlay-opacity":"","overlay-gradient":""}},"footnotes":""},"categories":[6],"tags":[],"columnista":[],"class_list":["post-571","post","type-post","status-publish","format-standard","hentry","category-estilo-de-vida"],"_links":{"self":[{"href":"https:\/\/elcontemporaneo.mx\/index.php\/wp-json\/wp\/v2\/posts\/571","targetHints":{"allow":["GET"]}}],"collection":[{"href":"https:\/\/elcontemporaneo.mx\/index.php\/wp-json\/wp\/v2\/posts"}],"about":[{"href":"https:\/\/elcontemporaneo.mx\/index.php\/wp-json\/wp\/v2\/types\/post"}],"author":[{"embeddable":true,"href":"https:\/\/elcontemporaneo.mx\/index.php\/wp-json\/wp\/v2\/users\/2"}],"replies":[{"embeddable":true,"href":"https:\/\/elcontemporaneo.mx\/index.php\/wp-json\/wp\/v2\/comments?post=571"}],"version-history":[{"count":4,"href":"https:\/\/elcontemporaneo.mx\/index.php\/wp-json\/wp\/v2\/posts\/571\/revisions"}],"predecessor-version":[{"id":576,"href":"https:\/\/elcontemporaneo.mx\/index.php\/wp-json\/wp\/v2\/posts\/571\/revisions\/576"}],"wp:attachment":[{"href":"https:\/\/elcontemporaneo.mx\/index.php\/wp-json\/wp\/v2\/media?parent=571"}],"wp:term":[{"taxonomy":"category","embeddable":true,"href":"https:\/\/elcontemporaneo.mx\/index.php\/wp-json\/wp\/v2\/categories?post=571"},{"taxonomy":"post_tag","embeddable":true,"href":"https:\/\/elcontemporaneo.mx\/index.php\/wp-json\/wp\/v2\/tags?post=571"},{"taxonomy":"columnista","embeddable":true,"href":"https:\/\/elcontemporaneo.mx\/index.php\/wp-json\/wp\/v2\/columnista?post=571"}],"curies":[{"name":"wp","href":"https:\/\/api.w.org\/{rel}","templated":true}]}}