{"id":596,"date":"2025-10-23T23:02:21","date_gmt":"2025-10-24T05:02:21","guid":{"rendered":"https:\/\/elcontemporaneo.mx\/?p=596"},"modified":"2025-10-23T23:02:21","modified_gmt":"2025-10-24T05:02:21","slug":"todo-listo-para-el-gran-premio-cdmx","status":"publish","type":"post","link":"https:\/\/elcontemporaneo.mx\/index.php\/2025\/10\/23\/todo-listo-para-el-gran-premio-cdmx\/","title":{"rendered":"Todo listo para el Gran Premio CDMX"},"content":{"rendered":"<p>La espera termin\u00f3, y el Gran Premio llega a Ciudad de M\u00e9xico para celebrar su d\u00e9cimo aniversario en el campeonato de autom\u00f3viles.<\/p>\n<p>Este a\u00f1o el Aut\u00f3dromo Hermanos Rodr\u00edguez se vestir\u00e1 de gala para recibir a las escuder\u00edas, y para esta edici\u00f3n, la F1 le cambi\u00f3 el nombre a los equipos: Ferrari como El Caballo Rampante, Red Bull como los Toros Rojos, Mercedes son las Flechas Plateadas, McLaren son los Papayas Campeones, Williams como los Guillermos, Racing Bulls como los Toros de Carrera, Alpine como los Alpinos, Haas como los J\u00e1as, y Sauber son los Limbios.<\/p>\n<p>Y aunque todos esperaban la llegada de Checo P\u00e9rez al evento, el tapat\u00edo inform\u00f3 que no asistir\u00e1, y que contin\u00faa con su acontecimiento f\u00edsico para su regreso en 2026 a la F1 con su nuevo equipo Cadillac<\/p>\n<p>Horarios para el Gran Premio Ciudad de M\u00e9xico.<\/p>\n<p><strong>Viernes 24 de octubre:<\/strong><br \/>\nPr\u00e1ctica 1: 12:30 h<br \/>\nPr\u00e1ctica 2: 16:00 h<\/p>\n<p><strong>S\u00e1bado 25 de octubre:<\/strong><br \/>\nPr\u00e1ctica 3: 11:30 h<br \/>\nCalificaci\u00f3n: 15:00 h<\/p>\n<p><strong>Domingo 26 de octubre:<\/strong><br \/>\nCarrera: 14:00 h<\/p>\n","protected":false},"excerpt":{"rendered":"<p>La espera termin\u00f3, y el Gran Premio llega a Ciudad de M\u00e9xico para celebrar su d\u00e9cimo aniversario en el campeonato de autom\u00f3viles. Este a\u00f1o el Aut\u00f3dromo Hermanos Rodr\u00edguez se vestir\u00e1 de gala para recibir a las escuder\u00edas, y para esta edici\u00f3n, la F1 le cambi\u00f3 el nombre a los equipos: Ferrari como El Caballo Rampante, [&hellip;]<\/p>\n","protected":false},"author":2,"featured_media":0,"comment_status":"open","ping_status":"open","sticky":false,"template":"","format":"standard","meta":{"site-sidebar-layout":"default","site-content-layout":"","ast-site-content-layout":"default","site-content-style":"default","site-sidebar-style":"default","ast-global-header-display":"","ast-banner-title-visibility":"","ast-main-header-display":"","ast-hfb-above-header-display":"","ast-hfb-below-header-display":"","ast-hfb-mobile-header-display":"","site-post-title":"","ast-breadcrumbs-content":"","ast-featured-img":"","footer-sml-layout":"","ast-disable-related-posts":"","theme-transparent-header-meta":"default","adv-header-id-meta":"","stick-header-meta":"","header-above-stick-meta":"","header-main-stick-meta":"","header-below-stick-meta":"","astra-migrate-meta-layouts":"set","ast-page-background-enabled":"default","ast-page-background-meta":{"desktop":{"background-color":"var(--ast-global-color-4)","background-image":"","background-repeat":"repeat","background-position":"center center","background-size":"auto","background-attachment":"scroll","background-type":"","background-media":"","overlay-type":"","overlay-color":"","overlay-opacity":"","overlay-gradient":""},"tablet":{"background-color":"","background-image":"","background-repeat":"repeat","background-position":"center center","background-size":"auto","background-attachment":"scroll","background-type":"","background-media":"","overlay-type":"","overlay-color":"","overlay-opacity":"","overlay-gradient":""},"mobile":{"background-color":"","background-image":"","background-repeat":"repeat","background-position":"center center","background-size":"auto","background-attachment":"scroll","background-type":"","background-media":"","overlay-type":"","overlay-color":"","overlay-opacity":"","overlay-gradient":""}},"ast-content-background-meta":{"desktop":{"background-color":"var(--ast-global-color-5)","background-image":"","background-repeat":"repeat","background-position":"center center","background-size":"auto","background-attachment":"scroll","background-type":"","background-media":"","overlay-type":"","overlay-color":"","overlay-opacity":"","overlay-gradient":""},"tablet":{"background-color":"var(--ast-global-color-5)","background-image":"","background-repeat":"repeat","background-position":"center center","background-size":"auto","background-attachment":"scroll","background-type":"","background-media":"","overlay-type":"","overlay-color":"","overlay-opacity":"","overlay-gradient":""},"mobile":{"background-color":"var(--ast-global-color-5)","background-image":"","background-repeat":"repeat","background-position":"center center","background-size":"auto","background-attachment":"scroll","background-type":"","background-media":"","overlay-type":"","overlay-color":"","overlay-opacity":"","overlay-gradient":""}},"footnotes":""},"categories":[6],"tags":[],"columnista":[],"class_list":["post-596","post","type-post","status-publish","format-standard","hentry","category-estilo-de-vida"],"_links":{"self":[{"href":"https:\/\/elcontemporaneo.mx\/index.php\/wp-json\/wp\/v2\/posts\/596","targetHints":{"allow":["GET"]}}],"collection":[{"href":"https:\/\/elcontemporaneo.mx\/index.php\/wp-json\/wp\/v2\/posts"}],"about":[{"href":"https:\/\/elcontemporaneo.mx\/index.php\/wp-json\/wp\/v2\/types\/post"}],"author":[{"embeddable":true,"href":"https:\/\/elcontemporaneo.mx\/index.php\/wp-json\/wp\/v2\/users\/2"}],"replies":[{"embeddable":true,"href":"https:\/\/elcontemporaneo.mx\/index.php\/wp-json\/wp\/v2\/comments?post=596"}],"version-history":[{"count":1,"href":"https:\/\/elcontemporaneo.mx\/index.php\/wp-json\/wp\/v2\/posts\/596\/revisions"}],"predecessor-version":[{"id":597,"href":"https:\/\/elcontemporaneo.mx\/index.php\/wp-json\/wp\/v2\/posts\/596\/revisions\/597"}],"wp:attachment":[{"href":"https:\/\/elcontemporaneo.mx\/index.php\/wp-json\/wp\/v2\/media?parent=596"}],"wp:term":[{"taxonomy":"category","embeddable":true,"href":"https:\/\/elcontemporaneo.mx\/index.php\/wp-json\/wp\/v2\/categories?post=596"},{"taxonomy":"post_tag","embeddable":true,"href":"https:\/\/elcontemporaneo.mx\/index.php\/wp-json\/wp\/v2\/tags?post=596"},{"taxonomy":"columnista","embeddable":true,"href":"https:\/\/elcontemporaneo.mx\/index.php\/wp-json\/wp\/v2\/columnista?post=596"}],"curies":[{"name":"wp","href":"https:\/\/api.w.org\/{rel}","templated":true}]}}