{"id":598,"date":"2025-10-24T00:06:35","date_gmt":"2025-10-24T06:06:35","guid":{"rendered":"https:\/\/elcontemporaneo.mx\/?p=598"},"modified":"2025-10-24T00:11:52","modified_gmt":"2025-10-24T06:11:52","slug":"celebra-dia-de-muertos-con-estas-actividades","status":"publish","type":"post","link":"https:\/\/elcontemporaneo.mx\/index.php\/2025\/10\/24\/celebra-dia-de-muertos-con-estas-actividades\/","title":{"rendered":"Celebra D\u00eda de Muertos con estas actividades"},"content":{"rendered":"<p><img loading=\"lazy\" decoding=\"async\" class=\"wp-image-599 size-large aligncenter\" src=\"https:\/\/elcontemporaneo.mx\/wp-content\/uploads\/2025\/10\/22931-GAL-inbal_celebra_el_dIa_de_muertos_con_talleres__conciertos_y_narraciones-1024x682.webp\" alt=\"\" width=\"1024\" height=\"682\" srcset=\"https:\/\/elcontemporaneo.mx\/wp-content\/uploads\/2025\/10\/22931-GAL-inbal_celebra_el_dIa_de_muertos_con_talleres__conciertos_y_narraciones-1024x682.webp 1024w, https:\/\/elcontemporaneo.mx\/wp-content\/uploads\/2025\/10\/22931-GAL-inbal_celebra_el_dIa_de_muertos_con_talleres__conciertos_y_narraciones-300x200.webp 300w, https:\/\/elcontemporaneo.mx\/wp-content\/uploads\/2025\/10\/22931-GAL-inbal_celebra_el_dIa_de_muertos_con_talleres__conciertos_y_narraciones-768x512.webp 768w, https:\/\/elcontemporaneo.mx\/wp-content\/uploads\/2025\/10\/22931-GAL-inbal_celebra_el_dIa_de_muertos_con_talleres__conciertos_y_narraciones.webp 1280w\" sizes=\"auto, (max-width: 1024px) 100vw, 1024px\" \/><\/p>\n<p><span style=\"font-weight: 400;\">Con motivo de la celebraci\u00f3n de D\u00eda de Muertos, te presentamos algunos eventos que podr\u00e1s disfrutar en familia:<\/span><\/p>\n<p><b>Museo Nacional de la Estampa<\/b><\/p>\n<p><span style=\"font-weight: 400;\">Ofrecer\u00e1 una serie de talleres relacionados con la celebraci\u00f3n mortuoria y con la exposici\u00f3n <\/span><i><span style=\"font-weight: 400;\">Del velorio al jolgorio<\/span><\/i><span style=\"font-weight: 400;\">.\u00a0<\/span><\/p>\n<p><span style=\"font-weight: 400;\">Encuentro de gr\u00e1fica. El primer taller, <\/span><i><span style=\"font-weight: 400;\">Estampa tu calavera postal,<\/span><\/i><span style=\"font-weight: 400;\"> se realizar\u00e1 el 26 de octubre, de 11 a 15 h.<\/span><\/p>\n<p><span style=\"font-weight: 400;\">El 25 de octubre, se realizar\u00e1 Estampa guiada y estampa creativa donde se busca vincular al p\u00fablico con los procesos del grabado desde una perspectiva sustentable y experimental.<\/span><\/p>\n<p><span style=\"font-weight: 400;\">Grabados ecofriendly, el 25 de octubre, de 15 a 17 h, y el 1 de noviembre, de 12 a 15 h, en el que se trabajar\u00e1 a partir de un cuadro de tetra pak.<\/span><\/p>\n<p><i><span style=\"font-weight: 400;\">Linotattos y estampado con prensa<\/span><\/i><span style=\"font-weight: 400;\">, el 26 de octubre, de 11 a 17 h, y el 29 de octubre, de 18 a 20 h, donde se aplicar\u00e1 un linotatuaje y se ense\u00f1ar\u00e1 a imprimir una placa en la prensa.<\/span><\/p>\n<p><span style=\"font-weight: 400;\">Se impartir\u00e1 <\/span><i><span style=\"font-weight: 400;\">Camino al pante\u00f3n se arm\u00f3 el cumbi\u00f3n<\/span><\/i><span style=\"font-weight: 400;\">, el 29 de octubre, de 18 a 20 h, un taller de serigraf\u00eda en el que se realizar\u00e1n estampados alusivos al D\u00eda de Muertos.<\/span><\/p>\n<p><span style=\"font-weight: 400;\">Impresi\u00f3n en barro, el 1 de noviembre, de 11 a 17 h, en el que se crear\u00e1 un personaje \u00fanico que se imprimir\u00e1 en barro.<\/span><\/p>\n<p><i><span style=\"font-weight: 400;\">Upcycling grafikero<\/span><\/i><span style=\"font-weight: 400;\">, el 2 de noviembre, de 13 a 16 h, en el que se abordar\u00e1 el proceso de estampado.<\/span><\/p>\n<p><b>Museo Nacional de San Carlos\u00a0<\/b><\/p>\n<p><span style=\"font-weight: 400;\">El 26 de octubre, la actividad Domingo de t\u00e9cnica. Taller de modelado en barro: luz y fugacidad, en el que los participantes modelar\u00e1n un cr\u00e1neo con barro.<\/span><\/p>\n<p><span style=\"font-weight: 400;\">Noche de Museos. Visita guiada + taller de exvotos, el 29 de octubre, a las 19 h, en el marco de la exposici\u00f3n <\/span><i><span style=\"font-weight: 400;\">El beso de la muerte<\/span><\/i><span style=\"font-weight: 400;\">.\u00a0<\/span><\/p>\n<p><b>Museo Nacional de Arte (MUNAL)\u00a0<\/b><\/p>\n<p><span style=\"font-weight: 400;\"><em>Entre calaveras y arte<\/em>, el 1 y 2 de noviembre, de 12 a 17 h, donde las y los participantes podr\u00e1n elaborar una calaverita inspirada en las y los artistas de la colecci\u00f3n del MUNAL.<\/span><\/p>\n<p><i><span style=\"font-weight: 400;\">Una aventura en D\u00eda de Muertos<\/span><\/i><span style=\"font-weight: 400;\">, el 8 y 9 de noviembre, a las 12 h, con la participaci\u00f3n del equipo de inclusi\u00f3n del museo y Los Cucuruchitos, quienes presentar\u00e1n una obra con la tem\u00e1tica del D\u00eda de Muertos para personas sordas. Se contar\u00e1 con int\u00e9rprete en Lengua de Se\u00f1as Mexicana.<\/span><\/p>\n<p><b>Museo Casa Estudio Diego Rivera y Frida Kahlo<\/b><\/p>\n<p><span style=\"font-weight: 400;\"><em>Cuentos escalofriantes<\/em>, el 29 de octubre, a las 18:30 h, con leyendas del folclor mexicano a cargo de un cuentacuentos.<\/span><\/p>\n<p><span style=\"font-weight: 400;\"><em>Elaboraci\u00f3n de tarjetas pop-up del D\u00eda de Muertos<\/em>, del 30 de octubre al 2 de noviembre, de jueves a domingo, a las 11 h, en colaboraci\u00f3n con el Museo Dolores Olmedo. A partir de la t\u00e9cnica pop-up, los participantes podr\u00e1n crear su propia tarjeta del D\u00eda de Muertos.<\/span><\/p>\n<p><b>Museo Arte Moderno\u00a0<\/b><\/p>\n<p><i><span style=\"font-weight: 400;\">Utop\u00edas sin fronteras<\/span><\/i><span style=\"font-weight: 400;\">, el 31 de octubre, de 10 a 14 h, donde se invitar\u00e1 a ni\u00f1as y ni\u00f1os a conocer las tradiciones del D\u00eda de Muertos a trav\u00e9s de algunas obras del museo.<\/span><\/p>\n<p><b>Museo Mural Diego Rivera<\/b><\/p>\n<p><span style=\"font-weight: 400;\"><em>Performance-conferencia La Catrina<\/em>: <em>del grabado al \u00edcono, el 1\u00ba de noviembre<\/em>, a las 18:30 h, a cargo de Erika Mayoral, quien honrar\u00e1 la memoria de las personas que perecieron en el sismo de 1985.<\/span><\/p>\n<p><b>La Tallera, en Cuernavaca, Morelos<\/b><\/p>\n<p><span style=\"font-weight: 400;\"><em>Festival Terror: Susurros en la hierba<\/em>, impartido por Andrea Thomsen el 29 de octubre, a las 18h, con la participaci\u00f3n de un grupo de narradores en el \u00e1rea del jard\u00edn.<\/span><\/p>\n<p><i><span style=\"font-weight: 400;\">Festival Terrora: El cubo negro de Saturno<\/span><\/i><span style=\"font-weight: 400;\">, impartido por Javier Tapia el 30 de octubre, a las 17 h, basado en el cubo negro de Saturno como emblema de contenci\u00f3n y tiempo petrificado.<\/span><\/p>\n<p><b>Museo de Arte de Ciudad Ju\u00e1rez\u00a0<\/b><\/p>\n<p><span style=\"font-weight: 400;\">Realizar\u00e1 la charla D\u00eda de Muertos: un andar entre memorias del museo, en la que se compartir\u00e1n recuerdos sobre esta festividad.<\/span><\/p>\n<p><b>La Orquesta de C\u00e1mara de Bellas Artes<\/b><span style=\"font-weight: 400;\"> ofrecer\u00e1, el 30 de octubre, a las 20 h, en la Sala Principal del Palacio de Bellas Artes, <em>el Programa 7: Encuentros con la vida y la muerte<\/em>, con la participaci\u00f3n de la cantante Rosy Arango.\u00a0<\/span><\/p>\n<p><i><span style=\"font-weight: 400;\">De mis ra\u00edces<\/span><\/i><span style=\"font-weight: 400;\"> se ofrecer\u00e1 dentro del ciclo <em>La hora del cuento<\/em>, el 12 de noviembre, a las 18 horas, en el Foro Esther Seligson del Centro de Creaci\u00f3n Literaria Xavier Villaurrutia. Estar\u00e1 dedicada a la narraci\u00f3n oral de relatos, leyendas, an\u00e9cdotas y calaveritas que evocan el misterio de los caminos de la vida y la muerte.<\/span><\/p>\n<p><strong><em>*Con informaci\u00f3n de Inbal<\/em><\/strong><\/p>\n","protected":false},"excerpt":{"rendered":"<p>Con motivo de la celebraci\u00f3n de D\u00eda de Muertos, te presentamos algunos eventos que podr\u00e1s disfrutar en familia: Museo Nacional de la Estampa Ofrecer\u00e1 una serie de talleres relacionados con la celebraci\u00f3n mortuoria y con la exposici\u00f3n Del velorio al jolgorio.\u00a0 Encuentro de gr\u00e1fica. El primer taller, Estampa tu calavera postal, se realizar\u00e1 el 26 [&hellip;]<\/p>\n","protected":false},"author":2,"featured_media":0,"comment_status":"open","ping_status":"open","sticky":false,"template":"","format":"standard","meta":{"site-sidebar-layout":"default","site-content-layout":"","ast-site-content-layout":"default","site-content-style":"default","site-sidebar-style":"default","ast-global-header-display":"","ast-banner-title-visibility":"","ast-main-header-display":"","ast-hfb-above-header-display":"","ast-hfb-below-header-display":"","ast-hfb-mobile-header-display":"","site-post-title":"","ast-breadcrumbs-content":"","ast-featured-img":"","footer-sml-layout":"","ast-disable-related-posts":"","theme-transparent-header-meta":"default","adv-header-id-meta":"","stick-header-meta":"","header-above-stick-meta":"","header-main-stick-meta":"","header-below-stick-meta":"","astra-migrate-meta-layouts":"set","ast-page-background-enabled":"default","ast-page-background-meta":{"desktop":{"background-color":"var(--ast-global-color-4)","background-image":"","background-repeat":"repeat","background-position":"center center","background-size":"auto","background-attachment":"scroll","background-type":"","background-media":"","overlay-type":"","overlay-color":"","overlay-opacity":"","overlay-gradient":""},"tablet":{"background-color":"","background-image":"","background-repeat":"repeat","background-position":"center center","background-size":"auto","background-attachment":"scroll","background-type":"","background-media":"","overlay-type":"","overlay-color":"","overlay-opacity":"","overlay-gradient":""},"mobile":{"background-color":"","background-image":"","background-repeat":"repeat","background-position":"center center","background-size":"auto","background-attachment":"scroll","background-type":"","background-media":"","overlay-type":"","overlay-color":"","overlay-opacity":"","overlay-gradient":""}},"ast-content-background-meta":{"desktop":{"background-color":"var(--ast-global-color-5)","background-image":"","background-repeat":"repeat","background-position":"center center","background-size":"auto","background-attachment":"scroll","background-type":"","background-media":"","overlay-type":"","overlay-color":"","overlay-opacity":"","overlay-gradient":""},"tablet":{"background-color":"var(--ast-global-color-5)","background-image":"","background-repeat":"repeat","background-position":"center center","background-size":"auto","background-attachment":"scroll","background-type":"","background-media":"","overlay-type":"","overlay-color":"","overlay-opacity":"","overlay-gradient":""},"mobile":{"background-color":"var(--ast-global-color-5)","background-image":"","background-repeat":"repeat","background-position":"center center","background-size":"auto","background-attachment":"scroll","background-type":"","background-media":"","overlay-type":"","overlay-color":"","overlay-opacity":"","overlay-gradient":""}},"footnotes":""},"categories":[5],"tags":[],"columnista":[],"class_list":["post-598","post","type-post","status-publish","format-standard","hentry","category-arte"],"_links":{"self":[{"href":"https:\/\/elcontemporaneo.mx\/index.php\/wp-json\/wp\/v2\/posts\/598","targetHints":{"allow":["GET"]}}],"collection":[{"href":"https:\/\/elcontemporaneo.mx\/index.php\/wp-json\/wp\/v2\/posts"}],"about":[{"href":"https:\/\/elcontemporaneo.mx\/index.php\/wp-json\/wp\/v2\/types\/post"}],"author":[{"embeddable":true,"href":"https:\/\/elcontemporaneo.mx\/index.php\/wp-json\/wp\/v2\/users\/2"}],"replies":[{"embeddable":true,"href":"https:\/\/elcontemporaneo.mx\/index.php\/wp-json\/wp\/v2\/comments?post=598"}],"version-history":[{"count":5,"href":"https:\/\/elcontemporaneo.mx\/index.php\/wp-json\/wp\/v2\/posts\/598\/revisions"}],"predecessor-version":[{"id":604,"href":"https:\/\/elcontemporaneo.mx\/index.php\/wp-json\/wp\/v2\/posts\/598\/revisions\/604"}],"wp:attachment":[{"href":"https:\/\/elcontemporaneo.mx\/index.php\/wp-json\/wp\/v2\/media?parent=598"}],"wp:term":[{"taxonomy":"category","embeddable":true,"href":"https:\/\/elcontemporaneo.mx\/index.php\/wp-json\/wp\/v2\/categories?post=598"},{"taxonomy":"post_tag","embeddable":true,"href":"https:\/\/elcontemporaneo.mx\/index.php\/wp-json\/wp\/v2\/tags?post=598"},{"taxonomy":"columnista","embeddable":true,"href":"https:\/\/elcontemporaneo.mx\/index.php\/wp-json\/wp\/v2\/columnista?post=598"}],"curies":[{"name":"wp","href":"https:\/\/api.w.org\/{rel}","templated":true}]}}