{"id":607,"date":"2025-10-24T17:25:58","date_gmt":"2025-10-24T23:25:58","guid":{"rendered":"https:\/\/elcontemporaneo.mx\/?p=607"},"modified":"2025-10-24T17:25:58","modified_gmt":"2025-10-24T23:25:58","slug":"24-octubre-dia-internacional-contra-el-cambio-climatico","status":"publish","type":"post","link":"https:\/\/elcontemporaneo.mx\/index.php\/2025\/10\/24\/24-octubre-dia-internacional-contra-el-cambio-climatico\/","title":{"rendered":"24 octubre: D\u00eda Internacional Contra el Cambio Clim\u00e1tico"},"content":{"rendered":"<p><img loading=\"lazy\" decoding=\"async\" class=\"aligncenter wp-image-608 size-large\" src=\"https:\/\/elcontemporaneo.mx\/wp-content\/uploads\/2025\/10\/pexels-mali-802221-1024x681.webp\" alt=\"\" width=\"1024\" height=\"681\" srcset=\"https:\/\/elcontemporaneo.mx\/wp-content\/uploads\/2025\/10\/pexels-mali-802221-1024x681.webp 1024w, https:\/\/elcontemporaneo.mx\/wp-content\/uploads\/2025\/10\/pexels-mali-802221-300x200.webp 300w, https:\/\/elcontemporaneo.mx\/wp-content\/uploads\/2025\/10\/pexels-mali-802221-768x511.webp 768w, https:\/\/elcontemporaneo.mx\/wp-content\/uploads\/2025\/10\/pexels-mali-802221-1536x1022.webp 1536w, https:\/\/elcontemporaneo.mx\/wp-content\/uploads\/2025\/10\/pexels-mali-802221-2048x1362.webp 2048w\" sizes=\"auto, (max-width: 1024px) 100vw, 1024px\" \/><\/p>\n<p><span style=\"font-weight: 400;\">Para concientizar a la poblaci\u00f3n sobre las consecuencias y riesgos del cambio clim\u00e1tico, el 24 de octubre se conmemora el D\u00eda Internacional Contra el Cambio Clim\u00e1tico, instaurado por la Organizaci\u00f3n de las Naciones Unidas.\u00a0<\/span><\/p>\n<p><span style=\"font-weight: 400;\">Este d\u00eda, que coincide con el D\u00eda de las Naciones Unidas porque es el aniversario de la entrada en vigor de la Cara de las Naciones Unidas de 1945; es un motivo para sensibilizar sobre este riesgo e instar a las naciones a una cooperaci\u00f3n internacional para reducir las emisiones de gases de efecto invernadero de las industrias.\u00a0<\/span><\/p>\n<p><span style=\"font-weight: 400;\">Actualmente vemos las consecuencias del cambio clim\u00e1tico, tales como la extinci\u00f3n de especies, destrucci\u00f3n de h\u00e1bitats, desastres naturales, climas extremos, incendios, inundaciones y cambios en la producci\u00f3n agr\u00edcola.\u00a0<\/span><\/p>\n<p><span style=\"font-weight: 400;\">De acuerdo con el portal de Greenpeace M\u00e9xico en el An\u00e1lisis del Centro de Investigaci\u00f3n en Ciencias de Informaci\u00f3n Geoespacial, se estima que \u201cen el peor de los escenarios, m\u00e1s de tres millones de personas se desplazar\u00e1n de manera forzada en 2050\u201d.\u00a0<\/span><\/p>\n<p><span style=\"font-weight: 400;\">Debido a estas y m\u00e1s consecuencias a corto y mediano plazo, la sociedad puede aportar un granito de arena que har\u00e1 una diferencia enorme:\u00a0<\/span><\/p>\n<ol>\n<li style=\"font-weight: 400;\" aria-level=\"1\"><span style=\"font-weight: 400;\">Ahorra agua<\/span><\/li>\n<li style=\"font-weight: 400;\" aria-level=\"1\"><span style=\"font-weight: 400;\">Ahorra la energ\u00eda el\u00e9ctrica<\/span><\/li>\n<li style=\"font-weight: 400;\" aria-level=\"1\"><span style=\"font-weight: 400;\">Evita el uso de productos de pl\u00e1stico, y opta por opciones m\u00e1s amigables con el ambiente<\/span><\/li>\n<li style=\"font-weight: 400;\" aria-level=\"1\"><span style=\"font-weight: 400;\">Separa la basura en org\u00e1nica, inorg\u00e1nica reciclable (cart\u00f3n, papel, pl\u00e1stico, metal, vidrio, ropa y textiles, madera, tetrapack), inorg\u00e1nica no reciclaje (residuos sanitarios, pa\u00f1uelos usados, preservativos, toallas sanitarias, curitas, preservativos, pa\u00f1ales, envolturas met\u00e1licas, bol\u00edgrafos, colillas de cigarro), y residuos electr\u00f3nicos y muebles.\u00a0<\/span><\/li>\n<li style=\"font-weight: 400;\" aria-level=\"1\"><span style=\"font-weight: 400;\">Apaga los aparatos electr\u00f3nicos si no se est\u00e1n usando<\/span><\/li>\n<li style=\"font-weight: 400;\" aria-level=\"1\"><span style=\"font-weight: 400;\">Evita el sobreconsumismo<\/span><\/li>\n<li style=\"font-weight: 400;\" aria-level=\"1\"><span style=\"font-weight: 400;\">Opta por un jard\u00edn o \u00e1reas verdes con \u00e1rboles<\/span><\/li>\n<li style=\"font-weight: 400;\" aria-level=\"1\"><span style=\"font-weight: 400;\">Evita el uso del carro diariamente\u00a0<\/span><\/li>\n<li style=\"font-weight: 400;\" aria-level=\"1\"><span style=\"font-weight: 400;\">No quemes basura<\/span><\/li>\n<li style=\"font-weight: 400;\" aria-level=\"1\"><span style=\"font-weight: 400;\">No tires basura en las calles<\/span><\/li>\n<\/ol>\n<p><span style=\"font-weight: 400;\">*Con informaci\u00f3n de Greenpeace M\u00e9xico\u00a0<\/span><\/p>\n<p><span style=\"font-weight: 400;\">G\u00f3mez, J. (24 de octubre de 2025). <\/span><i><span style=\"font-weight: 400;\">D\u00eda contra el cambio clim\u00e1tico: \u00bfqu\u00e9 puedes hacer para evitarlo?<\/span><\/i><span style=\"font-weight: 400;\"> Greenpeace M\u00e9xico. Recuperado de<\/span> <a href=\"https:\/\/www.greenpeace.org\/mexico\/blog\/61483\/dia-contra-cambio-climatico-clima-energia\/\"><span style=\"font-weight: 400;\">https:\/\/www.greenpeace.org\/mexico\/blog\/61483\/dia-contra-cambio-climatico-clima-energia\/<\/span><\/a><\/p>\n<p><span style=\"font-weight: 400;\">*Con informaci\u00f3n de Gobierno de M\u00e9xico<\/span><\/p>\n<p><span style=\"font-weight: 400;\">Gobierno de M\u00e9xico (24 de octubre de 2025). <\/span><i><span style=\"font-weight: 400;\">D\u00eda Internacional contra el Cambio Clim\u00e1tico. <\/span><\/i><span style=\"font-weight: 400;\">Procuradur\u00eda Federal de Protecci\u00f3n al Ambiente. Recuperado de <\/span><a href=\"https:\/\/www.gob.mx\/profepa\/articulos\/dia-internacional-contra-el-cambio-climatico?idiom=es\"><span style=\"font-weight: 400;\">https:\/\/www.gob.mx\/profepa\/articulos\/dia-internacional-contra-el-cambio-climatico?idiom=es<\/span><\/a><\/p>\n","protected":false},"excerpt":{"rendered":"<p>Para concientizar a la poblaci\u00f3n sobre las consecuencias y riesgos del cambio clim\u00e1tico, el 24 de octubre se conmemora el D\u00eda Internacional Contra el Cambio Clim\u00e1tico, instaurado por la Organizaci\u00f3n de las Naciones Unidas.\u00a0 Este d\u00eda, que coincide con el D\u00eda de las Naciones Unidas porque es el aniversario de la entrada en vigor de [&hellip;]<\/p>\n","protected":false},"author":2,"featured_media":0,"comment_status":"open","ping_status":"open","sticky":false,"template":"","format":"standard","meta":{"site-sidebar-layout":"default","site-content-layout":"","ast-site-content-layout":"default","site-content-style":"default","site-sidebar-style":"default","ast-global-header-display":"","ast-banner-title-visibility":"","ast-main-header-display":"","ast-hfb-above-header-display":"","ast-hfb-below-header-display":"","ast-hfb-mobile-header-display":"","site-post-title":"","ast-breadcrumbs-content":"","ast-featured-img":"","footer-sml-layout":"","ast-disable-related-posts":"","theme-transparent-header-meta":"default","adv-header-id-meta":"","stick-header-meta":"","header-above-stick-meta":"","header-main-stick-meta":"","header-below-stick-meta":"","astra-migrate-meta-layouts":"set","ast-page-background-enabled":"default","ast-page-background-meta":{"desktop":{"background-color":"var(--ast-global-color-4)","background-image":"","background-repeat":"repeat","background-position":"center center","background-size":"auto","background-attachment":"scroll","background-type":"","background-media":"","overlay-type":"","overlay-color":"","overlay-opacity":"","overlay-gradient":""},"tablet":{"background-color":"","background-image":"","background-repeat":"repeat","background-position":"center center","background-size":"auto","background-attachment":"scroll","background-type":"","background-media":"","overlay-type":"","overlay-color":"","overlay-opacity":"","overlay-gradient":""},"mobile":{"background-color":"","background-image":"","background-repeat":"repeat","background-position":"center center","background-size":"auto","background-attachment":"scroll","background-type":"","background-media":"","overlay-type":"","overlay-color":"","overlay-opacity":"","overlay-gradient":""}},"ast-content-background-meta":{"desktop":{"background-color":"var(--ast-global-color-5)","background-image":"","background-repeat":"repeat","background-position":"center center","background-size":"auto","background-attachment":"scroll","background-type":"","background-media":"","overlay-type":"","overlay-color":"","overlay-opacity":"","overlay-gradient":""},"tablet":{"background-color":"var(--ast-global-color-5)","background-image":"","background-repeat":"repeat","background-position":"center center","background-size":"auto","background-attachment":"scroll","background-type":"","background-media":"","overlay-type":"","overlay-color":"","overlay-opacity":"","overlay-gradient":""},"mobile":{"background-color":"var(--ast-global-color-5)","background-image":"","background-repeat":"repeat","background-position":"center center","background-size":"auto","background-attachment":"scroll","background-type":"","background-media":"","overlay-type":"","overlay-color":"","overlay-opacity":"","overlay-gradient":""}},"footnotes":""},"categories":[8],"tags":[],"columnista":[],"class_list":["post-607","post","type-post","status-publish","format-standard","hentry","category-mundo"],"_links":{"self":[{"href":"https:\/\/elcontemporaneo.mx\/index.php\/wp-json\/wp\/v2\/posts\/607","targetHints":{"allow":["GET"]}}],"collection":[{"href":"https:\/\/elcontemporaneo.mx\/index.php\/wp-json\/wp\/v2\/posts"}],"about":[{"href":"https:\/\/elcontemporaneo.mx\/index.php\/wp-json\/wp\/v2\/types\/post"}],"author":[{"embeddable":true,"href":"https:\/\/elcontemporaneo.mx\/index.php\/wp-json\/wp\/v2\/users\/2"}],"replies":[{"embeddable":true,"href":"https:\/\/elcontemporaneo.mx\/index.php\/wp-json\/wp\/v2\/comments?post=607"}],"version-history":[{"count":1,"href":"https:\/\/elcontemporaneo.mx\/index.php\/wp-json\/wp\/v2\/posts\/607\/revisions"}],"predecessor-version":[{"id":609,"href":"https:\/\/elcontemporaneo.mx\/index.php\/wp-json\/wp\/v2\/posts\/607\/revisions\/609"}],"wp:attachment":[{"href":"https:\/\/elcontemporaneo.mx\/index.php\/wp-json\/wp\/v2\/media?parent=607"}],"wp:term":[{"taxonomy":"category","embeddable":true,"href":"https:\/\/elcontemporaneo.mx\/index.php\/wp-json\/wp\/v2\/categories?post=607"},{"taxonomy":"post_tag","embeddable":true,"href":"https:\/\/elcontemporaneo.mx\/index.php\/wp-json\/wp\/v2\/tags?post=607"},{"taxonomy":"columnista","embeddable":true,"href":"https:\/\/elcontemporaneo.mx\/index.php\/wp-json\/wp\/v2\/columnista?post=607"}],"curies":[{"name":"wp","href":"https:\/\/api.w.org\/{rel}","templated":true}]}}