{"id":733,"date":"2025-11-06T21:29:34","date_gmt":"2025-11-07T03:29:34","guid":{"rendered":"https:\/\/elcontemporaneo.mx\/?p=733"},"modified":"2025-11-06T21:36:16","modified_gmt":"2025-11-07T03:36:16","slug":"banxico-recorta-su-tasa-de-interes-a-7-25-ante-senales-de-desaceleracion-y-una-inflacion-que-continua-cediendo","status":"publish","type":"post","link":"https:\/\/elcontemporaneo.mx\/index.php\/2025\/11\/06\/banxico-recorta-su-tasa-de-interes-a-7-25-ante-senales-de-desaceleracion-y-una-inflacion-que-continua-cediendo\/","title":{"rendered":"Banxico recorta su tasa de inter\u00e9s a 7.25% ante se\u00f1ales de desaceleraci\u00f3n y una inflaci\u00f3n que contin\u00faa cediendo"},"content":{"rendered":"<p><img loading=\"lazy\" decoding=\"async\" class=\"aligncenter wp-image-735 size-large\" src=\"https:\/\/elcontemporaneo.mx\/wp-content\/uploads\/2025\/11\/stock-exchange-4785080_1280-1024x682.webp\" alt=\"\" width=\"1024\" height=\"682\" srcset=\"https:\/\/elcontemporaneo.mx\/wp-content\/uploads\/2025\/11\/stock-exchange-4785080_1280-1024x682.webp 1024w, https:\/\/elcontemporaneo.mx\/wp-content\/uploads\/2025\/11\/stock-exchange-4785080_1280-300x200.webp 300w, https:\/\/elcontemporaneo.mx\/wp-content\/uploads\/2025\/11\/stock-exchange-4785080_1280-768x512.webp 768w, https:\/\/elcontemporaneo.mx\/wp-content\/uploads\/2025\/11\/stock-exchange-4785080_1280.webp 1280w\" sizes=\"auto, (max-width: 1024px) 100vw, 1024px\" \/><\/p>\n<p>El Banco de M\u00e9xico anunci\u00f3 este jueves una reducci\u00f3n de 25 puntos base en la tasa de inter\u00e9s de referencia, que pasa de 7.50% a 7.25%.<\/p>\n<p>La decisi\u00f3n, que entrar\u00e1 en vigor el 7 de noviembre, responde a un entorno econ\u00f3mico en el que la actividad productiva muestra signos de enfriamiento y la inflaci\u00f3n mantiene una trayectoria descendente, aunque a\u00fan con riesgos.<\/p>\n<p>De acuerdo con el comunicado, la econom\u00eda global registr\u00f3 en el tercer trimestre un crecimiento m\u00e1s moderado respecto a los meses previos y se anticipa que contin\u00fae desaceler\u00e1ndose, especialmente en econom\u00edas avanzadas como la de Estados Unidos.<\/p>\n<p>En M\u00e9xico, el desempe\u00f1o econ\u00f3mico tambi\u00e9n se debilit\u00f3 y se registr\u00f3 una contracci\u00f3n respecto al trimestre anterior, reflejo de menor dinamismo en la demanda interna. La inflaci\u00f3n general ha mostrado un avance hacia la meta del 3%.<\/p>\n<p>En la primera quincena de octubre, se ubic\u00f3 en 3.63%, por debajo del 3.74% observado un mes antes. No obstante, la inflaci\u00f3n subyacente \u2014que excluye precios m\u00e1s vol\u00e1tiles como energ\u00e9ticos y alimentos frescos\u2014 apenas se movi\u00f3, lo que indica que las presiones de fondo a\u00fan persisten. Banxico se\u00f1al\u00f3 que, si bien la tendencia es favorable, el balance de riesgos para la inflaci\u00f3n contin\u00faa inclinado al alza debido a factores como movimientos en el tipo de cambio, la evoluci\u00f3n de precios en servicios y las tensiones geopol\u00edticas internacionales. La Junta de Gobierno aprob\u00f3 la reducci\u00f3n por mayor\u00eda de cuatro votos contra uno.<\/p>\n<p>El miembro disidente consider\u00f3 que a\u00fan no era oportuno bajar la tasa dada la persistencia de algunos factores inflacionarios. Pese a ello, el recorte refleja una postura m\u00e1s flexible por parte del banco central, que considera que las condiciones actuales permiten continuar, de forma gradual y prudente, con el proceso de normalizaci\u00f3n monetaria.<\/p>\n<p>Para la poblaci\u00f3n y las empresas, esta decisi\u00f3n puede traducirse en menores costos de financiamiento en cr\u00e9ditos al consumo, hipotecarios y pr\u00e9stamos para negocios. Sin embargo, los efectos no ser\u00e1n inmediatos ni uniformes, pues dependen de c\u00f3mo respondedan los bancos comerciales y de la evoluci\u00f3n econ\u00f3mica en los pr\u00f3ximos meses.<\/p>\n<p>Adem\u00e1s, el propio Banxico enfatiz\u00f3 que continuar\u00e1 evaluando cuidadosamente cualquier nuevo ajuste, manteniendo como prioridad el regreso sostenido de la inflaci\u00f3n a su objetivo del 3%.<\/p>\n<p>En resumen, la baja en la tasa busca apoyar a una econom\u00eda que muestra se\u00f1ales de desaceleraci\u00f3n, sin descuidar la estabilidad de precios. Si las condiciones lo permiten, podr\u00edan venir nuevos recortes, pero el banco central dej\u00f3 claro que su pol\u00edtica seguir\u00e1 siendo cautelosa y dependiente de los datos.<\/p>\n","protected":false},"excerpt":{"rendered":"<p>El Banco de M\u00e9xico anunci\u00f3 este jueves una reducci\u00f3n de 25 puntos base en la tasa de inter\u00e9s de referencia, que pasa de 7.50% a 7.25%. La decisi\u00f3n, que entrar\u00e1 en vigor el 7 de noviembre, responde a un entorno econ\u00f3mico en el que la actividad productiva muestra signos de enfriamiento y la inflaci\u00f3n mantiene [&hellip;]<\/p>\n","protected":false},"author":2,"featured_media":0,"comment_status":"open","ping_status":"open","sticky":false,"template":"","format":"standard","meta":{"site-sidebar-layout":"default","site-content-layout":"","ast-site-content-layout":"default","site-content-style":"default","site-sidebar-style":"default","ast-global-header-display":"","ast-banner-title-visibility":"","ast-main-header-display":"","ast-hfb-above-header-display":"","ast-hfb-below-header-display":"","ast-hfb-mobile-header-display":"","site-post-title":"","ast-breadcrumbs-content":"","ast-featured-img":"","footer-sml-layout":"","ast-disable-related-posts":"","theme-transparent-header-meta":"default","adv-header-id-meta":"","stick-header-meta":"","header-above-stick-meta":"","header-main-stick-meta":"","header-below-stick-meta":"","astra-migrate-meta-layouts":"set","ast-page-background-enabled":"default","ast-page-background-meta":{"desktop":{"background-color":"var(--ast-global-color-4)","background-image":"","background-repeat":"repeat","background-position":"center center","background-size":"auto","background-attachment":"scroll","background-type":"","background-media":"","overlay-type":"","overlay-color":"","overlay-opacity":"","overlay-gradient":""},"tablet":{"background-color":"","background-image":"","background-repeat":"repeat","background-position":"center center","background-size":"auto","background-attachment":"scroll","background-type":"","background-media":"","overlay-type":"","overlay-color":"","overlay-opacity":"","overlay-gradient":""},"mobile":{"background-color":"","background-image":"","background-repeat":"repeat","background-position":"center center","background-size":"auto","background-attachment":"scroll","background-type":"","background-media":"","overlay-type":"","overlay-color":"","overlay-opacity":"","overlay-gradient":""}},"ast-content-background-meta":{"desktop":{"background-color":"var(--ast-global-color-5)","background-image":"","background-repeat":"repeat","background-position":"center center","background-size":"auto","background-attachment":"scroll","background-type":"","background-media":"","overlay-type":"","overlay-color":"","overlay-opacity":"","overlay-gradient":""},"tablet":{"background-color":"var(--ast-global-color-5)","background-image":"","background-repeat":"repeat","background-position":"center center","background-size":"auto","background-attachment":"scroll","background-type":"","background-media":"","overlay-type":"","overlay-color":"","overlay-opacity":"","overlay-gradient":""},"mobile":{"background-color":"var(--ast-global-color-5)","background-image":"","background-repeat":"repeat","background-position":"center center","background-size":"auto","background-attachment":"scroll","background-type":"","background-media":"","overlay-type":"","overlay-color":"","overlay-opacity":"","overlay-gradient":""}},"footnotes":""},"categories":[4],"tags":[],"columnista":[],"class_list":["post-733","post","type-post","status-publish","format-standard","hentry","category-economia"],"_links":{"self":[{"href":"https:\/\/elcontemporaneo.mx\/index.php\/wp-json\/wp\/v2\/posts\/733","targetHints":{"allow":["GET"]}}],"collection":[{"href":"https:\/\/elcontemporaneo.mx\/index.php\/wp-json\/wp\/v2\/posts"}],"about":[{"href":"https:\/\/elcontemporaneo.mx\/index.php\/wp-json\/wp\/v2\/types\/post"}],"author":[{"embeddable":true,"href":"https:\/\/elcontemporaneo.mx\/index.php\/wp-json\/wp\/v2\/users\/2"}],"replies":[{"embeddable":true,"href":"https:\/\/elcontemporaneo.mx\/index.php\/wp-json\/wp\/v2\/comments?post=733"}],"version-history":[{"count":3,"href":"https:\/\/elcontemporaneo.mx\/index.php\/wp-json\/wp\/v2\/posts\/733\/revisions"}],"predecessor-version":[{"id":737,"href":"https:\/\/elcontemporaneo.mx\/index.php\/wp-json\/wp\/v2\/posts\/733\/revisions\/737"}],"wp:attachment":[{"href":"https:\/\/elcontemporaneo.mx\/index.php\/wp-json\/wp\/v2\/media?parent=733"}],"wp:term":[{"taxonomy":"category","embeddable":true,"href":"https:\/\/elcontemporaneo.mx\/index.php\/wp-json\/wp\/v2\/categories?post=733"},{"taxonomy":"post_tag","embeddable":true,"href":"https:\/\/elcontemporaneo.mx\/index.php\/wp-json\/wp\/v2\/tags?post=733"},{"taxonomy":"columnista","embeddable":true,"href":"https:\/\/elcontemporaneo.mx\/index.php\/wp-json\/wp\/v2\/columnista?post=733"}],"curies":[{"name":"wp","href":"https:\/\/api.w.org\/{rel}","templated":true}]}}