{"id":758,"date":"2025-11-13T12:01:02","date_gmt":"2025-11-13T18:01:02","guid":{"rendered":"https:\/\/elcontemporaneo.mx\/?p=758"},"modified":"2025-11-13T12:01:02","modified_gmt":"2025-11-13T18:01:02","slug":"llega-dramafest-2025-con-estrenos-lecturas-y-talleres","status":"publish","type":"post","link":"https:\/\/elcontemporaneo.mx\/index.php\/2025\/11\/13\/llega-dramafest-2025-con-estrenos-lecturas-y-talleres\/","title":{"rendered":"Llega DramaFest 2025 con estrenos, lecturas y talleres"},"content":{"rendered":"<p><img loading=\"lazy\" decoding=\"async\" class=\"aligncenter wp-image-759 size-large\" src=\"https:\/\/elcontemporaneo.mx\/wp-content\/uploads\/2025\/11\/05Famila03-Final-1024x589.webp\" alt=\"\" width=\"1024\" height=\"589\" srcset=\"https:\/\/elcontemporaneo.mx\/wp-content\/uploads\/2025\/11\/05Famila03-Final-1024x589.webp 1024w, https:\/\/elcontemporaneo.mx\/wp-content\/uploads\/2025\/11\/05Famila03-Final-300x173.webp 300w, https:\/\/elcontemporaneo.mx\/wp-content\/uploads\/2025\/11\/05Famila03-Final-768x442.webp 768w, https:\/\/elcontemporaneo.mx\/wp-content\/uploads\/2025\/11\/05Famila03-Final-1536x883.webp 1536w, https:\/\/elcontemporaneo.mx\/wp-content\/uploads\/2025\/11\/05Famila03-Final-2048x1178.webp 2048w\" sizes=\"auto, (max-width: 1024px) 100vw, 1024px\" \/><\/p>\n<p><span style=\"font-weight: 400;\">El festival internacional <\/span><b>DramaFest 2025<\/b><span style=\"font-weight: 400;\"> regresa con una cartelera de obras, lecturas dramatizadas y talleres, lo que fortalece el di\u00e1logo esc\u00e9nico entre M\u00e9xico y Polonia.\u00a0<\/span><\/p>\n<p><span style=\"font-weight: 400;\">Con el apoyo del <\/span><b>Programa de Apoyo a Festivales Culturales y Art\u00edsticos (PROFEST 2025)<\/b><span style=\"font-weight: 400;\"> y la colaboraci\u00f3n del <\/span><b>Ministerio de Cultura y Patrimonio Nacional de Polonia<\/b><span style=\"font-weight: 400;\">, el encuentro se lleva a cabo desde el <\/span><b>11 de noviembre hasta el 14 de diciembre<\/b><span style=\"font-weight: 400;\"> en <\/span><b>Ciudad de M\u00e9xico<\/b><span style=\"font-weight: 400;\"> y <\/span><b>Monterrey<\/b><span style=\"font-weight: 400;\">, con <\/span><b>entrada libre<\/b><span style=\"font-weight: 400;\"> a todas sus actividades.<\/span><\/p>\n<p><span style=\"font-weight: 400;\">Entre los estrenos destacan tres producciones principales:<\/span><\/p>\n<ul>\n<li style=\"font-weight: 400;\" aria-level=\"1\"><b><i>Entre nosotros todo va bien<\/i><\/b><span style=\"font-weight: 400;\">, de la autora polaca <\/span><b>Dorota Mas\u0142owska<\/b><span style=\"font-weight: 400;\">, dirigida por el mexicano <\/span><b>Diego del R\u00edo<\/b><span style=\"font-weight: 400;\">, se presentar\u00e1 del <\/span><b>11 de noviembre al 4 de diciembre<\/b><span style=\"font-weight: 400;\"> en el <\/span><b>Teatro El Gale\u00f3n<\/b><span style=\"font-weight: 400;\">, con una funci\u00f3n adicional el <\/span><b>10 de diciembre<\/b><span style=\"font-weight: 400;\"> en el <\/span><b>Teatro del Centro de las Artes de Monterrey<\/b><span style=\"font-weight: 400;\">\n<p><\/span><\/li>\n<li style=\"font-weight: 400;\" aria-level=\"1\"><b><i>Arde todo mientras canta<\/i><\/b><span style=\"font-weight: 400;\">, de la mexicana <\/span><b>Ver\u00f3nica Villica\u00f1a<\/b><span style=\"font-weight: 400;\">, bajo la direcci\u00f3n del polaco <\/span><b>Norbert Rakowski<\/b><span style=\"font-weight: 400;\">, tendr\u00e1 temporada del <\/span><b>14 de noviembre al 7 de diciembre<\/b><span style=\"font-weight: 400;\"> en el mismo recinto, y una presentaci\u00f3n especial el <\/span><b>14 de diciembre<\/b><span style=\"font-weight: 400;\"> en Monterrey<\/span><span style=\"font-weight: 400;\">\n<p><\/span><\/li>\n<li style=\"font-weight: 400;\" aria-level=\"1\"><span style=\"font-weight: 400;\">Como obra internacional invitada, <\/span><b><i>Lo siento todos los d\u00edas<\/i><\/b><span style=\"font-weight: 400;\">, de <\/span><b>Artur Pa\u0142yga<\/b><span style=\"font-weight: 400;\">, dirigida por <\/span><b>Katarzyna Dudzic-Grabi\u0144ska<\/b><span style=\"font-weight: 400;\"> y <\/span><b>Karolina Grzkowska<\/b><span style=\"font-weight: 400;\">, se presentar\u00e1 el <\/span><b>7 de diciembre<\/b><span style=\"font-weight: 400;\"> en el <\/span><b>Teatro de la Ciudad Esperanza Iris<\/b><span style=\"font-weight: 400;\"> y el <\/span><b>9 de diciembre<\/b><span style=\"font-weight: 400;\"> en la <\/span><b>Gran Sala del Teatro de la Ciudad<\/b><span style=\"font-weight: 400;\"> en Monterrey<\/span><span style=\"font-weight: 400;\">\n<p><\/span><\/li>\n<\/ul>\n<p><span style=\"font-weight: 400;\">El festival tambi\u00e9n ofrecer\u00e1 <\/span><b>lecturas dramatizadas<\/b><span style=\"font-weight: 400;\"> de autores nacionales y polacos con direcci\u00f3n mexicana. Entre ellas destacan <\/span><i><span style=\"font-weight: 400;\">Culebras de agua<\/span><\/i><span style=\"font-weight: 400;\">, de <\/span><b>Lizet Norzagaray<\/b><span style=\"font-weight: 400;\">; <\/span><i><span style=\"font-weight: 400;\">El cerbero de Beaubourg<\/span><\/i><span style=\"font-weight: 400;\">, de <\/span><b>Tadeusz S\u0142obodzianek<\/b><span style=\"font-weight: 400;\">; <\/span><i><span style=\"font-weight: 400;\">Siento verg\u00fcenza de vivir en un mundo as\u00ed<\/span><\/i><span style=\"font-weight: 400;\">, de <\/span><b>Jolanta Janiczak<\/b><span style=\"font-weight: 400;\">; y <\/span><i><span style=\"font-weight: 400;\">Todas somos Scherezada<\/span><\/i><span style=\"font-weight: 400;\">, de <\/span><b>Luis Guerrero<\/b><span style=\"font-weight: 400;\">. Estas lecturas se presentar\u00e1n en el <\/span><b>Teatro Benito Ju\u00e1rez<\/b><span style=\"font-weight: 400;\"> (CDMX) y la <\/span><b>Sala Experimental del Teatro de la Ciudad<\/b><span style=\"font-weight: 400;\"> (Monterrey).<\/span><\/p>\n<p><span style=\"font-weight: 400;\">Adem\u00e1s, DramaFest 2025 incluir\u00e1 <\/span><b>dos talleres internacionales gratuitos<\/b><span style=\"font-weight: 400;\">:<\/span><\/p>\n<ul>\n<li style=\"font-weight: 400;\" aria-level=\"1\"><b>Pedagog\u00eda teatral<\/b><span style=\"font-weight: 400;\">, impartido por <\/span><b>Maria Babicka-Janiszewska<\/b><span style=\"font-weight: 400;\"> y <\/span><b>Krystyna Mogilnicka<\/b><span style=\"font-weight: 400;\">, del <\/span><b>1 al 5 de diciembre<\/b><span style=\"font-weight: 400;\"> en el <\/span><b>Foro Cosmos<\/b><span style=\"font-weight: 400;\"> (CDMX) y del <\/span><b>8 al 12 de diciembre<\/b><span style=\"font-weight: 400;\"> en el <\/span><b>Teatro de la Ciudad<\/b><span style=\"font-weight: 400;\"> (MTY).<\/span><span style=\"font-weight: 400;\">\n<p><\/span><\/li>\n<li style=\"font-weight: 400;\" aria-level=\"1\"><b>Dramaturgia<\/b><span style=\"font-weight: 400;\">, a cargo del dramaturgo <\/span><b>Artur Pa\u0142yga<\/b><span style=\"font-weight: 400;\">, en los mismos periodos y sedes alternas.<\/span><span style=\"font-weight: 400;\">\n<p><\/span><\/li>\n<\/ul>\n<p><span style=\"font-weight: 400;\">El festival es impulsado por la <\/span><b>Secretar\u00eda de Cultura de Nuevo Le\u00f3n<\/b><span style=\"font-weight: 400;\">, <\/span><b>CONARTE<\/b><span style=\"font-weight: 400;\"> y <\/span><b>Teatro de Babel<\/b><span style=\"font-weight: 400;\">, lo que reafirma el compromiso con la promoci\u00f3n del teatro contempor\u00e1neo y la cooperaci\u00f3n cultural internacional.<\/span><\/p>\n<p><span style=\"font-weight: 400;\">M\u00e1s informaci\u00f3n y programaci\u00f3n completa: <\/span><a href=\"https:\/\/dramafestmx.com\/\"><span style=\"font-weight: 400;\">dramafestmx.com<\/span><\/a><\/p>\n","protected":false},"excerpt":{"rendered":"<p>El festival internacional DramaFest 2025 regresa con una cartelera de obras, lecturas dramatizadas y talleres, lo que fortalece el di\u00e1logo esc\u00e9nico entre M\u00e9xico y Polonia.\u00a0 Con el apoyo del Programa de Apoyo a Festivales Culturales y Art\u00edsticos (PROFEST 2025) y la colaboraci\u00f3n del Ministerio de Cultura y Patrimonio Nacional de Polonia, el encuentro se lleva [&hellip;]<\/p>\n","protected":false},"author":2,"featured_media":0,"comment_status":"open","ping_status":"open","sticky":false,"template":"","format":"standard","meta":{"site-sidebar-layout":"default","site-content-layout":"","ast-site-content-layout":"default","site-content-style":"default","site-sidebar-style":"default","ast-global-header-display":"","ast-banner-title-visibility":"","ast-main-header-display":"","ast-hfb-above-header-display":"","ast-hfb-below-header-display":"","ast-hfb-mobile-header-display":"","site-post-title":"","ast-breadcrumbs-content":"","ast-featured-img":"","footer-sml-layout":"","ast-disable-related-posts":"","theme-transparent-header-meta":"default","adv-header-id-meta":"","stick-header-meta":"","header-above-stick-meta":"","header-main-stick-meta":"","header-below-stick-meta":"","astra-migrate-meta-layouts":"set","ast-page-background-enabled":"default","ast-page-background-meta":{"desktop":{"background-color":"var(--ast-global-color-4)","background-image":"","background-repeat":"repeat","background-position":"center center","background-size":"auto","background-attachment":"scroll","background-type":"","background-media":"","overlay-type":"","overlay-color":"","overlay-opacity":"","overlay-gradient":""},"tablet":{"background-color":"","background-image":"","background-repeat":"repeat","background-position":"center center","background-size":"auto","background-attachment":"scroll","background-type":"","background-media":"","overlay-type":"","overlay-color":"","overlay-opacity":"","overlay-gradient":""},"mobile":{"background-color":"","background-image":"","background-repeat":"repeat","background-position":"center center","background-size":"auto","background-attachment":"scroll","background-type":"","background-media":"","overlay-type":"","overlay-color":"","overlay-opacity":"","overlay-gradient":""}},"ast-content-background-meta":{"desktop":{"background-color":"var(--ast-global-color-5)","background-image":"","background-repeat":"repeat","background-position":"center center","background-size":"auto","background-attachment":"scroll","background-type":"","background-media":"","overlay-type":"","overlay-color":"","overlay-opacity":"","overlay-gradient":""},"tablet":{"background-color":"var(--ast-global-color-5)","background-image":"","background-repeat":"repeat","background-position":"center center","background-size":"auto","background-attachment":"scroll","background-type":"","background-media":"","overlay-type":"","overlay-color":"","overlay-opacity":"","overlay-gradient":""},"mobile":{"background-color":"var(--ast-global-color-5)","background-image":"","background-repeat":"repeat","background-position":"center center","background-size":"auto","background-attachment":"scroll","background-type":"","background-media":"","overlay-type":"","overlay-color":"","overlay-opacity":"","overlay-gradient":""}},"footnotes":""},"categories":[6],"tags":[],"columnista":[],"class_list":["post-758","post","type-post","status-publish","format-standard","hentry","category-estilo-de-vida"],"_links":{"self":[{"href":"https:\/\/elcontemporaneo.mx\/index.php\/wp-json\/wp\/v2\/posts\/758","targetHints":{"allow":["GET"]}}],"collection":[{"href":"https:\/\/elcontemporaneo.mx\/index.php\/wp-json\/wp\/v2\/posts"}],"about":[{"href":"https:\/\/elcontemporaneo.mx\/index.php\/wp-json\/wp\/v2\/types\/post"}],"author":[{"embeddable":true,"href":"https:\/\/elcontemporaneo.mx\/index.php\/wp-json\/wp\/v2\/users\/2"}],"replies":[{"embeddable":true,"href":"https:\/\/elcontemporaneo.mx\/index.php\/wp-json\/wp\/v2\/comments?post=758"}],"version-history":[{"count":1,"href":"https:\/\/elcontemporaneo.mx\/index.php\/wp-json\/wp\/v2\/posts\/758\/revisions"}],"predecessor-version":[{"id":760,"href":"https:\/\/elcontemporaneo.mx\/index.php\/wp-json\/wp\/v2\/posts\/758\/revisions\/760"}],"wp:attachment":[{"href":"https:\/\/elcontemporaneo.mx\/index.php\/wp-json\/wp\/v2\/media?parent=758"}],"wp:term":[{"taxonomy":"category","embeddable":true,"href":"https:\/\/elcontemporaneo.mx\/index.php\/wp-json\/wp\/v2\/categories?post=758"},{"taxonomy":"post_tag","embeddable":true,"href":"https:\/\/elcontemporaneo.mx\/index.php\/wp-json\/wp\/v2\/tags?post=758"},{"taxonomy":"columnista","embeddable":true,"href":"https:\/\/elcontemporaneo.mx\/index.php\/wp-json\/wp\/v2\/columnista?post=758"}],"curies":[{"name":"wp","href":"https:\/\/api.w.org\/{rel}","templated":true}]}}