{"id":851,"date":"2025-12-06T23:56:57","date_gmt":"2025-12-07T05:56:57","guid":{"rendered":"https:\/\/elcontemporaneo.mx\/?p=851"},"modified":"2025-12-06T23:56:57","modified_gmt":"2025-12-07T05:56:57","slug":"fallece-frank-gehry-genio-de-la-arquitectura","status":"publish","type":"post","link":"https:\/\/elcontemporaneo.mx\/index.php\/2025\/12\/06\/fallece-frank-gehry-genio-de-la-arquitectura\/","title":{"rendered":"Fallece Frank Gehry, genio de la arquitectura"},"content":{"rendered":"<p><span style=\"font-weight: 400;\">Frank Gehry falleci\u00f3 ayer 5 de diciembre a los 96 a\u00f1os en su casa de Santa M\u00f3nica, California, tras una breve enfermedad respiratoria.\u00a0<\/span><\/p>\n<p><span style=\"font-weight: 400;\">El arquitecto canadiense-estadounidense, nacido en 1929 en Toronto con el nombre de Frank Owen Goldberg, cambi\u00f3 su apellido al mudarse a Estados Unidos.\u00a0<\/span><\/p>\n<p><span style=\"font-weight: 400;\">Fue pionero del estilo deconstructivista y revolucion\u00f3 la arquitectura con dise\u00f1os que desafiaban las formas tradicionales.\u00a0<\/span><\/p>\n<p><span style=\"font-weight: 400;\">Su obra m\u00e1s emblem\u00e1tica es el Museo Guggenheim Bilbao (inaugurado en 1997), que transform\u00f3 Bilbao y se convirti\u00f3 en s\u00edmbolo de renovaci\u00f3n urbana; entre otros proyectos destacados figuran el Walt Disney Concert Hall en Los \u00c1ngeles.\u00a0<\/span><\/p>\n<p><span style=\"font-weight: 400;\">En 1989 recibi\u00f3 el Premio Pritzker, considerado el \u201cOscar de la arquitectura\u201d, y desde entonces recibi\u00f3 encargos internacionales que consolidaron su fama mundial.\u00a0<\/span><\/p>\n<p><span style=\"font-weight: 400;\">Descanse en paz un verdadero genio de la arquitectura.<\/span><\/p>\n","protected":false},"excerpt":{"rendered":"<p>Frank Gehry falleci\u00f3 ayer 5 de diciembre a los 96 a\u00f1os en su casa de Santa M\u00f3nica, California, tras una breve enfermedad respiratoria.\u00a0 El arquitecto canadiense-estadounidense, nacido en 1929 en Toronto con el nombre de Frank Owen Goldberg, cambi\u00f3 su apellido al mudarse a Estados Unidos.\u00a0 Fue pionero del estilo deconstructivista y revolucion\u00f3 la arquitectura [&hellip;]<\/p>\n","protected":false},"author":2,"featured_media":0,"comment_status":"open","ping_status":"open","sticky":false,"template":"","format":"standard","meta":{"site-sidebar-layout":"default","site-content-layout":"","ast-site-content-layout":"default","site-content-style":"default","site-sidebar-style":"default","ast-global-header-display":"","ast-banner-title-visibility":"","ast-main-header-display":"","ast-hfb-above-header-display":"","ast-hfb-below-header-display":"","ast-hfb-mobile-header-display":"","site-post-title":"","ast-breadcrumbs-content":"","ast-featured-img":"","footer-sml-layout":"","ast-disable-related-posts":"","theme-transparent-header-meta":"default","adv-header-id-meta":"","stick-header-meta":"","header-above-stick-meta":"","header-main-stick-meta":"","header-below-stick-meta":"","astra-migrate-meta-layouts":"set","ast-page-background-enabled":"default","ast-page-background-meta":{"desktop":{"background-color":"var(--ast-global-color-4)","background-image":"","background-repeat":"repeat","background-position":"center center","background-size":"auto","background-attachment":"scroll","background-type":"","background-media":"","overlay-type":"","overlay-color":"","overlay-opacity":"","overlay-gradient":""},"tablet":{"background-color":"","background-image":"","background-repeat":"repeat","background-position":"center center","background-size":"auto","background-attachment":"scroll","background-type":"","background-media":"","overlay-type":"","overlay-color":"","overlay-opacity":"","overlay-gradient":""},"mobile":{"background-color":"","background-image":"","background-repeat":"repeat","background-position":"center center","background-size":"auto","background-attachment":"scroll","background-type":"","background-media":"","overlay-type":"","overlay-color":"","overlay-opacity":"","overlay-gradient":""}},"ast-content-background-meta":{"desktop":{"background-color":"var(--ast-global-color-5)","background-image":"","background-repeat":"repeat","background-position":"center center","background-size":"auto","background-attachment":"scroll","background-type":"","background-media":"","overlay-type":"","overlay-color":"","overlay-opacity":"","overlay-gradient":""},"tablet":{"background-color":"var(--ast-global-color-5)","background-image":"","background-repeat":"repeat","background-position":"center center","background-size":"auto","background-attachment":"scroll","background-type":"","background-media":"","overlay-type":"","overlay-color":"","overlay-opacity":"","overlay-gradient":""},"mobile":{"background-color":"var(--ast-global-color-5)","background-image":"","background-repeat":"repeat","background-position":"center center","background-size":"auto","background-attachment":"scroll","background-type":"","background-media":"","overlay-type":"","overlay-color":"","overlay-opacity":"","overlay-gradient":""}},"footnotes":""},"categories":[8],"tags":[],"columnista":[],"class_list":["post-851","post","type-post","status-publish","format-standard","hentry","category-mundo"],"_links":{"self":[{"href":"https:\/\/elcontemporaneo.mx\/index.php\/wp-json\/wp\/v2\/posts\/851","targetHints":{"allow":["GET"]}}],"collection":[{"href":"https:\/\/elcontemporaneo.mx\/index.php\/wp-json\/wp\/v2\/posts"}],"about":[{"href":"https:\/\/elcontemporaneo.mx\/index.php\/wp-json\/wp\/v2\/types\/post"}],"author":[{"embeddable":true,"href":"https:\/\/elcontemporaneo.mx\/index.php\/wp-json\/wp\/v2\/users\/2"}],"replies":[{"embeddable":true,"href":"https:\/\/elcontemporaneo.mx\/index.php\/wp-json\/wp\/v2\/comments?post=851"}],"version-history":[{"count":1,"href":"https:\/\/elcontemporaneo.mx\/index.php\/wp-json\/wp\/v2\/posts\/851\/revisions"}],"predecessor-version":[{"id":852,"href":"https:\/\/elcontemporaneo.mx\/index.php\/wp-json\/wp\/v2\/posts\/851\/revisions\/852"}],"wp:attachment":[{"href":"https:\/\/elcontemporaneo.mx\/index.php\/wp-json\/wp\/v2\/media?parent=851"}],"wp:term":[{"taxonomy":"category","embeddable":true,"href":"https:\/\/elcontemporaneo.mx\/index.php\/wp-json\/wp\/v2\/categories?post=851"},{"taxonomy":"post_tag","embeddable":true,"href":"https:\/\/elcontemporaneo.mx\/index.php\/wp-json\/wp\/v2\/tags?post=851"},{"taxonomy":"columnista","embeddable":true,"href":"https:\/\/elcontemporaneo.mx\/index.php\/wp-json\/wp\/v2\/columnista?post=851"}],"curies":[{"name":"wp","href":"https:\/\/api.w.org\/{rel}","templated":true}]}}