{"id":944,"date":"2026-03-06T14:49:39","date_gmt":"2026-03-06T20:49:39","guid":{"rendered":"https:\/\/elcontemporaneo.mx\/?p=944"},"modified":"2026-03-25T13:49:37","modified_gmt":"2026-03-25T19:49:37","slug":"lanza-alex-ferreira-el-arte-de-esperar","status":"publish","type":"post","link":"https:\/\/elcontemporaneo.mx\/index.php\/2026\/03\/06\/lanza-alex-ferreira-el-arte-de-esperar\/","title":{"rendered":"Lanza Alex Ferreira &#8220;El Arte de Esperar&#8221;"},"content":{"rendered":"<p><iframe loading=\"lazy\" width=\"560\" height=\"315\" src=\"https:\/\/www.youtube.com\/embed\/bjraZuI0GKI?si=SY0GVnNVVRgtioxE\" title=\"YouTube video player\" frameborder=\"0\" allow=\"accelerometer; autoplay; clipboard-write; encrypted-media; gyroscope; picture-in-picture; web-share\" referrerpolicy=\"strict-origin-when-cross-origin\" allowfullscreen><\/iframe><\/p>\n<p><span style=\"font-weight: 400;\">Alex Ferreira present\u00f3 su disco \u201cEl Arte de Esperar\u201d, una obra que tiene presencia, y conforma diez canciones donde el artista celebra la claridad emocional, la paciencia activa y la valent\u00eda de sentir.\u00a0<\/span><\/p>\n<p><span style=\"font-weight: 400;\">El \u00e1lbum combina instrumentaci\u00f3n org\u00e1nica con texturas modernas y una producci\u00f3n \u00edntima que prioriza la honestidad, pues cada arreglo, respira y cada silencio, sostiene.<\/span><\/p>\n<p><span style=\"font-weight: 400;\">A la par de este proyecto, el artista dominicano lanz\u00f3 su single &#8220;Prefiero que me duela&#8221;, en el que narra la claridad y prefiere la verdad al autoenga\u00f1o desde una conexi\u00f3n real a la comodidad artificial. (Disponible en plataformas digitales)<\/span><\/p>\n<p><span style=\"font-weight: 400;\">Tras el lanzamiento, Ferreira iniciar\u00e1 una gira internacional que incluye presentaciones en Panam\u00e1, San Jos\u00e9 , Guatemala, New York, Los \u00c1ngeles, Miami, San Juan, Ciudad de M\u00e9xico, Guadalajara, y Monterrey.<\/span><\/p>\n","protected":false},"excerpt":{"rendered":"<p>Alex Ferreira present\u00f3 su disco \u201cEl Arte de Esperar\u201d, una obra que tiene presencia, y conforma diez canciones donde el artista celebra la claridad emocional, la paciencia activa y la valent\u00eda de sentir.\u00a0 El \u00e1lbum combina instrumentaci\u00f3n org\u00e1nica con texturas modernas y una producci\u00f3n \u00edntima que prioriza la honestidad, pues cada arreglo, respira y cada [&hellip;]<\/p>\n","protected":false},"author":2,"featured_media":0,"comment_status":"open","ping_status":"open","sticky":false,"template":"","format":"standard","meta":{"site-sidebar-layout":"default","site-content-layout":"","ast-site-content-layout":"default","site-content-style":"default","site-sidebar-style":"default","ast-global-header-display":"","ast-banner-title-visibility":"","ast-main-header-display":"","ast-hfb-above-header-display":"","ast-hfb-below-header-display":"","ast-hfb-mobile-header-display":"","site-post-title":"","ast-breadcrumbs-content":"","ast-featured-img":"","footer-sml-layout":"","ast-disable-related-posts":"","theme-transparent-header-meta":"default","adv-header-id-meta":"","stick-header-meta":"","header-above-stick-meta":"","header-main-stick-meta":"","header-below-stick-meta":"","astra-migrate-meta-layouts":"set","ast-page-background-enabled":"default","ast-page-background-meta":{"desktop":{"background-color":"var(--ast-global-color-4)","background-image":"","background-repeat":"repeat","background-position":"center center","background-size":"auto","background-attachment":"scroll","background-type":"","background-media":"","overlay-type":"","overlay-color":"","overlay-opacity":"","overlay-gradient":""},"tablet":{"background-color":"","background-image":"","background-repeat":"repeat","background-position":"center center","background-size":"auto","background-attachment":"scroll","background-type":"","background-media":"","overlay-type":"","overlay-color":"","overlay-opacity":"","overlay-gradient":""},"mobile":{"background-color":"","background-image":"","background-repeat":"repeat","background-position":"center center","background-size":"auto","background-attachment":"scroll","background-type":"","background-media":"","overlay-type":"","overlay-color":"","overlay-opacity":"","overlay-gradient":""}},"ast-content-background-meta":{"desktop":{"background-color":"var(--ast-global-color-5)","background-image":"","background-repeat":"repeat","background-position":"center center","background-size":"auto","background-attachment":"scroll","background-type":"","background-media":"","overlay-type":"","overlay-color":"","overlay-opacity":"","overlay-gradient":""},"tablet":{"background-color":"var(--ast-global-color-5)","background-image":"","background-repeat":"repeat","background-position":"center center","background-size":"auto","background-attachment":"scroll","background-type":"","background-media":"","overlay-type":"","overlay-color":"","overlay-opacity":"","overlay-gradient":""},"mobile":{"background-color":"var(--ast-global-color-5)","background-image":"","background-repeat":"repeat","background-position":"center center","background-size":"auto","background-attachment":"scroll","background-type":"","background-media":"","overlay-type":"","overlay-color":"","overlay-opacity":"","overlay-gradient":""}},"footnotes":""},"categories":[1],"tags":[],"columnista":[],"class_list":["post-944","post","type-post","status-publish","format-standard","hentry","category-nacion"],"_links":{"self":[{"href":"https:\/\/elcontemporaneo.mx\/index.php\/wp-json\/wp\/v2\/posts\/944","targetHints":{"allow":["GET"]}}],"collection":[{"href":"https:\/\/elcontemporaneo.mx\/index.php\/wp-json\/wp\/v2\/posts"}],"about":[{"href":"https:\/\/elcontemporaneo.mx\/index.php\/wp-json\/wp\/v2\/types\/post"}],"author":[{"embeddable":true,"href":"https:\/\/elcontemporaneo.mx\/index.php\/wp-json\/wp\/v2\/users\/2"}],"replies":[{"embeddable":true,"href":"https:\/\/elcontemporaneo.mx\/index.php\/wp-json\/wp\/v2\/comments?post=944"}],"version-history":[{"count":3,"href":"https:\/\/elcontemporaneo.mx\/index.php\/wp-json\/wp\/v2\/posts\/944\/revisions"}],"predecessor-version":[{"id":1033,"href":"https:\/\/elcontemporaneo.mx\/index.php\/wp-json\/wp\/v2\/posts\/944\/revisions\/1033"}],"wp:attachment":[{"href":"https:\/\/elcontemporaneo.mx\/index.php\/wp-json\/wp\/v2\/media?parent=944"}],"wp:term":[{"taxonomy":"category","embeddable":true,"href":"https:\/\/elcontemporaneo.mx\/index.php\/wp-json\/wp\/v2\/categories?post=944"},{"taxonomy":"post_tag","embeddable":true,"href":"https:\/\/elcontemporaneo.mx\/index.php\/wp-json\/wp\/v2\/tags?post=944"},{"taxonomy":"columnista","embeddable":true,"href":"https:\/\/elcontemporaneo.mx\/index.php\/wp-json\/wp\/v2\/columnista?post=944"}],"curies":[{"name":"wp","href":"https:\/\/api.w.org\/{rel}","templated":true}]}}