{"id":963,"date":"2026-03-08T14:31:07","date_gmt":"2026-03-08T20:31:07","guid":{"rendered":"https:\/\/elcontemporaneo.mx\/?p=963"},"modified":"2026-03-25T13:59:59","modified_gmt":"2026-03-25T19:59:59","slug":"nosotras-no-podemos-nadar-un-grito-de-lucha","status":"publish","type":"post","link":"https:\/\/elcontemporaneo.mx\/index.php\/2026\/03\/08\/nosotras-no-podemos-nadar-un-grito-de-lucha\/","title":{"rendered":"Nosotras no podemos nadar: un grito de lucha"},"content":{"rendered":"<p><img loading=\"lazy\" decoding=\"async\" class=\"aligncenter wp-image-964 size-large\" src=\"https:\/\/elcontemporaneo.mx\/wp-content\/uploads\/2026\/03\/NOSOTRAS-NO-PODEMOS-ECARD-2026-01-_3_-819x1024.webp\" alt=\"\" width=\"819\" height=\"1024\" srcset=\"https:\/\/elcontemporaneo.mx\/wp-content\/uploads\/2026\/03\/NOSOTRAS-NO-PODEMOS-ECARD-2026-01-_3_-819x1024.webp 819w, https:\/\/elcontemporaneo.mx\/wp-content\/uploads\/2026\/03\/NOSOTRAS-NO-PODEMOS-ECARD-2026-01-_3_-240x300.webp 240w, https:\/\/elcontemporaneo.mx\/wp-content\/uploads\/2026\/03\/NOSOTRAS-NO-PODEMOS-ECARD-2026-01-_3_-768x960.webp 768w, https:\/\/elcontemporaneo.mx\/wp-content\/uploads\/2026\/03\/NOSOTRAS-NO-PODEMOS-ECARD-2026-01-_3_-1229x1536.webp 1229w, https:\/\/elcontemporaneo.mx\/wp-content\/uploads\/2026\/03\/NOSOTRAS-NO-PODEMOS-ECARD-2026-01-_3_-1638x2048.webp 1638w, https:\/\/elcontemporaneo.mx\/wp-content\/uploads\/2026\/03\/NOSOTRAS-NO-PODEMOS-ECARD-2026-01-_3_-scaled.webp 2048w\" sizes=\"auto, (max-width: 819px) 100vw, 819px\" \/><\/p>\n<p style=\"text-align: right;\">Anahi M. Elias,<em> corresponsal<\/em><\/p>\n<p>En el marco del d\u00eda internacional de la mujer 8M, el <strong>Foro a Poco No<\/strong> nos presenta la obra: Nosotras no podemos nadar. La autora y tambi\u00e9n int\u00e9rprete, <strong>Camila Palomec<\/strong> nos cuenta una ficci\u00f3n, como ella misma la llama, construida alrededor de la vida de Elena. Una historia de una sola voz que encarna el grito de cientos de mujeres a lo largo de todo el territorio mexicano.<\/p>\n<p>Elena, una mujer de 72 a\u00f1os cuya vida transcurri\u00f3 en la huasteca veracruzana se presenta en un centro acu\u00e1tico de la ciudad con el \u00fanico objetivo de cumplir un sue\u00f1o que ha tenido desde su infancia, aprender a nadar. Una nimiedad podr\u00eda pensar el espectador citadino, sin embargo esa peque\u00f1a acci\u00f3n representa todo un acto revolucionario, no solo para Elena sino para todas las mujeres de su linaje y de su comunidad. A partir de este punto de expiaci\u00f3n, la autora toma prestada la voz de Elena para narrarnos algunos cap\u00edtulos de su vida. Una infancia marcada por una sociedad machista, donde aprendi\u00f3 pronto las palabras: LAS MUJERES NO PUEDEN&#8230; Un matrimonio forzado a la tierna edad de 11 a\u00f1os y la ruptura total del v\u00ednculo con sus progenitores. Dos embarazos, dos beb\u00e9s con destinos no elegidos pero condenados a seguirlos mucho antes de abrir por primera vez los ojos. Un ni\u00f1o y una ni\u00f1a, historias que vuelven a repetirse como ha sido siempre. Una sucesi\u00f3n de eventos imprevistos que dejan a Elena sola, como nunca antes lo estuvo. Y una soledad silente interrumpida por la voz rebelde e inconforme escuchada desde su infancia que la llev\u00f3 a retar a toda la sociedad que le repiti\u00f3 incansablemente <strong>\u00a1LAS MUJERES NO PUEDEN!<\/strong>. Elena, despu\u00e9s de muchas batallas, d\u00e9cadas y sufrimiento PUDO nadar, PUDO superar las limitaciones y PUDO demostrar que <strong>LAS MUJERES S\u00cd PUEDEN.<\/strong><\/p>\n<p>Nosotras no podemos nadar es una obra imperdible y totalmente recomendable. Se presentar\u00e1 una corta temporada del 5 al 15 de marzo de 2026 los jueves y viernes a las 20:00 h y s\u00e1bados y domingos a las 18:00 h.<\/p>\n","protected":false},"excerpt":{"rendered":"<p>Anahi M. Elias, corresponsal En el marco del d\u00eda internacional de la mujer 8M, el Foro a Poco No nos presenta la obra: Nosotras no podemos nadar. La autora y tambi\u00e9n int\u00e9rprete, Camila Palomec nos cuenta una ficci\u00f3n, como ella misma la llama, construida alrededor de la vida de Elena. Una historia de una sola [&hellip;]<\/p>\n","protected":false},"author":2,"featured_media":0,"comment_status":"open","ping_status":"open","sticky":false,"template":"","format":"standard","meta":{"site-sidebar-layout":"default","site-content-layout":"","ast-site-content-layout":"default","site-content-style":"default","site-sidebar-style":"default","ast-global-header-display":"","ast-banner-title-visibility":"","ast-main-header-display":"","ast-hfb-above-header-display":"","ast-hfb-below-header-display":"","ast-hfb-mobile-header-display":"","site-post-title":"","ast-breadcrumbs-content":"","ast-featured-img":"","footer-sml-layout":"","ast-disable-related-posts":"","theme-transparent-header-meta":"default","adv-header-id-meta":"","stick-header-meta":"","header-above-stick-meta":"","header-main-stick-meta":"","header-below-stick-meta":"","astra-migrate-meta-layouts":"set","ast-page-background-enabled":"default","ast-page-background-meta":{"desktop":{"background-color":"var(--ast-global-color-4)","background-image":"","background-repeat":"repeat","background-position":"center center","background-size":"auto","background-attachment":"scroll","background-type":"","background-media":"","overlay-type":"","overlay-color":"","overlay-opacity":"","overlay-gradient":""},"tablet":{"background-color":"","background-image":"","background-repeat":"repeat","background-position":"center center","background-size":"auto","background-attachment":"scroll","background-type":"","background-media":"","overlay-type":"","overlay-color":"","overlay-opacity":"","overlay-gradient":""},"mobile":{"background-color":"","background-image":"","background-repeat":"repeat","background-position":"center center","background-size":"auto","background-attachment":"scroll","background-type":"","background-media":"","overlay-type":"","overlay-color":"","overlay-opacity":"","overlay-gradient":""}},"ast-content-background-meta":{"desktop":{"background-color":"var(--ast-global-color-5)","background-image":"","background-repeat":"repeat","background-position":"center center","background-size":"auto","background-attachment":"scroll","background-type":"","background-media":"","overlay-type":"","overlay-color":"","overlay-opacity":"","overlay-gradient":""},"tablet":{"background-color":"var(--ast-global-color-5)","background-image":"","background-repeat":"repeat","background-position":"center center","background-size":"auto","background-attachment":"scroll","background-type":"","background-media":"","overlay-type":"","overlay-color":"","overlay-opacity":"","overlay-gradient":""},"mobile":{"background-color":"var(--ast-global-color-5)","background-image":"","background-repeat":"repeat","background-position":"center center","background-size":"auto","background-attachment":"scroll","background-type":"","background-media":"","overlay-type":"","overlay-color":"","overlay-opacity":"","overlay-gradient":""}},"footnotes":""},"categories":[6],"tags":[],"columnista":[],"class_list":["post-963","post","type-post","status-publish","format-standard","hentry","category-estilo-de-vida"],"_links":{"self":[{"href":"https:\/\/elcontemporaneo.mx\/index.php\/wp-json\/wp\/v2\/posts\/963","targetHints":{"allow":["GET"]}}],"collection":[{"href":"https:\/\/elcontemporaneo.mx\/index.php\/wp-json\/wp\/v2\/posts"}],"about":[{"href":"https:\/\/elcontemporaneo.mx\/index.php\/wp-json\/wp\/v2\/types\/post"}],"author":[{"embeddable":true,"href":"https:\/\/elcontemporaneo.mx\/index.php\/wp-json\/wp\/v2\/users\/2"}],"replies":[{"embeddable":true,"href":"https:\/\/elcontemporaneo.mx\/index.php\/wp-json\/wp\/v2\/comments?post=963"}],"version-history":[{"count":3,"href":"https:\/\/elcontemporaneo.mx\/index.php\/wp-json\/wp\/v2\/posts\/963\/revisions"}],"predecessor-version":[{"id":1036,"href":"https:\/\/elcontemporaneo.mx\/index.php\/wp-json\/wp\/v2\/posts\/963\/revisions\/1036"}],"wp:attachment":[{"href":"https:\/\/elcontemporaneo.mx\/index.php\/wp-json\/wp\/v2\/media?parent=963"}],"wp:term":[{"taxonomy":"category","embeddable":true,"href":"https:\/\/elcontemporaneo.mx\/index.php\/wp-json\/wp\/v2\/categories?post=963"},{"taxonomy":"post_tag","embeddable":true,"href":"https:\/\/elcontemporaneo.mx\/index.php\/wp-json\/wp\/v2\/tags?post=963"},{"taxonomy":"columnista","embeddable":true,"href":"https:\/\/elcontemporaneo.mx\/index.php\/wp-json\/wp\/v2\/columnista?post=963"}],"curies":[{"name":"wp","href":"https:\/\/api.w.org\/{rel}","templated":true}]}}